{"id":25518,"date":"2025-08-12T06:45:12","date_gmt":"2025-08-12T11:45:12","guid":{"rendered":"https:\/\/www.elamazonico.com\/portal\/?p=25518"},"modified":"2025-08-12T06:59:26","modified_gmt":"2025-08-12T11:59:26","slug":"suspension-temporal-de-servicio-de-hemodialisis-en-palcodial-zamora-por-falta-de-pagos-estatales","status":"publish","type":"post","link":"https:\/\/www.elamazonico.com\/portal\/suspension-temporal-de-servicio-de-hemodialisis-en-palcodial-zamora-por-falta-de-pagos-estatales\/","title":{"rendered":"Suspensi\u00f3n temporal de servicio de hemodi\u00e1lisis en Palcodial Zamora por falta de pagos estatales"},"content":{"rendered":"<p data-start=\"206\" data-end=\"495\"><em data-start=\"206\" data-end=\"237\">Zamora, 12 de agosto de 2025.<\/em> \u2013\u00a0 M\u00e1ximo Dar\u00edo Pardo Soto, escribe en su red social y dice, \u00abla ma\u00f1ana de hoy, las autoridades de la <strong data-start=\"280\" data-end=\"312\">Dializadora Palcodial Zamora<\/strong> informaron oficialmente que, a partir del <strong data-start=\"355\" data-end=\"379\">18 de agosto de 2025<\/strong>, se suspender\u00e1 temporalmente la prestaci\u00f3n del servicio de hemodi\u00e1lisis a pacientes con enfermedad renal cr\u00f3nica.\u00bb<\/p>\n<p data-start=\"497\" data-end=\"808\">La medida obedece al <strong data-start=\"518\" data-end=\"642\">impago de los servicios por parte del Ministerio de Salud P\u00fablica y del Instituto Ecuatoriano de Seguridad Social (IESS)<\/strong>, situaci\u00f3n que ha generado profunda preocupaci\u00f3n en la comunidad, dado que este tratamiento es indispensable para la supervivencia de los pacientes que lo reciben.<\/p>\n<p data-start=\"810\" data-end=\"1138\">La suspensi\u00f3n anunciada implica un riesgo sanitario de alto impacto, pues la <strong data-start=\"887\" data-end=\"936\">hemodi\u00e1lisis es un procedimiento m\u00e9dico vital<\/strong> para las personas con insuficiencia renal cr\u00f3nica. Su interrupci\u00f3n puede provocar complicaciones severas e incluso la muerte, vulnerando derechos constitucionales como el acceso a la salud y la vida.<\/p>\n<p data-start=\"1140\" data-end=\"1446\">Ante esta grave problem\u00e1tica, la instituci\u00f3n exhorta a los <strong data-start=\"1199\" data-end=\"1265\">asamble\u00edstas, autoridades provinciales y ciudadan\u00eda en general<\/strong> a gestionar, de forma inmediata, ante las instancias nacionales correspondientes, la asignaci\u00f3n de los recursos econ\u00f3micos necesarios para garantizar la continuidad del servicio.<\/p>\n<p data-start=\"1448\" data-end=\"1679\">La situaci\u00f3n requiere <strong data-start=\"1470\" data-end=\"1505\">acciones urgentes y coordinadas<\/strong> entre el Ejecutivo, las entidades de salud y los representantes legislativos, para evitar una crisis sanitaria de mayores proporciones en la provincia de Zamora Chinchipe.<\/p>\n","protected":false},"excerpt":{"rendered":"<p>Zamora, 12 de agosto de 2025. \u2013\u00a0 M\u00e1ximo Dar\u00edo Pardo Soto, escribe en su red social y dice, \u00abla ma\u00f1ana de hoy, las autoridades de la Dializadora Palcodial Zamora informaron oficialmente que, a partir del 18 de agosto de 2025, se suspender\u00e1 temporalmente la prestaci\u00f3n del servicio de hemodi\u00e1lisis a pacientes con enfermedad renal cr\u00f3nica.\u00bb La medida obedece al impago de los servicios por parte del Ministerio de Salud P\u00fablica y del Instituto Ecuatoriano de Seguridad Social (IESS), situaci\u00f3n que ha generado profunda preocupaci\u00f3n en la comunidad, dado que este tratamiento es indispensable para la supervivencia de los pacientes que lo reciben. La suspensi\u00f3n anunciada implica un riesgo sanitario de alto impacto, pues la hemodi\u00e1lisis es un procedimiento m\u00e9dico vital para las personas con insuficiencia renal cr\u00f3nica. Su interrupci\u00f3n puede provocar complicaciones severas e incluso la muerte, vulnerando derechos constitucionales como el acceso a la salud y la vida. Ante esta grave problem\u00e1tica, la instituci\u00f3n exhorta a los asamble\u00edstas, autoridades provinciales y ciudadan\u00eda en general a gestionar, de forma inmediata, ante las instancias nacionales correspondientes, la asignaci\u00f3n de los recursos econ\u00f3micos necesarios para garantizar la continuidad del servicio. La situaci\u00f3n requiere acciones urgentes y coordinadas entre el Ejecutivo, las entidades de salud y los representantes legislativos, para evitar una crisis sanitaria de mayores proporciones en la provincia de Zamora Chinchipe.<\/p>\n","protected":false},"author":1,"featured_media":25519,"comment_status":"closed","ping_status":"closed","sticky":false,"template":"","format":"standard","meta":{"footnotes":""},"categories":[243],"tags":[],"class_list":["post-25518","post","type-post","status-publish","format-standard","has-post-thumbnail","hentry","category-noticias-zamora"],"_links":{"self":[{"href":"https:\/\/www.elamazonico.com\/portal\/wp-json\/wp\/v2\/posts\/25518","targetHints":{"allow":["GET"]}}],"collection":[{"href":"https:\/\/www.elamazonico.com\/portal\/wp-json\/wp\/v2\/posts"}],"about":[{"href":"https:\/\/www.elamazonico.com\/portal\/wp-json\/wp\/v2\/types\/post"}],"author":[{"embeddable":true,"href":"https:\/\/www.elamazonico.com\/portal\/wp-json\/wp\/v2\/users\/1"}],"replies":[{"embeddable":true,"href":"https:\/\/www.elamazonico.com\/portal\/wp-json\/wp\/v2\/comments?post=25518"}],"version-history":[{"count":4,"href":"https:\/\/www.elamazonico.com\/portal\/wp-json\/wp\/v2\/posts\/25518\/revisions"}],"predecessor-version":[{"id":25524,"href":"https:\/\/www.elamazonico.com\/portal\/wp-json\/wp\/v2\/posts\/25518\/revisions\/25524"}],"wp:featuredmedia":[{"embeddable":true,"href":"https:\/\/www.elamazonico.com\/portal\/wp-json\/wp\/v2\/media\/25519"}],"wp:attachment":[{"href":"https:\/\/www.elamazonico.com\/portal\/wp-json\/wp\/v2\/media?parent=25518"}],"wp:term":[{"taxonomy":"category","embeddable":true,"href":"https:\/\/www.elamazonico.com\/portal\/wp-json\/wp\/v2\/categories?post=25518"},{"taxonomy":"post_tag","embeddable":true,"href":"https:\/\/www.elamazonico.com\/portal\/wp-json\/wp\/v2\/tags?post=25518"}],"curies":[{"name":"wp","href":"https:\/\/api.w.org\/{rel}","templated":true}]}}