{"id":25515,"date":"2025-08-12T06:16:25","date_gmt":"2025-08-12T11:16:25","guid":{"rendered":"https:\/\/www.elamazonico.com\/portal\/?p=25515"},"modified":"2025-08-12T06:16:25","modified_gmt":"2025-08-12T11:16:25","slug":"yacuambi-brilla-en-festival-nacional-de-danza-en-gualaquiza","status":"publish","type":"post","link":"https:\/\/www.elamazonico.com\/portal\/yacuambi-brilla-en-festival-nacional-de-danza-en-gualaquiza\/","title":{"rendered":"Yacuambi brilla en festival nacional de danza en Gualaquiza"},"content":{"rendered":"<p data-start=\"169\" data-end=\"452\"><em data-start=\"169\" data-end=\"198\">Yacuambi, Zamora Chinchipe.<\/em> \u2013 El pasado 8 de agosto de 2025, en el marco de la celebraci\u00f3n por los <strong data-start=\"270\" data-end=\"312\">81 a\u00f1os de cantonizaci\u00f3n de Gualaquiza<\/strong>, se desarroll\u00f3 el <strong data-start=\"331\" data-end=\"366\">Gran Festival Nacional de Danza<\/strong>, un evento cultural que reuni\u00f3 a diez destacadas agrupaciones folkl\u00f3ricas del pa\u00eds.<\/p>\n<p data-start=\"454\" data-end=\"826\">En esta cita art\u00edstica, la agrupaci\u00f3n <strong data-start=\"492\" data-end=\"513\">Fuerza del Viento<\/strong>, representante del cant\u00f3n Yacuambi, alcanz\u00f3 un <strong data-start=\"561\" data-end=\"587\">meritorio cuarto lugar<\/strong>, luego de dos rondas de evaluaci\u00f3n ante un jurado calificador especializado. Este resultado se constituye en un reconocimiento al talento, disciplina y compromiso de sus integrantes, quienes dejaron en alto el nombre de su tierra natal.<\/p>\n<p data-start=\"828\" data-end=\"1038\">El festival, organizado por el <strong data-start=\"859\" data-end=\"920\">Gobierno Aut\u00f3nomo Descentralizado Municipal de Gualaquiza<\/strong>, form\u00f3 parte de la agenda oficial de las fiestas de emancipaci\u00f3n pol\u00edtica, que se extender\u00e1n hasta el 16 de agosto.<\/p>\n<p data-start=\"1040\" data-end=\"1533\">Fabi\u00e1n Gonz\u00e1lez, responsable de la agrupaci\u00f3n, expres\u00f3 su agradecimiento a la concejal del <strong data-start=\"1131\" data-end=\"1160\">GAD Municipal de Yacuambi<\/strong> por el apoyo brindado para la participaci\u00f3n en este certamen, resaltando que \u201ccada presentaci\u00f3n es un acto de amor por nuestra cultura y esta vez no fue la excepci\u00f3n\u201d. Gonz\u00e1lez tambi\u00e9n extendi\u00f3 su reconocimiento a cada uno de los bailarines por su entrega y dedicaci\u00f3n, factores que han permitido posicionar a Yacuambi como referente de la danza folkl\u00f3rica en la regi\u00f3n.<\/p>\n","protected":false},"excerpt":{"rendered":"<p>Yacuambi, Zamora Chinchipe. \u2013 El pasado 8 de agosto de 2025, en el marco de la celebraci\u00f3n por los 81 a\u00f1os de cantonizaci\u00f3n de Gualaquiza, se desarroll\u00f3 el Gran Festival Nacional de Danza, un evento cultural que reuni\u00f3 a diez destacadas agrupaciones folkl\u00f3ricas del pa\u00eds. En esta cita art\u00edstica, la agrupaci\u00f3n Fuerza del Viento, representante del cant\u00f3n Yacuambi, alcanz\u00f3 un meritorio cuarto lugar, luego de dos rondas de evaluaci\u00f3n ante un jurado calificador especializado. Este resultado se constituye en un reconocimiento al talento, disciplina y compromiso de sus integrantes, quienes dejaron en alto el nombre de su tierra natal. El festival, organizado por el Gobierno Aut\u00f3nomo Descentralizado Municipal de Gualaquiza, form\u00f3 parte de la agenda oficial de las fiestas de emancipaci\u00f3n pol\u00edtica, que se extender\u00e1n hasta el 16 de agosto. Fabi\u00e1n Gonz\u00e1lez, responsable de la agrupaci\u00f3n, expres\u00f3 su agradecimiento a la concejal del GAD Municipal de Yacuambi por el apoyo brindado para la participaci\u00f3n en este certamen, resaltando que \u201ccada presentaci\u00f3n es un acto de amor por nuestra cultura y esta vez no fue la excepci\u00f3n\u201d. Gonz\u00e1lez tambi\u00e9n extendi\u00f3 su reconocimiento a cada uno de los bailarines por su entrega y dedicaci\u00f3n, factores que han permitido posicionar a Yacuambi como referente de la danza folkl\u00f3rica en la regi\u00f3n.<\/p>\n","protected":false},"author":1,"featured_media":25516,"comment_status":"closed","ping_status":"closed","sticky":false,"template":"","format":"standard","meta":{"footnotes":""},"categories":[243],"tags":[],"class_list":["post-25515","post","type-post","status-publish","format-standard","has-post-thumbnail","hentry","category-noticias-zamora"],"_links":{"self":[{"href":"https:\/\/www.elamazonico.com\/portal\/wp-json\/wp\/v2\/posts\/25515","targetHints":{"allow":["GET"]}}],"collection":[{"href":"https:\/\/www.elamazonico.com\/portal\/wp-json\/wp\/v2\/posts"}],"about":[{"href":"https:\/\/www.elamazonico.com\/portal\/wp-json\/wp\/v2\/types\/post"}],"author":[{"embeddable":true,"href":"https:\/\/www.elamazonico.com\/portal\/wp-json\/wp\/v2\/users\/1"}],"replies":[{"embeddable":true,"href":"https:\/\/www.elamazonico.com\/portal\/wp-json\/wp\/v2\/comments?post=25515"}],"version-history":[{"count":1,"href":"https:\/\/www.elamazonico.com\/portal\/wp-json\/wp\/v2\/posts\/25515\/revisions"}],"predecessor-version":[{"id":25517,"href":"https:\/\/www.elamazonico.com\/portal\/wp-json\/wp\/v2\/posts\/25515\/revisions\/25517"}],"wp:featuredmedia":[{"embeddable":true,"href":"https:\/\/www.elamazonico.com\/portal\/wp-json\/wp\/v2\/media\/25516"}],"wp:attachment":[{"href":"https:\/\/www.elamazonico.com\/portal\/wp-json\/wp\/v2\/media?parent=25515"}],"wp:term":[{"taxonomy":"category","embeddable":true,"href":"https:\/\/www.elamazonico.com\/portal\/wp-json\/wp\/v2\/categories?post=25515"},{"taxonomy":"post_tag","embeddable":true,"href":"https:\/\/www.elamazonico.com\/portal\/wp-json\/wp\/v2\/tags?post=25515"}],"curies":[{"name":"wp","href":"https:\/\/api.w.org\/{rel}","templated":true}]}}