{"id":25506,"date":"2025-08-11T22:07:58","date_gmt":"2025-08-12T03:07:58","guid":{"rendered":"https:\/\/www.elamazonico.com\/portal\/?p=25506"},"modified":"2025-08-11T22:07:58","modified_gmt":"2025-08-12T03:07:58","slug":"muerte-de-miguel-uribe-turbay-lideres-politicos-condenan-el-magnicidio-del-presidenciable-colombiano","status":"publish","type":"post","link":"https:\/\/www.elamazonico.com\/portal\/muerte-de-miguel-uribe-turbay-lideres-politicos-condenan-el-magnicidio-del-presidenciable-colombiano\/","title":{"rendered":"Muerte de Miguel Uribe Turbay: L\u00edderes pol\u00edticos condenan el magnicidio del presidenciable colombiano"},"content":{"rendered":"<div class=\"paragraph texto\">\n<p class=\"p_0\"><b>El senador y aspirante presidencial colombiano\u00a0<a href=\"https:\/\/www.vistazo.com\/cronologia\/-\/meta\/miguel-uribe-turbay\">Miguel Uribe Turbay<\/a>, herido gravemente en la cabeza en un atentado el pasado 7 de junio en Bogot\u00e1, muri\u00f3 este lunes, inform\u00f3 su esposa, Mar\u00eda Claudia Tarazona.<\/b><\/p>\n<p class=\"p_2\">\u00abPido a Dios me muestre el camino para aprender a vivir sin ti\u00bb, escribi\u00f3 Tarazona en sus redes sociales en donde agreg\u00f3:\u00a0<b>\u00abDescansa en paz amor de mi vida, yo cuidar\u00e9 a nuestros hijos\u00bb<\/b>, junto con una foto de ambos.<\/p>\n<p class=\"p_3\">Uribe Turbay, de 39 a\u00f1os y senador del partido de derecha Centro Democr\u00e1tico,\u00a0<b>estaba ingresado desde el d\u00eda del atentado en la cl\u00ednica Fundaci\u00f3n Santa Fe de Bogot\u00e1<\/b>\u00a0donde fue sometido a varias intervenciones quir\u00fargicas y aunque lleg\u00f3 a tener alguna mejor\u00eda,\u00a0<b>nunca super\u00f3 el estado cr\u00edtico.<\/b><\/p>\n<div class=\"Center2Display\">\n<div id=\"Center2\"><\/div>\n<\/div>\n<\/div>\n<div class=\"multimediaMacroWrapper img lateral\">\n<figure class=\"contentMedia art-img\">\n<div><img fetchpriority=\"high\" decoding=\"async\" class=\" lazyloaded\" title=\"Mar\u00eda Claudia Tarazona (C), esposa del candidato presidencial colombiano Miguel Uribe, habla con los medios de comunicaci\u00f3n afuera de la cl\u00ednica Fundaci\u00f3n Santa Fe, el 8 de junio de 2025.\" src=\"https:\/\/www.vistazo.com\/placeholder\/svg\/viewbox\/768x512\" sizes=\"100vw\" srcset=\"\/\/www.vistazo.com\/binrepository\/768x512\/0c0\/0d0\/none\/12727\/SXXB\/afp-20250608-49m84nr-v2-highres_2352413_20250811085027.jpg 768w,\/\/www.vistazo.com\/binrepository\/640x427\/0c0\/0d0\/none\/12727\/SXXO\/afp-20250608-49m84nr-v2-highres_2352413_20250811085027.jpg 640w,\/\/www.vistazo.com\/binrepository\/512x341\/0c0\/0d0\/none\/12727\/SXXR\/afp-20250608-49m84nr-v2-highres_2352413_20250811085027.jpg 512w,\/\/www.vistazo.com\/binrepository\/384x256\/0c0\/0d0\/none\/12727\/SXXC\/afp-20250608-49m84nr-v2-highres_2352413_20250811085027.jpg 384w,\/\/www.vistazo.com\/binrepository\/300x200\/0c0\/0d0\/none\/12727\/SXXQ\/afp-20250608-49m84nr-v2-highres_2352413_20250811085027.jpg 300w\" alt=\"$!Mar\u00eda Claudia Tarazona (C), esposa del candidato presidencial colombiano Miguel Uribe, habla con los medios de comunicaci\u00f3n afuera de la cl\u00ednica Fundaci\u00f3n Santa Fe, el 8 de junio de 2025.\" width=\"768\" height=\"512\" data-srcset=\"\/\/www.vistazo.com\/binrepository\/768x512\/0c0\/0d0\/none\/12727\/SXXB\/afp-20250608-49m84nr-v2-highres_2352413_20250811085027.jpg 768w,\/\/www.vistazo.com\/binrepository\/640x427\/0c0\/0d0\/none\/12727\/SXXO\/afp-20250608-49m84nr-v2-highres_2352413_20250811085027.jpg 640w,\/\/www.vistazo.com\/binrepository\/512x341\/0c0\/0d0\/none\/12727\/SXXR\/afp-20250608-49m84nr-v2-highres_2352413_20250811085027.jpg 512w,\/\/www.vistazo.com\/binrepository\/384x256\/0c0\/0d0\/none\/12727\/SXXC\/afp-20250608-49m84nr-v2-highres_2352413_20250811085027.jpg 384w,\/\/www.vistazo.com\/binrepository\/300x200\/0c0\/0d0\/none\/12727\/SXXQ\/afp-20250608-49m84nr-v2-highres_2352413_20250811085027.jpg 300w\" \/><\/div>\n<div class=\"cutline-byline\"><span class=\"cutline-text\">Mar\u00eda Claudia Tarazona (C), esposa del candidato presidencial colombiano Miguel Uribe, habla con los medios de comunicaci\u00f3n afuera de la cl\u00ednica Fundaci\u00f3n Santa Fe, el 8 de junio de 2025.<\/span>\u00a0<span class=\"byline-image\">(ALEJANDRO MARTINEZ \/ AFP)<\/span><\/div>\n<\/figure>\n<\/div>\n<div class=\"paragraph texto\">\n<p class=\"p_4\">El pasado s\u00e1bado, la Santa Fe inform\u00f3 que el pol\u00edtico hab\u00eda sufrido una\u00a0<b>hemorragia en el sistema nervioso\u00a0<\/b>que agrav\u00f3 su estado de salud.<\/p>\n<p class=\"p_5\">\u00abEn las \u00faltimas 48 horas su estado cl\u00ednico revirti\u00f3 a una condici\u00f3n cr\u00edtica, debido a un<b>\u00a0episodio de hemorragia en el sistema nervioso central.<\/b>\u00a0Esta condici\u00f3n requiri\u00f3 nuevos procedimientos neuroquir\u00fargicos de urgencia que han logrado estabilizarlo\u00bb, dijo la Fundaci\u00f3n en un parte m\u00e9dico hace dos d\u00edas.<\/p>\n<\/div>\n<div class=\"html_text\"><iframe id=\"instagram-embed-0\" class=\"instagram-media instagram-media-rendered\" src=\"https:\/\/www.instagram.com\/reel\/DNOR8SRxASE\/embed\/?cr=1&amp;v=14&amp;wp=675&amp;rd=https%3A%2F%2Fwww.vistazo.com&amp;rp=%2Fpolitica%2Finternacional%2F2025-08-11-miguel-uribe-turbay-muerte-lideres-politicos-gobiernos-condenan-atentado-IN9917587#%7B%22ci%22%3A0%2C%22os%22%3A492.7999997138977%2C%22ls%22%3A217.40000009536743%2C%22le%22%3A486.69999980926514%7D\" height=\"881\" frameborder=\"0\" scrolling=\"no\" allowfullscreen=\"allowfullscreen\" data-instgrm-payload-id=\"instagram-media-payload-0\" data-mce-fragment=\"1\"><\/iframe><\/div>\n<div class=\"paragraph texto\">\n<p class=\"p_6\"><b>Uribe Turbay recibi\u00f3 dos disparos en la cabeza<\/b>\u00a0y uno en la pierna izquierda cuando encabezaba un mitin pol\u00edtico en un parque del barrio bogotano de Modelia como parte de su actividad pol\u00edtica de cara a las\u00a0<b>elecciones presidenciales de 2026\u00a0<\/b>en las que aspiraba a obtener la nominaci\u00f3n del Centro Democr\u00e1tico.<\/p>\n<\/div>\n<div class=\"html_text\"><iframe id=\"instagram-embed-1\" class=\"instagram-media instagram-media-rendered\" src=\"https:\/\/www.instagram.com\/p\/DNON284RC-m\/embed\/?cr=1&amp;v=14&amp;wp=675&amp;rd=https%3A%2F%2Fwww.vistazo.com&amp;rp=%2Fpolitica%2Finternacional%2F2025-08-11-miguel-uribe-turbay-muerte-lideres-politicos-gobiernos-condenan-atentado-IN9917587#%7B%22ci%22%3A1%2C%22os%22%3A495.2999997138977%2C%22ls%22%3A217.40000009536743%2C%22le%22%3A486.69999980926514%7D\" height=\"881\" frameborder=\"0\" scrolling=\"no\" allowfullscreen=\"allowfullscreen\" data-instgrm-payload-id=\"instagram-media-payload-1\" data-mce-fragment=\"1\"><\/iframe><\/div>\n<h2 class=\"h2vistazo\">Reacciones de l\u00edderes pol\u00edticos y gobiernos<\/h2>\n<div class=\"paragraph texto\">\n<p class=\"p_7\">El expresidente colombiano<b>\u00a0\u00c1lvaro Uribe<\/b>, fundador y l\u00edder del partido de derecha Centro Democr\u00e1tico, al que pertenec\u00eda el pol\u00edtico asesinado, afirm\u00f3 tras el anuncio que, con la muerte de Miguel Uribe Turbay\u00a0<b>\u00abmataron la esperanza\u00bb<\/b>.<\/p>\n<\/div>\n<div class=\"Citavistazo\">\u00abEl mal todo lo destruye, mataron la esperanza. Que la lucha de Miguel sea luz que ilumine el camino correcto de Colombia\u00bb, dijo el expresidente, quien no tiene parentesco con el senador.<\/div>\n<div class=\"paragraph texto\">\n<p class=\"p_8\">El secretario de Estado de Estados Unidos,<b>\u00a0Marco Rubio<\/b>, se mostr\u00f3\u00a0<b>\u00abentristecido\u00bb\u00a0<\/b>por la muerte del senador colombiano.<\/p>\n<\/div>\n<div class=\"Citavistazo\">\u00abMuy entristecido al conocer la tr\u00e1gica muerte del senador colombiano Miguel Uribe Turbay. Los Estados Unidos acompa\u00f1an en solidaridad a su familia, al pueblo colombiano, y demandan junto con ellos justicia para los responsables\u00bb, transmiti\u00f3 Rubio a trav\u00e9s de X.<\/div>\n<div class=\"paragraph texto\">\n<p class=\"p_9\">El opositor venezolano<b>\u00a0Edmundo Gonz\u00e1lez Urrutia<\/b>, afincado en Espa\u00f1a, tambi\u00e9n expres\u00f3 su pesar y asegur\u00f3 que la democracia \u00abnecesita de quienes la sostienen, y protegerlos es una responsabilidad de todos\u00bb.<\/p>\n<\/div>\n<div class=\"Citavistazo\">\u00abEs duro aceptar que la violencia pol\u00edtica acabe con la vida de alguien que solo quer\u00eda trabajar por una Colombia mejor. Tambi\u00e9n es duro reconocer que la lucha por las libertades y los derechos siga costando vidas en nuestros pa\u00edses\u00bb, apunt\u00f3 Gonz\u00e1lez.<\/div>\n<div class=\"paragraph texto\">\n<p class=\"p_10\">El<b>\u00a0Gobierno de Panam\u00e1\u00a0<\/b>traslad\u00f3 este lunes sus condolencias y se sum\u00f3 \u00abal clamor por la paz, la unidad y la justicia\u00bb en Colombia y en el resto de la regi\u00f3n.<\/p>\n<p class=\"p_11\">\u00abEl Gobierno de la Rep\u00fablica de Panam\u00e1 expresa sus m\u00e1s sentidas condolencias al Gobierno de la Rep\u00fablica de Colombia, a la familia del se\u00f1or Miguel Uribe Turbay y al noble pueblo colombiano por su lamentable fallecimiento\u00bb, anunci\u00f3 el Ministerio de Relaciones Exteriores en un comunicado.<\/p>\n<\/div>\n<div class=\"paragraph texto\">\n<p class=\"p_12\">El ministro italiano de Asuntos Exteriores,<b>\u00a0Antonio Tajani<\/b>, expres\u00f3 de igual manera este lunes su p\u00e9same en nombre de Italia por el fallecimiento.<\/p>\n<\/div>\n<div class=\"Citavistazo\">\u00abEn estas tr\u00e1gicas horas, Italia se une al pueblo colombiano, a los familiares y amigos de Miguel Uribe Turbay, condenando este atroz acto de violencia y expresando su m\u00e1s sentido p\u00e9same a toda la naci\u00f3n\u00bb, escribi\u00f3 Tajani en su cuenta de la red social X.<\/div>\n<div class=\"paragraph texto\">\n<p class=\"p_13\">En sinton\u00eda con su m\u00e1ximo representante y las naciones referidas, el partido colombiano\u00a0<b>Centro Democr\u00e1tico\u00a0<\/b>asegur\u00f3 que<b>\u00a0el pa\u00eds est\u00e1 \u00abde luto\u00bb<\/b> por la p\u00e9rdida de \u00abun hombre cuyo legado de servicio y amor por Colombia nos inspira a todos\u00bb. Fuente: Vistazo<\/p>\n<\/div>\n","protected":false},"excerpt":{"rendered":"<p>El senador y aspirante presidencial colombiano\u00a0Miguel Uribe Turbay, herido gravemente en la cabeza en un atentado el pasado 7 de junio en Bogot\u00e1, muri\u00f3 este lunes, inform\u00f3 su esposa, Mar\u00eda Claudia Tarazona. \u00abPido a Dios me muestre el camino para aprender a vivir sin ti\u00bb, escribi\u00f3 Tarazona en sus redes sociales en donde agreg\u00f3:\u00a0\u00abDescansa en paz amor de mi vida, yo cuidar\u00e9 a nuestros hijos\u00bb, junto con una foto de ambos. Uribe Turbay, de 39 a\u00f1os y senador del partido de derecha Centro Democr\u00e1tico,\u00a0estaba ingresado desde el d\u00eda del atentado en la cl\u00ednica Fundaci\u00f3n Santa Fe de Bogot\u00e1\u00a0donde fue sometido a varias intervenciones quir\u00fargicas y aunque lleg\u00f3 a tener alguna mejor\u00eda,\u00a0nunca super\u00f3 el estado cr\u00edtico. Mar\u00eda Claudia Tarazona (C), esposa del candidato presidencial colombiano Miguel Uribe, habla con los medios de comunicaci\u00f3n afuera de la cl\u00ednica Fundaci\u00f3n Santa Fe, el 8 de junio de 2025.\u00a0(ALEJANDRO MARTINEZ \/ AFP) El pasado s\u00e1bado, la Santa Fe inform\u00f3 que el pol\u00edtico hab\u00eda sufrido una\u00a0hemorragia en el sistema nervioso\u00a0que agrav\u00f3 su estado de salud. \u00abEn las \u00faltimas 48 horas su estado cl\u00ednico revirti\u00f3 a una condici\u00f3n cr\u00edtica, debido a un\u00a0episodio de hemorragia en el sistema nervioso central.\u00a0Esta condici\u00f3n requiri\u00f3 nuevos procedimientos neuroquir\u00fargicos de urgencia que han logrado estabilizarlo\u00bb, dijo la Fundaci\u00f3n en un parte m\u00e9dico hace dos d\u00edas. Uribe Turbay recibi\u00f3 dos disparos en la cabeza\u00a0y uno en la pierna izquierda cuando encabezaba un mitin pol\u00edtico en un parque del barrio bogotano de Modelia como parte de su actividad pol\u00edtica de cara a las\u00a0elecciones presidenciales de 2026\u00a0en las que aspiraba a obtener la nominaci\u00f3n del Centro Democr\u00e1tico. Reacciones de l\u00edderes pol\u00edticos y gobiernos El expresidente colombiano\u00a0\u00c1lvaro Uribe, fundador y l\u00edder del partido de derecha Centro Democr\u00e1tico, al que pertenec\u00eda el pol\u00edtico asesinado, afirm\u00f3 tras el anuncio que, con la muerte de Miguel Uribe Turbay\u00a0\u00abmataron la esperanza\u00bb. \u00abEl mal todo lo destruye, mataron la esperanza. Que la lucha de Miguel sea luz que ilumine el camino correcto de Colombia\u00bb, dijo el expresidente, quien no tiene parentesco con el senador. El secretario de Estado de Estados Unidos,\u00a0Marco Rubio, se mostr\u00f3\u00a0\u00abentristecido\u00bb\u00a0por la muerte del senador colombiano. \u00abMuy entristecido al conocer la tr\u00e1gica muerte del senador colombiano Miguel Uribe Turbay. Los Estados Unidos acompa\u00f1an en solidaridad a su familia, al pueblo colombiano, y demandan junto con ellos justicia para los responsables\u00bb, transmiti\u00f3 Rubio a trav\u00e9s de X. El opositor venezolano\u00a0Edmundo Gonz\u00e1lez Urrutia, afincado en Espa\u00f1a, tambi\u00e9n expres\u00f3 su pesar y asegur\u00f3 que la democracia \u00abnecesita de quienes la sostienen, y protegerlos es una responsabilidad de todos\u00bb. \u00abEs duro aceptar que la violencia pol\u00edtica acabe con la vida de alguien que solo quer\u00eda trabajar por una Colombia mejor. Tambi\u00e9n es duro reconocer que la lucha por las libertades y los derechos siga costando vidas en nuestros pa\u00edses\u00bb, apunt\u00f3 Gonz\u00e1lez. El\u00a0Gobierno de Panam\u00e1\u00a0traslad\u00f3 este lunes sus condolencias y se sum\u00f3 \u00abal clamor por la paz, la unidad y la justicia\u00bb en Colombia y en el resto de la regi\u00f3n. \u00abEl Gobierno de la Rep\u00fablica de Panam\u00e1 expresa sus m\u00e1s sentidas condolencias al Gobierno de la Rep\u00fablica de Colombia, a la familia del se\u00f1or Miguel Uribe Turbay y al noble pueblo colombiano por su lamentable fallecimiento\u00bb, anunci\u00f3 el Ministerio de Relaciones Exteriores en un comunicado. El ministro italiano de Asuntos Exteriores,\u00a0Antonio Tajani, expres\u00f3 de igual manera este lunes su p\u00e9same en nombre de Italia por el fallecimiento. \u00abEn estas tr\u00e1gicas horas, Italia se une al pueblo colombiano, a los familiares y amigos de Miguel Uribe Turbay, condenando este atroz acto de violencia y expresando su m\u00e1s sentido p\u00e9same a toda la naci\u00f3n\u00bb, escribi\u00f3 Tajani en su cuenta de la red social X. En sinton\u00eda con su m\u00e1ximo representante y las naciones referidas, el partido colombiano\u00a0Centro Democr\u00e1tico\u00a0asegur\u00f3 que\u00a0el pa\u00eds est\u00e1 \u00abde luto\u00bb por la p\u00e9rdida de \u00abun hombre cuyo legado de servicio y amor por Colombia nos inspira a todos\u00bb. Fuente: Vistazo<\/p>\n","protected":false},"author":1,"featured_media":25507,"comment_status":"closed","ping_status":"closed","sticky":false,"template":"","format":"standard","meta":{"footnotes":""},"categories":[5,268],"tags":[],"class_list":["post-25506","post","type-post","status-publish","format-standard","has-post-thumbnail","hentry","category-internacionales","category-nacionales"],"_links":{"self":[{"href":"https:\/\/www.elamazonico.com\/portal\/wp-json\/wp\/v2\/posts\/25506","targetHints":{"allow":["GET"]}}],"collection":[{"href":"https:\/\/www.elamazonico.com\/portal\/wp-json\/wp\/v2\/posts"}],"about":[{"href":"https:\/\/www.elamazonico.com\/portal\/wp-json\/wp\/v2\/types\/post"}],"author":[{"embeddable":true,"href":"https:\/\/www.elamazonico.com\/portal\/wp-json\/wp\/v2\/users\/1"}],"replies":[{"embeddable":true,"href":"https:\/\/www.elamazonico.com\/portal\/wp-json\/wp\/v2\/comments?post=25506"}],"version-history":[{"count":1,"href":"https:\/\/www.elamazonico.com\/portal\/wp-json\/wp\/v2\/posts\/25506\/revisions"}],"predecessor-version":[{"id":25508,"href":"https:\/\/www.elamazonico.com\/portal\/wp-json\/wp\/v2\/posts\/25506\/revisions\/25508"}],"wp:featuredmedia":[{"embeddable":true,"href":"https:\/\/www.elamazonico.com\/portal\/wp-json\/wp\/v2\/media\/25507"}],"wp:attachment":[{"href":"https:\/\/www.elamazonico.com\/portal\/wp-json\/wp\/v2\/media?parent=25506"}],"wp:term":[{"taxonomy":"category","embeddable":true,"href":"https:\/\/www.elamazonico.com\/portal\/wp-json\/wp\/v2\/categories?post=25506"},{"taxonomy":"post_tag","embeddable":true,"href":"https:\/\/www.elamazonico.com\/portal\/wp-json\/wp\/v2\/tags?post=25506"}],"curies":[{"name":"wp","href":"https:\/\/api.w.org\/{rel}","templated":true}]}}