{"id":25502,"date":"2025-08-11T22:03:37","date_gmt":"2025-08-12T03:03:37","guid":{"rendered":"https:\/\/www.elamazonico.com\/portal\/?p=25502"},"modified":"2025-08-11T22:03:37","modified_gmt":"2025-08-12T03:03:37","slug":"colegio-de-medicos-del-guayas-pide-declarar-en-emergencia-el-sector-de-salud-tras-muerte-de-12-neonatos","status":"publish","type":"post","link":"https:\/\/www.elamazonico.com\/portal\/colegio-de-medicos-del-guayas-pide-declarar-en-emergencia-el-sector-de-salud-tras-muerte-de-12-neonatos\/","title":{"rendered":"Colegio de M\u00e9dicos del Guayas pide declarar en emergencia el sector de salud tras muerte de 12 neonatos"},"content":{"rendered":"<div class=\"paragraph texto\">\n<p class=\"p_0\"><b>En el marco de la apertura de una investigaci\u00f3n por parte de la Fiscal\u00eda General del Estado con respecto al\u00a0<a href=\"https:\/\/www.vistazo.com\/actualidad\/nacional\/2025-08-10-fiscalia-abre-investigacion-muerte-recien-nacidos-hospital-universitario-guayaquil-HM9916559\">fallecimiento de doce reci\u00e9n nacidos<\/a>\u00a0en el Hospital Universitario de la ciudad de Guayaquil, el Colegio de M\u00e9dicos del Guayas calific\u00f3 como \u201cca\u00f3ticas\u201d las condiciones bajo las que operan los centros m\u00e9dicos en la urbe y pidi\u00f3 declarar en emergencia el sector de salud.<\/b><\/p>\n<p class=\"p_2\">El m\u00e9dico epidemi\u00f3logo\u00a0<b>H\u00e9ctor Rosero Tomal\u00e1<\/b>, presidente del organismo, advirti\u00f3 que la situaci\u00f3n en\u00a0<b>cinco hospitales de Guayaquil y Dur\u00e1n\u00a0<\/b>se ha vuelto\u00a0<b>\u201cintolerable\u201d<\/b>\u00a0debido al desabastecimiento de medicinas, problemas de seguridad e interrupciones en los servicios de limpieza.<\/p>\n<p class=\"p_3\">Rosero se\u00f1al\u00f3 que los centros de salud que acumulan la mayor cantidad de problemas son el\u00a0<b>Hospital Universitario<\/b>, ubicado al noroeste de Guayaquil, el\u00a0<b>Hospital de Monte Sina\u00ed<\/b>, en el sur de esa ciudad, y el\u00a0<b>Hospital Dr. Enrique Ortega Moreira<\/b>, en Dur\u00e1n.<\/p>\n<div class=\"Center2Display\">\n<div id=\"Center2\"><\/div>\n<\/div>\n<p class=\"p_4\">Si bien no comparti\u00f3 cifras oficiales actualizadas que reflejen el problema de abastecimiento de medicinas del que hacia hincapi\u00e9, se\u00f1al\u00f3 que\u00a0<b>reportes de m\u00e9dicos\u00a0<\/b>daban cuenta de que en reiterados casos no hay<b>\u00a0anest\u00e9sicos, analg\u00e9sicos y antiinflamatorios disponibles.<\/b><\/p>\n<p class=\"p_5\">\u201cEsa situaci\u00f3n debe cambiar.\u00a0<b>Las nuevas autoridades deben intervenir en esto.\u00a0<\/b>Muchos m\u00e9dicos trabajan en indefensi\u00f3n y sin medicina para atender a los pacientes\u201d, declar\u00f3 en un pronunciamiento p\u00fablico.<\/p>\n<p class=\"p_6\">\u201cHay un mal proceder de gerentes y maltrato al personal de salud por parte de gerentes que creen que est\u00e1n en una hacienda.\u00a0<b>Hay autoridades que est\u00e1n abusando<\/b>, no manejan estos temas con el debido respeto y piden dinero al personal para mantener limpias las \u00e1reas de trabajo\u201d, agreg\u00f3.<\/p>\n<p class=\"p_7\">Con base en los problemas registrados, el Colegio de M\u00e9dico de Guayas pidi\u00f3 al Gobierno que\u00a0<b>declare en emergencia el sector de salud<\/b>, lo cual permitir\u00eda la compra inmediata de medicamentos e insumos.<\/p>\n<\/div>\n<h2 class=\"h2vistazo\">Investigaci\u00f3n por muerte de neonatos<\/h2>\n<div class=\"paragraph texto\">\n<p class=\"p_8\">El Hospital Universitario de Guayaquil, uno de los referidos por Rosero, fue donde\u00a0<b>fallecieron doce beb\u00e9s reci\u00e9n nacidos<\/b>\u00a0este s\u00e1bado<b>\u00a0\u201cpor causas multifactoriales\u201d<\/b>, seg\u00fan inform\u00f3 el centro m\u00e9dico, en un caso que gener\u00f3\u00a0<b>conmoci\u00f3n a escala nacional.<\/b><\/p>\n<p class=\"p_9\">Por ello,\u00a0<b>el gobernador del Guayas, Humberto Plaza, inspeccion\u00f3 este domingo las instalaciones<\/b>\u00a0junto a personal del Ministerio de Salud P\u00fablica y asegur\u00f3 que las instalaciones se encontraban<b>\u00a0\u201cimpecables\u201d<\/b>. \u201cTodo limpio y equipos nuevos que funcionan bien\u201d, dijo.<\/p>\n<p class=\"p_10\">Plaza rechaz\u00f3 las declaraciones del alcalde de Guayaquil, Aquiles Alvarez, quien afirm\u00f3 que los fallecimientos fueron causados por la\u00a0<b>falta de insumos m\u00e9dicos<\/b>, espec\u00edficamente, de\u00a0<b>c\u00e1nulas nasales.<\/b><\/p>\n<p class=\"p_12\">\u201c<b>Lo afirmado por este irresponsable sujeto es totalmente falso.<\/b>\u00a0Jugar con el dolor ajeno, por otro lado, es una bajeza inexcusable\u201d, public\u00f3 el gobernador, quien comparti\u00f3 fotograf\u00edas en las que observa a enfermeras trabajar en una unidad de cuidados para neonatos.<\/p>\n<p class=\"p_13\">Las declaraciones de Rosero, Plaza y Alvarez fue emitidas en el marco de la investigaci\u00f3n de la Fiscal\u00eda, la cual adelant\u00f3 en X este domingo que iba a recoger<b>\u00a0versiones de madres, testigos y \u00abotras personas que podr\u00edan conocer lo sucedido\u00bb.<\/b><\/p>\n<p class=\"p_14\">En l\u00ednea con las declaraciones del gobernador, el Ministerio de Salud\u00a0<b>neg\u00f3 este domingo que la muerte de los reci\u00e9n nacidos se debiera a una contaminaci\u00f3n en la unidad de cuidados intensivos del hospital<\/b>, supuestamente provocada por la reutilizaci\u00f3n de insumos m\u00e9dicos. No obstante, orden\u00f3 el despido del gerente del centro. <strong>Fuente: Vistazo<\/strong><\/p>\n<\/div>\n","protected":false},"excerpt":{"rendered":"<p>En el marco de la apertura de una investigaci\u00f3n por parte de la Fiscal\u00eda General del Estado con respecto al\u00a0fallecimiento de doce reci\u00e9n nacidos\u00a0en el Hospital Universitario de la ciudad de Guayaquil, el Colegio de M\u00e9dicos del Guayas calific\u00f3 como \u201cca\u00f3ticas\u201d las condiciones bajo las que operan los centros m\u00e9dicos en la urbe y pidi\u00f3 declarar en emergencia el sector de salud. El m\u00e9dico epidemi\u00f3logo\u00a0H\u00e9ctor Rosero Tomal\u00e1, presidente del organismo, advirti\u00f3 que la situaci\u00f3n en\u00a0cinco hospitales de Guayaquil y Dur\u00e1n\u00a0se ha vuelto\u00a0\u201cintolerable\u201d\u00a0debido al desabastecimiento de medicinas, problemas de seguridad e interrupciones en los servicios de limpieza. Rosero se\u00f1al\u00f3 que los centros de salud que acumulan la mayor cantidad de problemas son el\u00a0Hospital Universitario, ubicado al noroeste de Guayaquil, el\u00a0Hospital de Monte Sina\u00ed, en el sur de esa ciudad, y el\u00a0Hospital Dr. Enrique Ortega Moreira, en Dur\u00e1n. Si bien no comparti\u00f3 cifras oficiales actualizadas que reflejen el problema de abastecimiento de medicinas del que hacia hincapi\u00e9, se\u00f1al\u00f3 que\u00a0reportes de m\u00e9dicos\u00a0daban cuenta de que en reiterados casos no hay\u00a0anest\u00e9sicos, analg\u00e9sicos y antiinflamatorios disponibles. \u201cEsa situaci\u00f3n debe cambiar.\u00a0Las nuevas autoridades deben intervenir en esto.\u00a0Muchos m\u00e9dicos trabajan en indefensi\u00f3n y sin medicina para atender a los pacientes\u201d, declar\u00f3 en un pronunciamiento p\u00fablico. \u201cHay un mal proceder de gerentes y maltrato al personal de salud por parte de gerentes que creen que est\u00e1n en una hacienda.\u00a0Hay autoridades que est\u00e1n abusando, no manejan estos temas con el debido respeto y piden dinero al personal para mantener limpias las \u00e1reas de trabajo\u201d, agreg\u00f3. Con base en los problemas registrados, el Colegio de M\u00e9dico de Guayas pidi\u00f3 al Gobierno que\u00a0declare en emergencia el sector de salud, lo cual permitir\u00eda la compra inmediata de medicamentos e insumos. Investigaci\u00f3n por muerte de neonatos El Hospital Universitario de Guayaquil, uno de los referidos por Rosero, fue donde\u00a0fallecieron doce beb\u00e9s reci\u00e9n nacidos\u00a0este s\u00e1bado\u00a0\u201cpor causas multifactoriales\u201d, seg\u00fan inform\u00f3 el centro m\u00e9dico, en un caso que gener\u00f3\u00a0conmoci\u00f3n a escala nacional. Por ello,\u00a0el gobernador del Guayas, Humberto Plaza, inspeccion\u00f3 este domingo las instalaciones\u00a0junto a personal del Ministerio de Salud P\u00fablica y asegur\u00f3 que las instalaciones se encontraban\u00a0\u201cimpecables\u201d. \u201cTodo limpio y equipos nuevos que funcionan bien\u201d, dijo. Plaza rechaz\u00f3 las declaraciones del alcalde de Guayaquil, Aquiles Alvarez, quien afirm\u00f3 que los fallecimientos fueron causados por la\u00a0falta de insumos m\u00e9dicos, espec\u00edficamente, de\u00a0c\u00e1nulas nasales. \u201cLo afirmado por este irresponsable sujeto es totalmente falso.\u00a0Jugar con el dolor ajeno, por otro lado, es una bajeza inexcusable\u201d, public\u00f3 el gobernador, quien comparti\u00f3 fotograf\u00edas en las que observa a enfermeras trabajar en una unidad de cuidados para neonatos. Las declaraciones de Rosero, Plaza y Alvarez fue emitidas en el marco de la investigaci\u00f3n de la Fiscal\u00eda, la cual adelant\u00f3 en X este domingo que iba a recoger\u00a0versiones de madres, testigos y \u00abotras personas que podr\u00edan conocer lo sucedido\u00bb. En l\u00ednea con las declaraciones del gobernador, el Ministerio de Salud\u00a0neg\u00f3 este domingo que la muerte de los reci\u00e9n nacidos se debiera a una contaminaci\u00f3n en la unidad de cuidados intensivos del hospital, supuestamente provocada por la reutilizaci\u00f3n de insumos m\u00e9dicos. No obstante, orden\u00f3 el despido del gerente del centro. Fuente: Vistazo<\/p>\n","protected":false},"author":1,"featured_media":25503,"comment_status":"closed","ping_status":"closed","sticky":false,"template":"","format":"standard","meta":{"footnotes":""},"categories":[268],"tags":[],"class_list":["post-25502","post","type-post","status-publish","format-standard","has-post-thumbnail","hentry","category-nacionales"],"_links":{"self":[{"href":"https:\/\/www.elamazonico.com\/portal\/wp-json\/wp\/v2\/posts\/25502","targetHints":{"allow":["GET"]}}],"collection":[{"href":"https:\/\/www.elamazonico.com\/portal\/wp-json\/wp\/v2\/posts"}],"about":[{"href":"https:\/\/www.elamazonico.com\/portal\/wp-json\/wp\/v2\/types\/post"}],"author":[{"embeddable":true,"href":"https:\/\/www.elamazonico.com\/portal\/wp-json\/wp\/v2\/users\/1"}],"replies":[{"embeddable":true,"href":"https:\/\/www.elamazonico.com\/portal\/wp-json\/wp\/v2\/comments?post=25502"}],"version-history":[{"count":1,"href":"https:\/\/www.elamazonico.com\/portal\/wp-json\/wp\/v2\/posts\/25502\/revisions"}],"predecessor-version":[{"id":25504,"href":"https:\/\/www.elamazonico.com\/portal\/wp-json\/wp\/v2\/posts\/25502\/revisions\/25504"}],"wp:featuredmedia":[{"embeddable":true,"href":"https:\/\/www.elamazonico.com\/portal\/wp-json\/wp\/v2\/media\/25503"}],"wp:attachment":[{"href":"https:\/\/www.elamazonico.com\/portal\/wp-json\/wp\/v2\/media?parent=25502"}],"wp:term":[{"taxonomy":"category","embeddable":true,"href":"https:\/\/www.elamazonico.com\/portal\/wp-json\/wp\/v2\/categories?post=25502"},{"taxonomy":"post_tag","embeddable":true,"href":"https:\/\/www.elamazonico.com\/portal\/wp-json\/wp\/v2\/tags?post=25502"}],"curies":[{"name":"wp","href":"https:\/\/api.w.org\/{rel}","templated":true}]}}