{"id":25498,"date":"2025-08-11T21:45:06","date_gmt":"2025-08-12T02:45:06","guid":{"rendered":"https:\/\/www.elamazonico.com\/portal\/?p=25498"},"modified":"2025-08-11T22:05:52","modified_gmt":"2025-08-12T03:05:52","slug":"alerta-roja-en-loja-y-zamora-pacientes-renales-al-borde-de-la-muerte-por-falta-de-pagos-del-estado","status":"publish","type":"post","link":"https:\/\/www.elamazonico.com\/portal\/alerta-roja-en-loja-y-zamora-pacientes-renales-al-borde-de-la-muerte-por-falta-de-pagos-del-estado\/","title":{"rendered":"Alerta roja en Loja y Zamora: pacientes renales al borde de la muerte por falta de pagos del Estado"},"content":{"rendered":"<p data-start=\"225\" data-end=\"660\"><em data-start=\"225\" data-end=\"251\">Loja \u2013 Zamora Chinchipe.<\/em> \u2013 La crisis en la prestaci\u00f3n de servicios de di\u00e1lisis en las provincias de Loja y Zamora Chinchipe ha generado una alerta social y sanitaria de gran magnitud. Diversos sectores ciudadanos, autoridades locales y actores pol\u00edticos han manifestado su preocupaci\u00f3n ante la inminente suspensi\u00f3n de este procedimiento vital, debido a la falta de pago del Estado a las casas de salud responsables de su ejecuci\u00f3n.<\/p>\n<p data-start=\"662\" data-end=\"1143\">A trav\u00e9s de su cuenta oficial en redes sociales, el ciudadano <strong data-start=\"724\" data-end=\"742\">Santiago Ochoa<\/strong> realiz\u00f3 un llamado p\u00fablico y urgente a la conciencia y acci\u00f3n de autoridades, medios de comunicaci\u00f3n, organizaciones sociales y ciudadan\u00eda en general, para exigir la inmediata asignaci\u00f3n de recursos al sistema de di\u00e1lisis en Loja. Ochoa advirti\u00f3 que, de no efectuarse los pagos pendientes, los pacientes renales de ambas provincias quedar\u00edan sin atenci\u00f3n, enfrentando un riesgo inminente de muerte.<\/p>\n<p data-start=\"1145\" data-end=\"1543\">El pronunciamiento denuncia que, mientras se han realizado desembolsos para centros en otras ciudades, Loja ha sido excluida de dichos pagos, lo que incluso ha llevado a considerar la reducci\u00f3n del tiempo de di\u00e1lisis, su ejecuci\u00f3n en horarios de madrugada en una \u00fanica instituci\u00f3n p\u00fablica o el traslado de pacientes a otras ciudades. Estas medidas, seg\u00fan Ochoa, \u201cestar\u00edan acabando con sus vidas\u201d.<\/p>\n<p data-start=\"1545\" data-end=\"1826\"><strong data-start=\"1545\" data-end=\"1593\">La di\u00e1lisis es un procedimiento m\u00e9dico vital<\/strong>, indispensable para mantener con vida a pacientes con insuficiencia renal cr\u00f3nica. Su interrupci\u00f3n representa una amenaza directa a la salud p\u00fablica y vulnera el derecho constitucional a la vida y a la atenci\u00f3n sanitaria oportuna.<\/p>\n<h3 id=\"_r_1as_\" class=\"html-h3 x14z9mp xat24cr x1lziwak xexx8yu xyri2b x18d9i69 x1c1uobl x1vvkbs x1heor9g x1qlqyl8 x1pd3egz x1a2a7pz x1gslohp x1yc453h\"><span class=\"xt0psk2\"><span class=\"xjp7ctv\"><a class=\"x1i10hfl xjbqb8w x1ejq31n x18oe1m7 x1sy0etr xstzfhl x972fbf x10w94by x1qhh985 x14e42zd x9f619 x1ypdohk xt0psk2 x3ct3a4 xdj266r x14z9mp xat24cr x1lziwak xexx8yu xyri2b x18d9i69 x1c1uobl x16tdsg8 x1hl2dhg xggy1nq x1a2a7pz xkrqix3 x1sur9pj xzsf02u x1s688f\" tabindex=\"0\" role=\"link\" href=\"https:\/\/www.facebook.com\/SANTHYAGOOCHOA?__cft__[0]=AZXY-nqsJ9PYAoWZuKkLmSYuBayqRtcd3_R7YfCxm4KbHywkF8c9C4XCoqmuQpiN4vLZ8dgISiechByJOOnFVPKioGIbG74nITcjNU4IX52hjxYNZQ6d2krCdU03hEmtF30xeJcr4FgAiTQmHpaLnYoe4fOH1SS4IVNh9JOMx4oHfvtmW_a0dwdAoASEZdUUGQA&amp;__tn__=-UC%2CP-R\"><b class=\"html-b xdj266r x14z9mp xat24cr x1lziwak xexx8yu xyri2b x18d9i69 x1c1uobl x1hl2dhg x16tdsg8 x1vvkbs x1s688f\"><span class=\"html-span xdj266r x14z9mp xat24cr x1lziwak xexx8yu xyri2b x18d9i69 x1c1uobl x1hl2dhg x16tdsg8 x1vvkbs\">Santiago Ochoa<\/span><\/b><\/a><\/span><\/span><\/h3>\n<p data-start=\"1545\" data-end=\"1826\">\n<p data-start=\"1828\" data-end=\"2229\">En respuesta a este llamado, el asamble\u00edsta por Loja, <strong data-start=\"1882\" data-end=\"1906\">Juan Andr\u00e9s Gonz\u00e1lez<\/strong>, manifest\u00f3 su respaldo a la preocupaci\u00f3n ciudadana e inform\u00f3 que desde hace casi un mes ha solicitado, en tres ocasiones, informaci\u00f3n oficial al <strong data-start=\"2052\" data-end=\"2060\">IESS<\/strong> y al <strong data-start=\"2066\" data-end=\"2097\">Ministerio de Salud P\u00fablica<\/strong> sobre el estado de los convenios, pagos pendientes y continuidad del servicio, sin obtener hasta la fecha una respuesta oportuna.<\/p>\n<p data-start=\"2231\" data-end=\"2514\">El legislador anunci\u00f3 que el martes 12 de agosto, a las 15h00, estar\u00e1 presente en las oficinas del IESS en Loja (Bernardo Valdivieso y Rocafuerte) para fiscalizar personalmente la situaci\u00f3n, invitando a pacientes, familiares y ciudadan\u00eda a unirse para exigir soluciones inmediatas.<\/p>\n<p data-start=\"2516\" data-end=\"2791\">Esta crisis exige <strong data-start=\"2534\" data-end=\"2569\">acciones urgentes y coordinadas<\/strong> por parte del Ejecutivo, ministerios competentes, asamble\u00edstas, gobiernos locales y organizaciones de la sociedad civil. La salud y la vida no pueden subordinarse a retrasos administrativos o decisiones presupuestarias.<\/p>\n<p data-start=\"2516\" data-end=\"2791\"><a class=\"x1i10hfl xjbqb8w x1ejq31n x18oe1m7 x1sy0etr xstzfhl x972fbf x10w94by x1qhh985 x14e42zd x9f619 x1ypdohk xt0psk2 x3ct3a4 xdj266r x14z9mp xat24cr x1lziwak xexx8yu xyri2b x18d9i69 x1c1uobl x16tdsg8 x1hl2dhg xggy1nq x1a2a7pz x1heor9g xkrqix3 x1sur9pj x1s688f\" tabindex=\"0\" role=\"link\" href=\"https:\/\/www.facebook.com\/soyjuanandresgonzalez?comment_id=Y29tbWVudDoyNDcyMzA2NTczMDYzOTc3NV8xODg2NTQyMTgxOTE4NTE4&amp;__cft__[0]=AZXY-nqsJ9PYAoWZuKkLmSYuBayqRtcd3_R7YfCxm4KbHywkF8c9C4XCoqmuQpiN4vLZ8dgISiechByJOOnFVPKioGIbG74nITcjNU4IX52hjxYNZQ6d2krCdU03hEmtF30xeJcr4FgAiTQmHpaLnYoe4fOH1SS4IVNh9JOMx4oHfvtmW_a0dwdAoASEZdUUGQA&amp;__tn__=R]-R\" aria-hidden=\"false\"><span class=\"x3nfvp2\"><span class=\"xdmh292 x15dsfln x140p0ai x1gufx9m x1s928wv xhkezso x1gmr53x x1cpjm7i x1fgarty x1943h6x x193iq5w xeuugli x13faqbe x1vvkbs x1lliihq xzsf02u xlh3980 xvmahel x1x9mg3 x1s688f\" dir=\"auto\">Juan Andr\u00e9s Gonz\u00e1lez<\/span><\/span><\/a><\/p>\n<p data-start=\"2516\" data-end=\"2791\"><img fetchpriority=\"high\" decoding=\"async\" class=\"alignnone size-medium wp-image-25499\" src=\"https:\/\/www.elamazonico.com\/portal\/wp-content\/uploads\/2025\/08\/530530582_1336753521792186_3486415477802771147_n-199x300.jpg\" alt=\"\" width=\"199\" height=\"300\" srcset=\"https:\/\/www.elamazonico.com\/portal\/wp-content\/uploads\/2025\/08\/530530582_1336753521792186_3486415477802771147_n-199x300.jpg 199w, https:\/\/www.elamazonico.com\/portal\/wp-content\/uploads\/2025\/08\/530530582_1336753521792186_3486415477802771147_n.jpg 636w\" sizes=\"(max-width: 199px) 100vw, 199px\" \/><\/p>\n","protected":false},"excerpt":{"rendered":"<p>Loja \u2013 Zamora Chinchipe. \u2013 La crisis en la prestaci\u00f3n de servicios de di\u00e1lisis en las provincias de Loja y Zamora Chinchipe ha generado una alerta social y sanitaria de gran magnitud. Diversos sectores ciudadanos, autoridades locales y actores pol\u00edticos han manifestado su preocupaci\u00f3n ante la inminente suspensi\u00f3n de este procedimiento vital, debido a la falta de pago del Estado a las casas de salud responsables de su ejecuci\u00f3n. A trav\u00e9s de su cuenta oficial en redes sociales, el ciudadano Santiago Ochoa realiz\u00f3 un llamado p\u00fablico y urgente a la conciencia y acci\u00f3n de autoridades, medios de comunicaci\u00f3n, organizaciones sociales y ciudadan\u00eda en general, para exigir la inmediata asignaci\u00f3n de recursos al sistema de di\u00e1lisis en Loja. Ochoa advirti\u00f3 que, de no efectuarse los pagos pendientes, los pacientes renales de ambas provincias quedar\u00edan sin atenci\u00f3n, enfrentando un riesgo inminente de muerte. El pronunciamiento denuncia que, mientras se han realizado desembolsos para centros en otras ciudades, Loja ha sido excluida de dichos pagos, lo que incluso ha llevado a considerar la reducci\u00f3n del tiempo de di\u00e1lisis, su ejecuci\u00f3n en horarios de madrugada en una \u00fanica instituci\u00f3n p\u00fablica o el traslado de pacientes a otras ciudades. Estas medidas, seg\u00fan Ochoa, \u201cestar\u00edan acabando con sus vidas\u201d. La di\u00e1lisis es un procedimiento m\u00e9dico vital, indispensable para mantener con vida a pacientes con insuficiencia renal cr\u00f3nica. Su interrupci\u00f3n representa una amenaza directa a la salud p\u00fablica y vulnera el derecho constitucional a la vida y a la atenci\u00f3n sanitaria oportuna. Santiago Ochoa En respuesta a este llamado, el asamble\u00edsta por Loja, Juan Andr\u00e9s Gonz\u00e1lez, manifest\u00f3 su respaldo a la preocupaci\u00f3n ciudadana e inform\u00f3 que desde hace casi un mes ha solicitado, en tres ocasiones, informaci\u00f3n oficial al IESS y al Ministerio de Salud P\u00fablica sobre el estado de los convenios, pagos pendientes y continuidad del servicio, sin obtener hasta la fecha una respuesta oportuna. El legislador anunci\u00f3 que el martes 12 de agosto, a las 15h00, estar\u00e1 presente en las oficinas del IESS en Loja (Bernardo Valdivieso y Rocafuerte) para fiscalizar personalmente la situaci\u00f3n, invitando a pacientes, familiares y ciudadan\u00eda a unirse para exigir soluciones inmediatas. Esta crisis exige acciones urgentes y coordinadas por parte del Ejecutivo, ministerios competentes, asamble\u00edstas, gobiernos locales y organizaciones de la sociedad civil. La salud y la vida no pueden subordinarse a retrasos administrativos o decisiones presupuestarias. Juan Andr\u00e9s Gonz\u00e1lez<\/p>\n","protected":false},"author":1,"featured_media":25500,"comment_status":"closed","ping_status":"closed","sticky":false,"template":"","format":"standard","meta":{"footnotes":""},"categories":[268,284,243],"tags":[],"class_list":["post-25498","post","type-post","status-publish","format-standard","has-post-thumbnail","hentry","category-nacionales","category-noticias-loja","category-noticias-zamora"],"_links":{"self":[{"href":"https:\/\/www.elamazonico.com\/portal\/wp-json\/wp\/v2\/posts\/25498","targetHints":{"allow":["GET"]}}],"collection":[{"href":"https:\/\/www.elamazonico.com\/portal\/wp-json\/wp\/v2\/posts"}],"about":[{"href":"https:\/\/www.elamazonico.com\/portal\/wp-json\/wp\/v2\/types\/post"}],"author":[{"embeddable":true,"href":"https:\/\/www.elamazonico.com\/portal\/wp-json\/wp\/v2\/users\/1"}],"replies":[{"embeddable":true,"href":"https:\/\/www.elamazonico.com\/portal\/wp-json\/wp\/v2\/comments?post=25498"}],"version-history":[{"count":2,"href":"https:\/\/www.elamazonico.com\/portal\/wp-json\/wp\/v2\/posts\/25498\/revisions"}],"predecessor-version":[{"id":25505,"href":"https:\/\/www.elamazonico.com\/portal\/wp-json\/wp\/v2\/posts\/25498\/revisions\/25505"}],"wp:featuredmedia":[{"embeddable":true,"href":"https:\/\/www.elamazonico.com\/portal\/wp-json\/wp\/v2\/media\/25500"}],"wp:attachment":[{"href":"https:\/\/www.elamazonico.com\/portal\/wp-json\/wp\/v2\/media?parent=25498"}],"wp:term":[{"taxonomy":"category","embeddable":true,"href":"https:\/\/www.elamazonico.com\/portal\/wp-json\/wp\/v2\/categories?post=25498"},{"taxonomy":"post_tag","embeddable":true,"href":"https:\/\/www.elamazonico.com\/portal\/wp-json\/wp\/v2\/tags?post=25498"}],"curies":[{"name":"wp","href":"https:\/\/api.w.org\/{rel}","templated":true}]}}