{"id":25495,"date":"2025-08-12T04:15:14","date_gmt":"2025-08-12T09:15:14","guid":{"rendered":"https:\/\/www.elamazonico.com\/portal\/?p=25495"},"modified":"2025-08-11T21:25:28","modified_gmt":"2025-08-12T02:25:28","slug":"gabriel-cisneros-abedrabo-reflexiono-sobre-la-importancia-de-la-cultura-en-el-ecuador-y-los-retos-actuales-de-la-institucionalidad-cultural","status":"publish","type":"post","link":"https:\/\/www.elamazonico.com\/portal\/gabriel-cisneros-abedrabo-reflexiono-sobre-la-importancia-de-la-cultura-en-el-ecuador-y-los-retos-actuales-de-la-institucionalidad-cultural\/","title":{"rendered":"Gabriel Cisneros Abedrabo reflexion\u00f3 sobre la importancia de la cultura en el Ecuador y los retos actuales de la institucionalidad cultural"},"content":{"rendered":"<p>El pasado s\u00e1bado 9 de agosto, en el D\u00eda Nacional de la Cultura, el\u00a0 Director del Centro de Estudios Hist\u00f3ricos de Z. CH. Claudio Torres llev\u00f3 a efecto un importante programa para hablar sobre la importancia de la cultura en la provincia y el pa\u00eds.<\/p>\n<p>En el marco de la conmemoraci\u00f3n del D\u00eda Nacional de la Cultura Ecuatoriana, el pasado 9 de agosto, Diario El Amaz\u00f3nico llev\u00f3 a cabo un programa especial transmitido simult\u00e1neamente por Radio L\u00e1ser Est\u00e9reo y Radio La Rumbera, con la participaci\u00f3n del escritor y exviceministro de Cultura, Gabriel Cisneros Abedrabo, quien comparti\u00f3 una profunda reflexi\u00f3n sobre la historia, el presente y los desaf\u00edos de la cultura en el pa\u00eds.<\/p>\n<p>Cisneros inici\u00f3 su intervenci\u00f3n recordando el origen de esta fecha emblem\u00e1tica, establecida en homenaje a la fundaci\u00f3n de la Casa de la Cultura Ecuatoriana Benjam\u00edn Carri\u00f3n, el 9 de agosto de 1944. Se\u00f1al\u00f3 que dicha instituci\u00f3n naci\u00f3 en un contexto de crisis nacional tras el conflicto b\u00e9lico con el Per\u00fa, como un proyecto para devolver la esperanza al pueblo ecuatoriano, bajo la convicci\u00f3n de que, si el pa\u00eds no pod\u00eda ser una potencia militar o econ\u00f3mica, deb\u00eda aspirar a ser una potencia cultural.<\/p>\n<p>El exviceministro expres\u00f3 su preocupaci\u00f3n por las recientes reformas anunciadas por el Ejecutivo que implican la fusi\u00f3n del Ministerio de Cultura con otras carteras de Estado, lo que, a su criterio, debilitar\u00eda la autonom\u00eda, el financiamiento y la capacidad de gesti\u00f3n cultural a nivel nacional. \u201cEn un modelo precario que considera la cultura, la educaci\u00f3n y el deporte como gastos y no como inversiones estrat\u00e9gicas, se corre el riesgo de invisibilizar el aporte cultural en la agenda p\u00fablica\u201d, afirm\u00f3.<\/p>\n<p>Asimismo, Cisneros analiz\u00f3 el impacto del Registro \u00danico de Artistas y Gestores Culturales (RUAC), creado inicialmente como una herramienta para democratizar el acceso a la Casa de la Cultura, pero que, en la pr\u00e1ctica, ha sido objeto de manipulaci\u00f3n y carente de filtros claros. Se\u00f1al\u00f3 que este vac\u00edo ha permitido que personas sin trayectoria real en el \u00e1mbito art\u00edstico o patrimonial puedan elegir y ser elegidas en procesos internos, afectando la representatividad y la credibilidad de la instituci\u00f3n.<\/p>\n<p>En relaci\u00f3n con la articulaci\u00f3n cultural territorial, destac\u00f3 el rol que los Gobiernos Aut\u00f3nomos Descentralizados (GAD) deben cumplir dentro del Sistema Nacional de Cultura, impulsando proyectos con verdadero impacto social y no limit\u00e1ndose a eventos festivos. \u201cEste es el momento de articular sistemas cantonales y provinciales de cultura, optimizando recursos y llevando el arte y el patrimonio a todos los rincones del pa\u00eds\u201d, subray\u00f3.<\/p>\n<p>Finalmente, Cisneros dej\u00f3 un mensaje de aliento a la ciudadan\u00eda de Zamora Chinchipe y al pa\u00eds:<br \/>\n\u201cContra la cultura nada puede el olvido. Desde la cultura levantamos la esperanza, la alegr\u00eda y los caminos para que el mundo florezca. Sigamos trabajando por el teatro, la danza, la poes\u00eda y todas las expresiones que nos hacen m\u00e1s humanos\u201d.<\/p>\n<p>Con este di\u00e1logo, Diario El Amaz\u00f3nico reafirma su compromiso con la difusi\u00f3n del pensamiento cr\u00edtico y la promoci\u00f3n de la cultura como pilar del desarrollo integral del Ecuador.<\/p>\n","protected":false},"excerpt":{"rendered":"<p>El pasado s\u00e1bado 9 de agosto, en el D\u00eda Nacional de la Cultura, el\u00a0 Director del Centro de Estudios Hist\u00f3ricos de Z. CH. Claudio Torres llev\u00f3 a efecto un importante programa para hablar sobre la importancia de la cultura en la provincia y el pa\u00eds. En el marco de la conmemoraci\u00f3n del D\u00eda Nacional de la Cultura Ecuatoriana, el pasado 9 de agosto, Diario El Amaz\u00f3nico llev\u00f3 a cabo un programa especial transmitido simult\u00e1neamente por Radio L\u00e1ser Est\u00e9reo y Radio La Rumbera, con la participaci\u00f3n del escritor y exviceministro de Cultura, Gabriel Cisneros Abedrabo, quien comparti\u00f3 una profunda reflexi\u00f3n sobre la historia, el presente y los desaf\u00edos de la cultura en el pa\u00eds. Cisneros inici\u00f3 su intervenci\u00f3n recordando el origen de esta fecha emblem\u00e1tica, establecida en homenaje a la fundaci\u00f3n de la Casa de la Cultura Ecuatoriana Benjam\u00edn Carri\u00f3n, el 9 de agosto de 1944. Se\u00f1al\u00f3 que dicha instituci\u00f3n naci\u00f3 en un contexto de crisis nacional tras el conflicto b\u00e9lico con el Per\u00fa, como un proyecto para devolver la esperanza al pueblo ecuatoriano, bajo la convicci\u00f3n de que, si el pa\u00eds no pod\u00eda ser una potencia militar o econ\u00f3mica, deb\u00eda aspirar a ser una potencia cultural. El exviceministro expres\u00f3 su preocupaci\u00f3n por las recientes reformas anunciadas por el Ejecutivo que implican la fusi\u00f3n del Ministerio de Cultura con otras carteras de Estado, lo que, a su criterio, debilitar\u00eda la autonom\u00eda, el financiamiento y la capacidad de gesti\u00f3n cultural a nivel nacional. \u201cEn un modelo precario que considera la cultura, la educaci\u00f3n y el deporte como gastos y no como inversiones estrat\u00e9gicas, se corre el riesgo de invisibilizar el aporte cultural en la agenda p\u00fablica\u201d, afirm\u00f3. Asimismo, Cisneros analiz\u00f3 el impacto del Registro \u00danico de Artistas y Gestores Culturales (RUAC), creado inicialmente como una herramienta para democratizar el acceso a la Casa de la Cultura, pero que, en la pr\u00e1ctica, ha sido objeto de manipulaci\u00f3n y carente de filtros claros. Se\u00f1al\u00f3 que este vac\u00edo ha permitido que personas sin trayectoria real en el \u00e1mbito art\u00edstico o patrimonial puedan elegir y ser elegidas en procesos internos, afectando la representatividad y la credibilidad de la instituci\u00f3n. En relaci\u00f3n con la articulaci\u00f3n cultural territorial, destac\u00f3 el rol que los Gobiernos Aut\u00f3nomos Descentralizados (GAD) deben cumplir dentro del Sistema Nacional de Cultura, impulsando proyectos con verdadero impacto social y no limit\u00e1ndose a eventos festivos. \u201cEste es el momento de articular sistemas cantonales y provinciales de cultura, optimizando recursos y llevando el arte y el patrimonio a todos los rincones del pa\u00eds\u201d, subray\u00f3. Finalmente, Cisneros dej\u00f3 un mensaje de aliento a la ciudadan\u00eda de Zamora Chinchipe y al pa\u00eds: \u201cContra la cultura nada puede el olvido. Desde la cultura levantamos la esperanza, la alegr\u00eda y los caminos para que el mundo florezca. Sigamos trabajando por el teatro, la danza, la poes\u00eda y todas las expresiones que nos hacen m\u00e1s humanos\u201d. Con este di\u00e1logo, Diario El Amaz\u00f3nico reafirma su compromiso con la difusi\u00f3n del pensamiento cr\u00edtico y la promoci\u00f3n de la cultura como pilar del desarrollo integral del Ecuador.<\/p>\n","protected":false},"author":1,"featured_media":25496,"comment_status":"closed","ping_status":"closed","sticky":false,"template":"","format":"standard","meta":{"footnotes":""},"categories":[268,243],"tags":[],"class_list":["post-25495","post","type-post","status-publish","format-standard","has-post-thumbnail","hentry","category-nacionales","category-noticias-zamora"],"_links":{"self":[{"href":"https:\/\/www.elamazonico.com\/portal\/wp-json\/wp\/v2\/posts\/25495","targetHints":{"allow":["GET"]}}],"collection":[{"href":"https:\/\/www.elamazonico.com\/portal\/wp-json\/wp\/v2\/posts"}],"about":[{"href":"https:\/\/www.elamazonico.com\/portal\/wp-json\/wp\/v2\/types\/post"}],"author":[{"embeddable":true,"href":"https:\/\/www.elamazonico.com\/portal\/wp-json\/wp\/v2\/users\/1"}],"replies":[{"embeddable":true,"href":"https:\/\/www.elamazonico.com\/portal\/wp-json\/wp\/v2\/comments?post=25495"}],"version-history":[{"count":1,"href":"https:\/\/www.elamazonico.com\/portal\/wp-json\/wp\/v2\/posts\/25495\/revisions"}],"predecessor-version":[{"id":25497,"href":"https:\/\/www.elamazonico.com\/portal\/wp-json\/wp\/v2\/posts\/25495\/revisions\/25497"}],"wp:featuredmedia":[{"embeddable":true,"href":"https:\/\/www.elamazonico.com\/portal\/wp-json\/wp\/v2\/media\/25496"}],"wp:attachment":[{"href":"https:\/\/www.elamazonico.com\/portal\/wp-json\/wp\/v2\/media?parent=25495"}],"wp:term":[{"taxonomy":"category","embeddable":true,"href":"https:\/\/www.elamazonico.com\/portal\/wp-json\/wp\/v2\/categories?post=25495"},{"taxonomy":"post_tag","embeddable":true,"href":"https:\/\/www.elamazonico.com\/portal\/wp-json\/wp\/v2\/tags?post=25495"}],"curies":[{"name":"wp","href":"https:\/\/api.w.org\/{rel}","templated":true}]}}