{"id":25491,"date":"2025-08-11T07:11:31","date_gmt":"2025-08-11T12:11:31","guid":{"rendered":"https:\/\/www.elamazonico.com\/portal\/?p=25491"},"modified":"2025-08-11T07:11:31","modified_gmt":"2025-08-11T12:11:31","slug":"centro-de-estudios-historicos-conmemoro-el-dia-nacional-de-la-cultura-con-entrevista-a-floro-regalado","status":"publish","type":"post","link":"https:\/\/www.elamazonico.com\/portal\/centro-de-estudios-historicos-conmemoro-el-dia-nacional-de-la-cultura-con-entrevista-a-floro-regalado\/","title":{"rendered":"Centro de Estudios Hist\u00f3ricos conmemor\u00f3 el D\u00eda Nacional de la Cultura con entrevista a Floro Regalado"},"content":{"rendered":"<p>En el marco del D\u00eda Nacional de la Cultura, el exdirector de la Casa de la Cultura Floro Regalado comparti\u00f3 un emotivo y valioso testimonio sobre la creaci\u00f3n y desarrollo del N\u00facleo Provincial de la Casa de la Cultura Ecuatoriana \u201cBenjam\u00edn Carri\u00f3n\u201d en Zamora Chinchipe, relatando en detalle los acontecimientos que dieron origen a esta instituci\u00f3n y su proyecci\u00f3n en el tiempo. La entrevista fue con el Lic. Claudio Torres expresidente de la Casa de Cultura N\u00facleo Zamora Chinchipe y Director del Centro de Estudios Hist\u00f3ricos de esta provincia.<\/p>\n<p>Seg\u00fan Regalado, la fundaci\u00f3n de la Casa de la Cultura en la provincia respondi\u00f3 al anhelo visionario del entonces prefecto Vicente Rivera, quien impuls\u00f3 la consolidaci\u00f3n de Zamora Chinchipe como provincia aut\u00f3noma en el \u00e1mbito cultural, superando la hist\u00f3rica dependencia administrativa y de servicios con Loja. \u201cVicente Rivera so\u00f1aba con una provincia que no fuera un ap\u00e9ndice de otra, y uno de esos pilares era la cultura\u201d, record\u00f3.<\/p>\n<p>La llegada inesperada de una comisi\u00f3n de la matriz nacional de la Casa de la Cultura a Zamora motiv\u00f3 una reuni\u00f3n urgente con el gobernador de la \u00e9poca, Humberto Delgado, para convocar a las autoridades y conformar el directorio fundador. Regalado destac\u00f3 la elecci\u00f3n del licenciado Alonso Salcedo como primer presidente, a quien brind\u00f3 apoyo en la dotaci\u00f3n de mobiliario, equipos y gestiones iniciales para el funcionamiento de la instituci\u00f3n.<\/p>\n<p>En su intervenci\u00f3n, Floro Regalado tambi\u00e9n repas\u00f3 su trayectoria como presidente del N\u00facleo Provincial durante tres periodos, resaltando el esfuerzo por promover todas las manifestaciones culturales, pese a las limitaciones presupuestarias. Subray\u00f3 la necesidad de que los directorios actuales y futuros fortalezcan la diversidad cultural, evitando que un solo \u00e1mbito art\u00edstico concentre la atenci\u00f3n, y abriendo espacio para otras expresiones igualmente valiosas.<\/p>\n<p>A seis a\u00f1os de que el N\u00facleo Provincial cumpla medio siglo de existencia, Regalado envi\u00f3 un mensaje a las nuevas generaciones de gestores y artistas:<br \/>\n\u201cLa cultura siempre ser\u00e1 un camino hacia el bienestar social de los pueblos. Debemos buscar que sea el verdadero motor que lleve bienestar a toda la gente, y mantenernos unidos, estrechamente vinculados, en este desarrollo cultural\u201d.<\/p>\n<p>Su mensaje no solo rescata la memoria institucional de la Casa de la Cultura en Zamora Chinchipe, sino que tambi\u00e9n invita a reflexionar sobre el papel que desempe\u00f1a la cultura como herramienta de cohesi\u00f3n social y proyecci\u00f3n comunitaria, en el marco de un pa\u00eds que celebra su riqueza art\u00edstica y patrimonial.<\/p>\n","protected":false},"excerpt":{"rendered":"<p>En el marco del D\u00eda Nacional de la Cultura, el exdirector de la Casa de la Cultura Floro Regalado comparti\u00f3 un emotivo y valioso testimonio sobre la creaci\u00f3n y desarrollo del N\u00facleo Provincial de la Casa de la Cultura Ecuatoriana \u201cBenjam\u00edn Carri\u00f3n\u201d en Zamora Chinchipe, relatando en detalle los acontecimientos que dieron origen a esta instituci\u00f3n y su proyecci\u00f3n en el tiempo. La entrevista fue con el Lic. Claudio Torres expresidente de la Casa de Cultura N\u00facleo Zamora Chinchipe y Director del Centro de Estudios Hist\u00f3ricos de esta provincia. Seg\u00fan Regalado, la fundaci\u00f3n de la Casa de la Cultura en la provincia respondi\u00f3 al anhelo visionario del entonces prefecto Vicente Rivera, quien impuls\u00f3 la consolidaci\u00f3n de Zamora Chinchipe como provincia aut\u00f3noma en el \u00e1mbito cultural, superando la hist\u00f3rica dependencia administrativa y de servicios con Loja. \u201cVicente Rivera so\u00f1aba con una provincia que no fuera un ap\u00e9ndice de otra, y uno de esos pilares era la cultura\u201d, record\u00f3. La llegada inesperada de una comisi\u00f3n de la matriz nacional de la Casa de la Cultura a Zamora motiv\u00f3 una reuni\u00f3n urgente con el gobernador de la \u00e9poca, Humberto Delgado, para convocar a las autoridades y conformar el directorio fundador. Regalado destac\u00f3 la elecci\u00f3n del licenciado Alonso Salcedo como primer presidente, a quien brind\u00f3 apoyo en la dotaci\u00f3n de mobiliario, equipos y gestiones iniciales para el funcionamiento de la instituci\u00f3n. En su intervenci\u00f3n, Floro Regalado tambi\u00e9n repas\u00f3 su trayectoria como presidente del N\u00facleo Provincial durante tres periodos, resaltando el esfuerzo por promover todas las manifestaciones culturales, pese a las limitaciones presupuestarias. Subray\u00f3 la necesidad de que los directorios actuales y futuros fortalezcan la diversidad cultural, evitando que un solo \u00e1mbito art\u00edstico concentre la atenci\u00f3n, y abriendo espacio para otras expresiones igualmente valiosas. A seis a\u00f1os de que el N\u00facleo Provincial cumpla medio siglo de existencia, Regalado envi\u00f3 un mensaje a las nuevas generaciones de gestores y artistas: \u201cLa cultura siempre ser\u00e1 un camino hacia el bienestar social de los pueblos. Debemos buscar que sea el verdadero motor que lleve bienestar a toda la gente, y mantenernos unidos, estrechamente vinculados, en este desarrollo cultural\u201d. Su mensaje no solo rescata la memoria institucional de la Casa de la Cultura en Zamora Chinchipe, sino que tambi\u00e9n invita a reflexionar sobre el papel que desempe\u00f1a la cultura como herramienta de cohesi\u00f3n social y proyecci\u00f3n comunitaria, en el marco de un pa\u00eds que celebra su riqueza art\u00edstica y patrimonial.<\/p>\n","protected":false},"author":1,"featured_media":25492,"comment_status":"closed","ping_status":"closed","sticky":false,"template":"","format":"standard","meta":{"footnotes":""},"categories":[243],"tags":[],"class_list":["post-25491","post","type-post","status-publish","format-standard","has-post-thumbnail","hentry","category-noticias-zamora"],"_links":{"self":[{"href":"https:\/\/www.elamazonico.com\/portal\/wp-json\/wp\/v2\/posts\/25491","targetHints":{"allow":["GET"]}}],"collection":[{"href":"https:\/\/www.elamazonico.com\/portal\/wp-json\/wp\/v2\/posts"}],"about":[{"href":"https:\/\/www.elamazonico.com\/portal\/wp-json\/wp\/v2\/types\/post"}],"author":[{"embeddable":true,"href":"https:\/\/www.elamazonico.com\/portal\/wp-json\/wp\/v2\/users\/1"}],"replies":[{"embeddable":true,"href":"https:\/\/www.elamazonico.com\/portal\/wp-json\/wp\/v2\/comments?post=25491"}],"version-history":[{"count":1,"href":"https:\/\/www.elamazonico.com\/portal\/wp-json\/wp\/v2\/posts\/25491\/revisions"}],"predecessor-version":[{"id":25493,"href":"https:\/\/www.elamazonico.com\/portal\/wp-json\/wp\/v2\/posts\/25491\/revisions\/25493"}],"wp:featuredmedia":[{"embeddable":true,"href":"https:\/\/www.elamazonico.com\/portal\/wp-json\/wp\/v2\/media\/25492"}],"wp:attachment":[{"href":"https:\/\/www.elamazonico.com\/portal\/wp-json\/wp\/v2\/media?parent=25491"}],"wp:term":[{"taxonomy":"category","embeddable":true,"href":"https:\/\/www.elamazonico.com\/portal\/wp-json\/wp\/v2\/categories?post=25491"},{"taxonomy":"post_tag","embeddable":true,"href":"https:\/\/www.elamazonico.com\/portal\/wp-json\/wp\/v2\/tags?post=25491"}],"curies":[{"name":"wp","href":"https:\/\/api.w.org\/{rel}","templated":true}]}}