{"id":25488,"date":"2025-08-11T06:40:08","date_gmt":"2025-08-11T11:40:08","guid":{"rendered":"https:\/\/www.elamazonico.com\/portal\/?p=25488"},"modified":"2025-08-11T06:40:08","modified_gmt":"2025-08-11T11:40:08","slug":"distrito-educativo-19d01-zamora-yacuambi-rinde-homenaje-a-38-docentes-jubilados-y-anuncia-convocatoria-para-cubrir-vacantes","status":"publish","type":"post","link":"https:\/\/www.elamazonico.com\/portal\/distrito-educativo-19d01-zamora-yacuambi-rinde-homenaje-a-38-docentes-jubilados-y-anuncia-convocatoria-para-cubrir-vacantes\/","title":{"rendered":"Distrito Educativo 19D01 Zamora\u2013Yacuambi rinde homenaje a 38 docentes jubilados y anuncia convocatoria para cubrir vacantes"},"content":{"rendered":"<p>El Distrito Educativo 19D01 Zamora\u2013Yacuambi, bajo la direcci\u00f3n de, Medardo Ortega, realiz\u00f3 un emotivo reconocimiento a 38 docentes que culminaron su trayectoria profesional y se acogieron al proceso de jubilaci\u00f3n el pasado 31 de julio.<\/p>\n<p>Durante el acto, Ortega destac\u00f3 el compromiso, dedicaci\u00f3n y vocaci\u00f3n de servicio de los homenajeados, muchos de los cuales iniciaron su labor en zonas rurales apartadas, recorriendo largas distancias a pie o a caballo para garantizar el derecho a la educaci\u00f3n de ni\u00f1as, ni\u00f1os y adolescentes. \u201cSon docentes de convicci\u00f3n, referentes en sus comunidades, cuya huella permanecer\u00e1 en generaciones de profesionales, l\u00edderes y autoridades locales\u201d, expres\u00f3.<\/p>\n<p>El director distrital se\u00f1al\u00f3 que, como incentivo jubilar, cada docente recibir\u00e1 aproximadamente 54 mil d\u00f3lares, en cumplimiento de la restituci\u00f3n de este beneficio por parte del Gobierno Nacional, tras su eliminaci\u00f3n en administraciones anteriores. \u201cEs un reconocimiento merecido, que beneficia directamente a sus familias y que se entrega de manera progresiva a nivel nacional\u201d, explic\u00f3.<\/p>\n<p><strong>Cobertura de vacantes<\/strong><br \/>\nDe las 38 plazas liberadas por las jubilaciones, 39 vacantes (incluyendo un cupo adicional por reorganizaci\u00f3n interna) fueron asignadas a un proceso de sectorizaci\u00f3n general, priorizando a docentes con a\u00f1os de servicio en zonas rurales o desplazados de sus provincias.<\/p>\n<p>Posteriormente, se cubrieron parcialmente, quedando 30 vacantes disponibles, las cuales ser\u00e1n ofertadas a trav\u00e9s de la plataforma Educa-Empleo.<br \/>\nLa convocatoria estar\u00e1 abierta del 17 al 20 de agosto, para profesionales en \u00e1reas como Ingl\u00e9s, Educaci\u00f3n Inicial, Educaci\u00f3n B\u00e1sica, Matem\u00e1tica y Lengua. Ortega subray\u00f3 que el proceso ser\u00e1 \u201cequitativo, transparente y orientado a fortalecer la calidad educativa con talento local\u201d.<\/p>\n<p><strong>Proceso de matr\u00edculas<\/strong><br \/>\nEl Distrito Educativo record\u00f3 que las matr\u00edculas en el sistema fiscal son \u00fanicas para cada estudiante y que el actual periodo de inscripciones culmina el 17 de agosto. Los traslados de un r\u00e9gimen educativo a otro (fiscomisional, particular o fiscal) tambi\u00e9n se registran como matr\u00edcula, mientras que el avance de grado solo requiere actualizaci\u00f3n documental.<\/p>\n<p><strong>Calendario escolar<\/strong><br \/>\n\u2022 13 de agosto: ingreso de docentes a las instituciones educativas.<br \/>\n\u2022 1 de septiembre: inicio oficial de clases para el a\u00f1o lectivo 2025\u20132026 en el r\u00e9gimen Sierra\u2013Amazon\u00eda.<br \/>\nOrtega reiter\u00f3 su saludo y agradecimiento a la comunidad educativa, invitando a docentes, familias y autoridades a trabajar de manera articulada para garantizar una educaci\u00f3n de calidad y con calidez en la provincia.<\/p>\n","protected":false},"excerpt":{"rendered":"<p>El Distrito Educativo 19D01 Zamora\u2013Yacuambi, bajo la direcci\u00f3n de, Medardo Ortega, realiz\u00f3 un emotivo reconocimiento a 38 docentes que culminaron su trayectoria profesional y se acogieron al proceso de jubilaci\u00f3n el pasado 31 de julio. Durante el acto, Ortega destac\u00f3 el compromiso, dedicaci\u00f3n y vocaci\u00f3n de servicio de los homenajeados, muchos de los cuales iniciaron su labor en zonas rurales apartadas, recorriendo largas distancias a pie o a caballo para garantizar el derecho a la educaci\u00f3n de ni\u00f1as, ni\u00f1os y adolescentes. \u201cSon docentes de convicci\u00f3n, referentes en sus comunidades, cuya huella permanecer\u00e1 en generaciones de profesionales, l\u00edderes y autoridades locales\u201d, expres\u00f3. El director distrital se\u00f1al\u00f3 que, como incentivo jubilar, cada docente recibir\u00e1 aproximadamente 54 mil d\u00f3lares, en cumplimiento de la restituci\u00f3n de este beneficio por parte del Gobierno Nacional, tras su eliminaci\u00f3n en administraciones anteriores. \u201cEs un reconocimiento merecido, que beneficia directamente a sus familias y que se entrega de manera progresiva a nivel nacional\u201d, explic\u00f3. Cobertura de vacantes De las 38 plazas liberadas por las jubilaciones, 39 vacantes (incluyendo un cupo adicional por reorganizaci\u00f3n interna) fueron asignadas a un proceso de sectorizaci\u00f3n general, priorizando a docentes con a\u00f1os de servicio en zonas rurales o desplazados de sus provincias. Posteriormente, se cubrieron parcialmente, quedando 30 vacantes disponibles, las cuales ser\u00e1n ofertadas a trav\u00e9s de la plataforma Educa-Empleo. La convocatoria estar\u00e1 abierta del 17 al 20 de agosto, para profesionales en \u00e1reas como Ingl\u00e9s, Educaci\u00f3n Inicial, Educaci\u00f3n B\u00e1sica, Matem\u00e1tica y Lengua. Ortega subray\u00f3 que el proceso ser\u00e1 \u201cequitativo, transparente y orientado a fortalecer la calidad educativa con talento local\u201d. Proceso de matr\u00edculas El Distrito Educativo record\u00f3 que las matr\u00edculas en el sistema fiscal son \u00fanicas para cada estudiante y que el actual periodo de inscripciones culmina el 17 de agosto. Los traslados de un r\u00e9gimen educativo a otro (fiscomisional, particular o fiscal) tambi\u00e9n se registran como matr\u00edcula, mientras que el avance de grado solo requiere actualizaci\u00f3n documental. Calendario escolar \u2022 13 de agosto: ingreso de docentes a las instituciones educativas. \u2022 1 de septiembre: inicio oficial de clases para el a\u00f1o lectivo 2025\u20132026 en el r\u00e9gimen Sierra\u2013Amazon\u00eda. Ortega reiter\u00f3 su saludo y agradecimiento a la comunidad educativa, invitando a docentes, familias y autoridades a trabajar de manera articulada para garantizar una educaci\u00f3n de calidad y con calidez en la provincia.<\/p>\n","protected":false},"author":1,"featured_media":25489,"comment_status":"closed","ping_status":"closed","sticky":false,"template":"","format":"standard","meta":{"footnotes":""},"categories":[243],"tags":[],"class_list":["post-25488","post","type-post","status-publish","format-standard","has-post-thumbnail","hentry","category-noticias-zamora"],"_links":{"self":[{"href":"https:\/\/www.elamazonico.com\/portal\/wp-json\/wp\/v2\/posts\/25488","targetHints":{"allow":["GET"]}}],"collection":[{"href":"https:\/\/www.elamazonico.com\/portal\/wp-json\/wp\/v2\/posts"}],"about":[{"href":"https:\/\/www.elamazonico.com\/portal\/wp-json\/wp\/v2\/types\/post"}],"author":[{"embeddable":true,"href":"https:\/\/www.elamazonico.com\/portal\/wp-json\/wp\/v2\/users\/1"}],"replies":[{"embeddable":true,"href":"https:\/\/www.elamazonico.com\/portal\/wp-json\/wp\/v2\/comments?post=25488"}],"version-history":[{"count":1,"href":"https:\/\/www.elamazonico.com\/portal\/wp-json\/wp\/v2\/posts\/25488\/revisions"}],"predecessor-version":[{"id":25490,"href":"https:\/\/www.elamazonico.com\/portal\/wp-json\/wp\/v2\/posts\/25488\/revisions\/25490"}],"wp:featuredmedia":[{"embeddable":true,"href":"https:\/\/www.elamazonico.com\/portal\/wp-json\/wp\/v2\/media\/25489"}],"wp:attachment":[{"href":"https:\/\/www.elamazonico.com\/portal\/wp-json\/wp\/v2\/media?parent=25488"}],"wp:term":[{"taxonomy":"category","embeddable":true,"href":"https:\/\/www.elamazonico.com\/portal\/wp-json\/wp\/v2\/categories?post=25488"},{"taxonomy":"post_tag","embeddable":true,"href":"https:\/\/www.elamazonico.com\/portal\/wp-json\/wp\/v2\/tags?post=25488"}],"curies":[{"name":"wp","href":"https:\/\/api.w.org\/{rel}","templated":true}]}}