{"id":25482,"date":"2025-08-11T06:12:01","date_gmt":"2025-08-11T11:12:01","guid":{"rendered":"https:\/\/www.elamazonico.com\/portal\/?p=25482"},"modified":"2025-08-11T06:12:01","modified_gmt":"2025-08-11T11:12:01","slug":"que-decidio-la-corte-constitucional-sobre-36-medidas-polemicas-planteadas-por-daniel-noboa","status":"publish","type":"post","link":"https:\/\/www.elamazonico.com\/portal\/que-decidio-la-corte-constitucional-sobre-36-medidas-polemicas-planteadas-por-daniel-noboa\/","title":{"rendered":"\u00bfQu\u00e9 decidi\u00f3 la Corte Constitucional sobre 36 medidas pol\u00e9micas planteadas por Daniel Noboa?"},"content":{"rendered":"<p>El presidente Daniel Noboa convoc\u00f3 para\u00a0este martes 12 de agosto a una marcha hacia la Corte Constitucional (CC), en Quito. Y las figuras pol\u00edticas de Acci\u00f3n Democr\u00e1tica Nacional (ADN) en la Asamblea y el Ejecutivo cerraron filas a su alrededor.<\/p>\n<p>El oficialismo declar\u00f3 a los nueve magistrados como \u00abenemigos del pueblo\u00bb y, desde el 4 de agosto, lanz\u00f3 una campa\u00f1a en su contra\u00a0para responsabilizarlos de la incontrolable crisis de inseguridad, que alcanz\u00f3 un r\u00e9cord hist\u00f3rico durante el primer semestre del a\u00f1o.<\/p>\n<p>\u00bfEl motivo? La Corte admiti\u00f3 a tr\u00e1mite cinco de las 34 demandas ciudadanas de inconstitucionalidad que pesan sobre las leyes de Solidaridad Nacional, Inteligencia e Integridad P\u00fablica. Y con ello acept\u00f3 la petici\u00f3n de medidas cautelares por posibles violaciones de derechos y suspendi\u00f3 temporalmente 17 art\u00edculos de esas normas.<\/p>\n<p>El oficialismo apunta a la Corte Constitucional: sus voceros hablan del &#8216;enemigo del pueblo&#8217;<br \/>\nAdem\u00e1s, el Primer Mandatario anunci\u00f3 un nuevo referendo constitucional. Y uno de los siete temas previstos apunta justamente a los magistrados, para que puedan ser destituidos a trav\u00e9s de juicios pol\u00edticos en la Asamblea Nacional.<\/p>\n<p>Sin embargo, pese a la reciente intensificaci\u00f3n del discurso oficialista contra la Corte, desde la llegada al poder de Noboa en 2023,\u00a0el organismo ha emitido mayoritariamente dict\u00e1menes favorables\u00a0(66%) a las medidas planteadas por el Ejecutivo. Incluso, en las m\u00e1s pol\u00e9micas.<\/p>\n<p>Por ejemplo, los magistrados no aceptaron las demandas de inconstitucionalidad, ni acciones de protecci\u00f3n, ni pedidos de interpretaci\u00f3n constitucional durante la pugna con su exvicepresidenta Ver\u00f3nica Abad y le permitieron designar como su reemplazo a su mano derecha, Cynthia Gellibert.<\/p>\n<p>Esa misma Corte aval\u00f3 el pedido que hizo el Mandatario al Consejo Nacional Electoral (CNE), para prohibir el uso de celulares durante las \u00faltimas elecciones e impedir as\u00ed la toma de fotos de los votos en las papeletas.<\/p>\n<p>Daniel Noboa se suma a la lista de mandatarios que buscaron &#8216;mandar a la casa&#8217; a los jueces constitucionales<br \/>\nY de los 17 estados de excepci\u00f3n y renovaciones decretadas, los magistrados han dado paso a 10, otros cuatro tuvieron ajustes; solo dos fueron negados \u00edntegramente por falta de motivaci\u00f3n y sustento.<\/p>\n<p>Sin embargo, la Corte tambi\u00e9n ha llamado la atenci\u00f3n en reiteradas ocasiones al gobierno de Noboa, especialmente por su insistencia en declarar estados de excepci\u00f3n por un conflicto armado interno \u00absin sustento\u00bb. Esto llev\u00f3 a que los magistrados ordenen la creaci\u00f3n de una comisi\u00f3n, para que trabaje la crisis de inseguridad, bajo supervisi\u00f3n del pleno.<\/p>\n<p>Tampoco dio paso, por ejemplo, a la suspensi\u00f3n de la exvicepresidenta Ver\u00f3nica Abad, por 150 d\u00edas, ordenada por el Ministerio de Trabajo, o a las propuestas de reforma parcial a la Constituci\u00f3n sobre las personas privadas de libertas y la prisi\u00f3n preventiva. <strong>Fuente: Primicias\u00a0<\/strong><\/p>\n<p>A continuaci\u00f3n PRIMICIAS presenta un resumen de los temas y resultados de las 36 causas analizadas:<\/p>\n<h3 class=\"block-headline datawrapper-0DSHa-16cs784 \">Lista de 36 casos tramitados por la Corte Constitucional sobre medidas planteadas por el Gobierno<\/h3>\n<table class=\"medium datawrapper-0DSHa-1k2zto9 svelte-fxnudy resortable\" cellspacing=\"0\">\n<thead>\n<tr class=\"datawrapper-0DSHa-1wbuely svelte-fxnudy\">\n<th class=\"force-padding type-text align-left resortable cell svelte-6xkodm\" colspan=\"1\" scope=\"col\" data-column=\"Tipo\" data-row=\"-1\"><button class=\"sort svelte-fxnudy\"><span class=\"content dw-bold\">Tipo<\/span><\/button><\/th>\n<th class=\"type-date align-left resortable cell svelte-6xkodm\" colspan=\"1\" scope=\"col\" data-column=\"Fecha\" data-row=\"-1\"><button class=\"sort svelte-fxnudy\"><span class=\"content dw-bold\">Fecha<\/span><\/button><\/th>\n<th class=\"force-padding type-text align-left resortable cell svelte-6xkodm\" colspan=\"1\" scope=\"col\" data-column=\"Causa\" data-row=\"-1\"><button class=\"sort svelte-fxnudy\"><span class=\"content dw-bold\">Causa<\/span><\/button><\/th>\n<th class=\"last type-text align-left resortable cell svelte-6xkodm\" colspan=\"1\" scope=\"col\" data-column=\"Resultado\" data-row=\"-1\"><button class=\"sort svelte-fxnudy\"><span class=\"content dw-bold\">Resultado<\/span><\/button><\/th>\n<\/tr>\n<\/thead>\n<tbody>\n<tr class=\"datawrapper-0DSHa-1c5djey svelte-fxnudy\">\n<td class=\"first rank datawrapper-0DSHa-3ik8k8    td cell  svelte-11k6b6d\" colspan=\"1\">1<\/td>\n<th class=\"force-padding type-text align-left align-vertical-middle    td cell  svelte-11k6b6d\" colspan=\"1\" scope=\"row\">Inconstitucionalidad<\/th>\n<td class=\"type-date align-left align-vertical-middle    td cell  svelte-11k6b6d\" colspan=\"1\">20 de Diciembre de 2023<\/td>\n<td class=\"force-padding type-text inverted align-left align-vertical-middle    td cell  svelte-11k6b6d\" colspan=\"1\">Decretos 27 y 30, sobre las funciones de Ver\u00f3nica Abad y la reestructuraci\u00f3n de la Vicepresidencia<\/td>\n<td class=\"last type-text align-left align-vertical-middle    td cell  svelte-11k6b6d\" colspan=\"1\">Positivo<\/td>\n<\/tr>\n<tr class=\"datawrapper-0DSHa-1c5djey svelte-fxnudy\">\n<td class=\"first rank datawrapper-0DSHa-3ik8k8    td cell  svelte-11k6b6d\" colspan=\"1\">2<\/td>\n<th class=\"force-padding type-text align-left align-vertical-middle    td cell  svelte-11k6b6d\" colspan=\"1\" scope=\"row\">Reforma constitucional<\/th>\n<td class=\"type-date align-left align-vertical-middle    td cell  svelte-11k6b6d\" colspan=\"1\">9 de Enero de 2024<\/td>\n<td class=\"force-padding type-text inverted align-left align-vertical-middle    td cell  svelte-11k6b6d\" colspan=\"1\">Propuesta de 19 preguntas para referendo y consulta popular<\/td>\n<td class=\"last type-text align-left align-vertical-middle    td cell  svelte-11k6b6d\" colspan=\"1\">Parcial<\/td>\n<\/tr>\n<tr class=\"datawrapper-0DSHa-1c5djey svelte-fxnudy\">\n<td class=\"first rank datawrapper-0DSHa-3ik8k8    td cell  svelte-11k6b6d\" colspan=\"1\">3<\/td>\n<th class=\"force-padding type-text align-left align-vertical-middle    td cell  svelte-11k6b6d\" colspan=\"1\" scope=\"row\">Estado de excepci\u00f3n<\/th>\n<td class=\"type-date align-left align-vertical-middle    td cell  svelte-11k6b6d\" colspan=\"1\">10 de Enero de 2024<\/td>\n<td class=\"force-padding type-text inverted align-left align-vertical-middle    td cell  svelte-11k6b6d\" colspan=\"1\">Decretos 110 y 111, sobre el estado de excepci\u00f3n y posterior conflicto armado interno<\/td>\n<td class=\"last type-text align-left align-vertical-middle    td cell  svelte-11k6b6d\" colspan=\"1\">Positivo<\/td>\n<\/tr>\n<tr class=\"datawrapper-0DSHa-1c5djey svelte-fxnudy\">\n<td class=\"first rank datawrapper-0DSHa-3ik8k8    td cell  svelte-11k6b6d\" colspan=\"1\">4<\/td>\n<th class=\"force-padding type-text align-left align-vertical-middle    td cell  svelte-11k6b6d\" colspan=\"1\" scope=\"row\">Estado de excepci\u00f3n<\/th>\n<td class=\"type-date align-left align-vertical-middle    td cell  svelte-11k6b6d\" colspan=\"1\">8 de Marzo de 2024<\/td>\n<td class=\"force-padding type-text inverted align-left align-vertical-middle    td cell  svelte-11k6b6d\" colspan=\"1\">Renovaci\u00f3n Decretos 110, 111 y 135 (sustituye la restricci\u00f3n de tr\u00e1nsito)<\/td>\n<td class=\"last type-text align-left align-vertical-middle    td cell  svelte-11k6b6d\" colspan=\"1\">Positivo<\/td>\n<\/tr>\n<tr class=\"datawrapper-0DSHa-1c5djey svelte-fxnudy\">\n<td class=\"first rank datawrapper-0DSHa-3ik8k8    td cell  svelte-11k6b6d\" colspan=\"1\">5<\/td>\n<th class=\"force-padding type-text align-left align-vertical-middle    td cell  svelte-11k6b6d\" colspan=\"1\" scope=\"row\">Inconstitucionalidad<\/th>\n<td class=\"type-date align-left align-vertical-middle    td cell  svelte-11k6b6d\" colspan=\"1\">19 de Marzo de 2024<\/td>\n<td class=\"force-padding type-text inverted align-left align-vertical-middle    td cell  svelte-11k6b6d\" colspan=\"1\">Unificaci\u00f3n de 13 demandas contra la Ley para el Conflicto Armado, que increment\u00f3 el IVA al 15%<\/td>\n<td class=\"last type-text align-left align-vertical-middle    td cell  svelte-11k6b6d\" colspan=\"1\">Pendiente<\/td>\n<\/tr>\n<tr class=\"datawrapper-0DSHa-1c5djey svelte-fxnudy\">\n<td class=\"first rank datawrapper-0DSHa-3ik8k8    td cell  svelte-11k6b6d\" colspan=\"1\">6<\/td>\n<th class=\"force-padding type-text align-left align-vertical-middle    td cell  svelte-11k6b6d\" colspan=\"1\" scope=\"row\">Estado de excepci\u00f3n<\/th>\n<td class=\"type-date align-left align-vertical-middle    td cell  svelte-11k6b6d\" colspan=\"1\">22 de Marzo de 2024<\/td>\n<td class=\"force-padding type-text inverted align-left align-vertical-middle    td cell  svelte-11k6b6d\" colspan=\"1\">Reformar el art. 7 del Decreto 110 (horarios del toque de queda)<\/td>\n<td class=\"last type-text align-left align-vertical-middle    td cell  svelte-11k6b6d\" colspan=\"1\">Positivo<\/td>\n<\/tr>\n<tr class=\"datawrapper-0DSHa-1c5djey svelte-fxnudy\">\n<td class=\"first rank datawrapper-0DSHa-3ik8k8    td cell  svelte-11k6b6d\" colspan=\"1\">7<\/td>\n<th class=\"force-padding type-text align-left align-vertical-middle    td cell  svelte-11k6b6d\" colspan=\"1\" scope=\"row\">Estado de excepci\u00f3n<\/th>\n<td class=\"type-date align-left align-vertical-middle    td cell  svelte-11k6b6d\" colspan=\"1\">20 de Abril de 2024<\/td>\n<td class=\"force-padding type-text inverted align-left align-vertical-middle    td cell  svelte-11k6b6d\" colspan=\"1\">Decreto 229, por grave conmoci\u00f3n interna y calamidad p\u00fablica en todo el territorio, por la crisis el\u00e9ctrica<\/td>\n<td class=\"last type-text align-left align-vertical-middle    td cell  svelte-11k6b6d\" colspan=\"1\">Positivo<\/td>\n<\/tr>\n<tr class=\"datawrapper-0DSHa-1c5djey svelte-fxnudy\">\n<td class=\"first rank datawrapper-0DSHa-3ik8k8    td cell  svelte-11k6b6d\" colspan=\"1\">8<\/td>\n<th class=\"force-padding type-text align-left align-vertical-middle    td cell  svelte-11k6b6d\" colspan=\"1\" scope=\"row\">Objeci\u00f3n presidencial<\/th>\n<td class=\"type-date align-left align-vertical-middle    td cell  svelte-11k6b6d\" colspan=\"1\">26 de Abril de 2024<\/td>\n<td class=\"force-padding type-text inverted align-left align-vertical-middle    td cell  svelte-11k6b6d\" colspan=\"1\">Veto parcial por inconstitucionalidad de las reformas a la Ley de Seguridad Social y a la del Banco del IESS<\/td>\n<td class=\"last type-text align-left align-vertical-middle    td cell  svelte-11k6b6d\" colspan=\"1\">Parcial<\/td>\n<\/tr>\n<tr class=\"datawrapper-0DSHa-1c5djey svelte-fxnudy\">\n<td class=\"first rank datawrapper-0DSHa-3ik8k8    td cell  svelte-11k6b6d\" colspan=\"1\">9<\/td>\n<th class=\"force-padding type-text align-left align-vertical-middle    td cell  svelte-11k6b6d\" colspan=\"1\" scope=\"row\">Estado de excepci\u00f3n<\/th>\n<td class=\"type-date align-left align-vertical-middle    td cell  svelte-11k6b6d\" colspan=\"1\">1 de Mayo de 2024<\/td>\n<td class=\"force-padding type-text inverted align-left align-vertical-middle    td cell  svelte-11k6b6d\" colspan=\"1\">Decreto 250, por conflicto armado interno en las provincias de El Oro, Guayas, Los R\u00edos, Manab\u00ed y Santa Elena<\/td>\n<td class=\"last type-text align-left align-vertical-middle    td cell  svelte-11k6b6d\" colspan=\"1\">Negativo<\/td>\n<\/tr>\n<tr class=\"datawrapper-0DSHa-1c5djey svelte-fxnudy\">\n<td class=\"first rank datawrapper-0DSHa-3ik8k8    td cell  svelte-11k6b6d\" colspan=\"1\">10<\/td>\n<th class=\"force-padding type-text align-left align-vertical-middle    td cell  svelte-11k6b6d\" colspan=\"1\" scope=\"row\">Estado de excepci\u00f3n<\/th>\n<td class=\"type-date align-left align-vertical-middle    td cell  svelte-11k6b6d\" colspan=\"1\">23 de Mayo de 2024<\/td>\n<td class=\"force-padding type-text inverted align-left align-vertical-middle    td cell  svelte-11k6b6d\" colspan=\"1\">Decreto 275, por conflicto armado interno en Guayas, El Oro, Santa Elena, Manab\u00ed, Sucumb\u00edos, Orellana, Los R\u00edos, Ponce Enr\u00edquez<\/td>\n<td class=\"last type-text align-left align-vertical-middle    td cell  svelte-11k6b6d\" colspan=\"1\">Negativo<\/td>\n<\/tr>\n<\/tbody>\n<\/table>\n","protected":false},"excerpt":{"rendered":"<p>El presidente Daniel Noboa convoc\u00f3 para\u00a0este martes 12 de agosto a una marcha hacia la Corte Constitucional (CC), en Quito. Y las figuras pol\u00edticas de Acci\u00f3n Democr\u00e1tica Nacional (ADN) en la Asamblea y el Ejecutivo cerraron filas a su alrededor. El oficialismo declar\u00f3 a los nueve magistrados como \u00abenemigos del pueblo\u00bb y, desde el 4 de agosto, lanz\u00f3 una campa\u00f1a en su contra\u00a0para responsabilizarlos de la incontrolable crisis de inseguridad, que alcanz\u00f3 un r\u00e9cord hist\u00f3rico durante el primer semestre del a\u00f1o. \u00bfEl motivo? La Corte admiti\u00f3 a tr\u00e1mite cinco de las 34 demandas ciudadanas de inconstitucionalidad que pesan sobre las leyes de Solidaridad Nacional, Inteligencia e Integridad P\u00fablica. Y con ello acept\u00f3 la petici\u00f3n de medidas cautelares por posibles violaciones de derechos y suspendi\u00f3 temporalmente 17 art\u00edculos de esas normas. El oficialismo apunta a la Corte Constitucional: sus voceros hablan del &#8216;enemigo del pueblo&#8217; Adem\u00e1s, el Primer Mandatario anunci\u00f3 un nuevo referendo constitucional. Y uno de los siete temas previstos apunta justamente a los magistrados, para que puedan ser destituidos a trav\u00e9s de juicios pol\u00edticos en la Asamblea Nacional. Sin embargo, pese a la reciente intensificaci\u00f3n del discurso oficialista contra la Corte, desde la llegada al poder de Noboa en 2023,\u00a0el organismo ha emitido mayoritariamente dict\u00e1menes favorables\u00a0(66%) a las medidas planteadas por el Ejecutivo. Incluso, en las m\u00e1s pol\u00e9micas. Por ejemplo, los magistrados no aceptaron las demandas de inconstitucionalidad, ni acciones de protecci\u00f3n, ni pedidos de interpretaci\u00f3n constitucional durante la pugna con su exvicepresidenta Ver\u00f3nica Abad y le permitieron designar como su reemplazo a su mano derecha, Cynthia Gellibert. Esa misma Corte aval\u00f3 el pedido que hizo el Mandatario al Consejo Nacional Electoral (CNE), para prohibir el uso de celulares durante las \u00faltimas elecciones e impedir as\u00ed la toma de fotos de los votos en las papeletas. Daniel Noboa se suma a la lista de mandatarios que buscaron &#8216;mandar a la casa&#8217; a los jueces constitucionales Y de los 17 estados de excepci\u00f3n y renovaciones decretadas, los magistrados han dado paso a 10, otros cuatro tuvieron ajustes; solo dos fueron negados \u00edntegramente por falta de motivaci\u00f3n y sustento. Sin embargo, la Corte tambi\u00e9n ha llamado la atenci\u00f3n en reiteradas ocasiones al gobierno de Noboa, especialmente por su insistencia en declarar estados de excepci\u00f3n por un conflicto armado interno \u00absin sustento\u00bb. Esto llev\u00f3 a que los magistrados ordenen la creaci\u00f3n de una comisi\u00f3n, para que trabaje la crisis de inseguridad, bajo supervisi\u00f3n del pleno. Tampoco dio paso, por ejemplo, a la suspensi\u00f3n de la exvicepresidenta Ver\u00f3nica Abad, por 150 d\u00edas, ordenada por el Ministerio de Trabajo, o a las propuestas de reforma parcial a la Constituci\u00f3n sobre las personas privadas de libertas y la prisi\u00f3n preventiva. Fuente: Primicias\u00a0 A continuaci\u00f3n PRIMICIAS presenta un resumen de los temas y resultados de las 36 causas analizadas: Lista de 36 casos tramitados por la Corte Constitucional sobre medidas planteadas por el Gobierno Tipo Fecha Causa Resultado 1 Inconstitucionalidad 20 de Diciembre de 2023 Decretos 27 y 30, sobre las funciones de Ver\u00f3nica Abad y la reestructuraci\u00f3n de la Vicepresidencia Positivo 2 Reforma constitucional 9 de Enero de 2024 Propuesta de 19 preguntas para referendo y consulta popular Parcial 3 Estado de excepci\u00f3n 10 de Enero de 2024 Decretos 110 y 111, sobre el estado de excepci\u00f3n y posterior conflicto armado interno Positivo 4 Estado de excepci\u00f3n 8 de Marzo de 2024 Renovaci\u00f3n Decretos 110, 111 y 135 (sustituye la restricci\u00f3n de tr\u00e1nsito) Positivo 5 Inconstitucionalidad 19 de Marzo de 2024 Unificaci\u00f3n de 13 demandas contra la Ley para el Conflicto Armado, que increment\u00f3 el IVA al 15% Pendiente 6 Estado de excepci\u00f3n 22 de Marzo de 2024 Reformar el art. 7 del Decreto 110 (horarios del toque de queda) Positivo 7 Estado de excepci\u00f3n 20 de Abril de 2024 Decreto 229, por grave conmoci\u00f3n interna y calamidad p\u00fablica en todo el territorio, por la crisis el\u00e9ctrica Positivo 8 Objeci\u00f3n presidencial 26 de Abril de 2024 Veto parcial por inconstitucionalidad de las reformas a la Ley de Seguridad Social y a la del Banco del IESS Parcial 9 Estado de excepci\u00f3n 1 de Mayo de 2024 Decreto 250, por conflicto armado interno en las provincias de El Oro, Guayas, Los R\u00edos, Manab\u00ed y Santa Elena Negativo 10 Estado de excepci\u00f3n 23 de Mayo de 2024 Decreto 275, por conflicto armado interno en Guayas, El Oro, Santa Elena, Manab\u00ed, Sucumb\u00edos, Orellana, Los R\u00edos, Ponce Enr\u00edquez Negativo<\/p>\n","protected":false},"author":1,"featured_media":25483,"comment_status":"closed","ping_status":"closed","sticky":false,"template":"","format":"standard","meta":{"footnotes":""},"categories":[268],"tags":[],"class_list":["post-25482","post","type-post","status-publish","format-standard","has-post-thumbnail","hentry","category-nacionales"],"_links":{"self":[{"href":"https:\/\/www.elamazonico.com\/portal\/wp-json\/wp\/v2\/posts\/25482","targetHints":{"allow":["GET"]}}],"collection":[{"href":"https:\/\/www.elamazonico.com\/portal\/wp-json\/wp\/v2\/posts"}],"about":[{"href":"https:\/\/www.elamazonico.com\/portal\/wp-json\/wp\/v2\/types\/post"}],"author":[{"embeddable":true,"href":"https:\/\/www.elamazonico.com\/portal\/wp-json\/wp\/v2\/users\/1"}],"replies":[{"embeddable":true,"href":"https:\/\/www.elamazonico.com\/portal\/wp-json\/wp\/v2\/comments?post=25482"}],"version-history":[{"count":1,"href":"https:\/\/www.elamazonico.com\/portal\/wp-json\/wp\/v2\/posts\/25482\/revisions"}],"predecessor-version":[{"id":25484,"href":"https:\/\/www.elamazonico.com\/portal\/wp-json\/wp\/v2\/posts\/25482\/revisions\/25484"}],"wp:featuredmedia":[{"embeddable":true,"href":"https:\/\/www.elamazonico.com\/portal\/wp-json\/wp\/v2\/media\/25483"}],"wp:attachment":[{"href":"https:\/\/www.elamazonico.com\/portal\/wp-json\/wp\/v2\/media?parent=25482"}],"wp:term":[{"taxonomy":"category","embeddable":true,"href":"https:\/\/www.elamazonico.com\/portal\/wp-json\/wp\/v2\/categories?post=25482"},{"taxonomy":"post_tag","embeddable":true,"href":"https:\/\/www.elamazonico.com\/portal\/wp-json\/wp\/v2\/tags?post=25482"}],"curies":[{"name":"wp","href":"https:\/\/api.w.org\/{rel}","templated":true}]}}