{"id":25472,"date":"2025-08-10T10:34:19","date_gmt":"2025-08-10T15:34:19","guid":{"rendered":"https:\/\/www.elamazonico.com\/portal\/?p=25472"},"modified":"2025-08-10T10:34:19","modified_gmt":"2025-08-10T15:34:19","slug":"asi-fue-la-captura-con-drones-de-un-capo-italiano-ligado-a-narcotraficantes-de-colombia-y-ecuador","status":"publish","type":"post","link":"https:\/\/www.elamazonico.com\/portal\/asi-fue-la-captura-con-drones-de-un-capo-italiano-ligado-a-narcotraficantes-de-colombia-y-ecuador\/","title":{"rendered":"As\u00ed fue la captura con drones de un capo italiano ligado a narcotraficantes de Colombia y Ecuador"},"content":{"rendered":"<div class=\"paragraph texto\">\n<p class=\"p_0\">El italiano\u00a0<b>Federico Starnone<\/b>, supuesto capo e intermediario entre la mafia calabresa y\u00a0<b><a href=\"https:\/\/www.vistazo.com\/politica\/internacional\/2025-08-08-trump-defiende-enviar-tropas-america-latina-atacar-carteles-droga-NI9912096\" target=\"_blank\" rel=\"noopener noreferrer\">narcotraficantes<\/a><\/b>\u00a0de Colombia y\u00a0<b>Ecuador<\/b>, fue capturado por las autoridades colombianas en Cali, capital del departamento del Valle del Cauca.<\/p>\n<p class=\"p_2\">\u00abCae por acci\u00f3n de la polic\u00eda colombiana en coordinaci\u00f3n con la polic\u00eda italiana, el capo Federico Startone (sic), en Cali, comprador mayorista de\u00a0<b>coca\u00edna<\/b>\u00a0para la mafia italiana\u00bb, inform\u00f3 el presidente colombiano,\u00a0<b>Gustavo Petro<\/b>.<\/p>\n<p class=\"p_3\">Starnone, de 46 a\u00f1os de edad, era requerido mediante una notificaci\u00f3n roja de\u00a0<b>Interpol\u00a0<\/b>por los delitos de tr\u00e1fico internacional de coca\u00edna y alianzas con el crimen organizado en el Cono Sur y la regi\u00f3n Andina.<\/p>\n<div class=\"Center2Display\">\n<div id=\"Center2\"><u>La Polic\u00eda colombiana utiliz\u00f3 drones para ubicar a Starnone, quien viv\u00eda en un apartamento de un acomodado barrio de Cali<\/u>.<\/div>\n<\/div>\n<\/div>\n<h2 class=\"h2vistazo\">Otros capos capturados<\/h2>\n<div class=\"paragraph texto\">\n<p class=\"p_5\">El pasado julio, las autoridades de Colombia, con el apoyo de Italia y el Reino Unido, capturaron en\u00a0<b>Bogot\u00e1\u00a0<\/b>a Giuseppe Palermo,\u00a0<b>alias &#8216;Peppe&#8217;<\/b>, principal cabecilla de la mafia italiana\u00a0<b>Ndrangheta<\/b>\u00a0para Am\u00e9rica Latina, inform\u00f3 en esa ocasi\u00f3n el director de la Polic\u00eda colombiana, el general Carlos Fernando Triana.<\/p>\n<p class=\"p_7\">Esa detenci\u00f3n se sum\u00f3 a la ocurrida el pasado marzo, cuando el presunto narcotraficante italiano Emanuele Gregorini, alias &#8216;<b>Dollarino<\/b>&#8216;, considerado el \u00abm\u00e1ximo cabecilla de la mafia italiana en Am\u00e9rica Latina\u00bb, fue capturado en la ciudad colombiana de\u00a0<b>Cartagena<\/b>.<\/p>\n<p class=\"p_8\">Seg\u00fan la Polic\u00eda colombiana, Gregorini era \u00ab<b>cabecilla<\/b>\u00a0del Sistema Mafioso Lombardo, integrado por las mafias de la Camorra, Cosa Nostra y &#8216;Ndrangheta, responsable del env\u00edo de grandes cargamentos de coca\u00edna desde Colombia, Panam\u00e1 y Brasil hacia Europa\u00bb.<\/p>\n<p class=\"p_9\">Adem\u00e1s, en febrero la Polic\u00eda tambi\u00e9n captur\u00f3 en\u00a0<b>Barranquilla<\/b>\u00a0a Namoussi Mounir, alias &#8216;<b>Mou<\/b>&#8216;, acusado de ser el enlace entre el cartel de los Balcanes y narcotraficantes de Am\u00e9rica Latina, entre ellos el Clan del Golfo, la principal banda criminal de Colombia.<\/p>\n<p class=\"p_10\">Alias &#8216;Mou&#8217; era buscado mediante circular roja de la Interpol, raz\u00f3n por la cual su captura fue coordinada con las autoridades de B\u00e9lgica y el Reino Unido. <strong>Fuente: Vistazo<\/strong><\/p>\n<\/div>\n","protected":false},"excerpt":{"rendered":"<p>El italiano\u00a0Federico Starnone, supuesto capo e intermediario entre la mafia calabresa y\u00a0narcotraficantes\u00a0de Colombia y\u00a0Ecuador, fue capturado por las autoridades colombianas en Cali, capital del departamento del Valle del Cauca. \u00abCae por acci\u00f3n de la polic\u00eda colombiana en coordinaci\u00f3n con la polic\u00eda italiana, el capo Federico Startone (sic), en Cali, comprador mayorista de\u00a0coca\u00edna\u00a0para la mafia italiana\u00bb, inform\u00f3 el presidente colombiano,\u00a0Gustavo Petro. Starnone, de 46 a\u00f1os de edad, era requerido mediante una notificaci\u00f3n roja de\u00a0Interpol\u00a0por los delitos de tr\u00e1fico internacional de coca\u00edna y alianzas con el crimen organizado en el Cono Sur y la regi\u00f3n Andina. La Polic\u00eda colombiana utiliz\u00f3 drones para ubicar a Starnone, quien viv\u00eda en un apartamento de un acomodado barrio de Cali. Otros capos capturados El pasado julio, las autoridades de Colombia, con el apoyo de Italia y el Reino Unido, capturaron en\u00a0Bogot\u00e1\u00a0a Giuseppe Palermo,\u00a0alias &#8216;Peppe&#8217;, principal cabecilla de la mafia italiana\u00a0Ndrangheta\u00a0para Am\u00e9rica Latina, inform\u00f3 en esa ocasi\u00f3n el director de la Polic\u00eda colombiana, el general Carlos Fernando Triana. Esa detenci\u00f3n se sum\u00f3 a la ocurrida el pasado marzo, cuando el presunto narcotraficante italiano Emanuele Gregorini, alias &#8216;Dollarino&#8216;, considerado el \u00abm\u00e1ximo cabecilla de la mafia italiana en Am\u00e9rica Latina\u00bb, fue capturado en la ciudad colombiana de\u00a0Cartagena. Seg\u00fan la Polic\u00eda colombiana, Gregorini era \u00abcabecilla\u00a0del Sistema Mafioso Lombardo, integrado por las mafias de la Camorra, Cosa Nostra y &#8216;Ndrangheta, responsable del env\u00edo de grandes cargamentos de coca\u00edna desde Colombia, Panam\u00e1 y Brasil hacia Europa\u00bb. Adem\u00e1s, en febrero la Polic\u00eda tambi\u00e9n captur\u00f3 en\u00a0Barranquilla\u00a0a Namoussi Mounir, alias &#8216;Mou&#8216;, acusado de ser el enlace entre el cartel de los Balcanes y narcotraficantes de Am\u00e9rica Latina, entre ellos el Clan del Golfo, la principal banda criminal de Colombia. Alias &#8216;Mou&#8217; era buscado mediante circular roja de la Interpol, raz\u00f3n por la cual su captura fue coordinada con las autoridades de B\u00e9lgica y el Reino Unido. Fuente: Vistazo<\/p>\n","protected":false},"author":1,"featured_media":25473,"comment_status":"closed","ping_status":"closed","sticky":false,"template":"","format":"standard","meta":{"footnotes":""},"categories":[268],"tags":[],"class_list":["post-25472","post","type-post","status-publish","format-standard","has-post-thumbnail","hentry","category-nacionales"],"_links":{"self":[{"href":"https:\/\/www.elamazonico.com\/portal\/wp-json\/wp\/v2\/posts\/25472","targetHints":{"allow":["GET"]}}],"collection":[{"href":"https:\/\/www.elamazonico.com\/portal\/wp-json\/wp\/v2\/posts"}],"about":[{"href":"https:\/\/www.elamazonico.com\/portal\/wp-json\/wp\/v2\/types\/post"}],"author":[{"embeddable":true,"href":"https:\/\/www.elamazonico.com\/portal\/wp-json\/wp\/v2\/users\/1"}],"replies":[{"embeddable":true,"href":"https:\/\/www.elamazonico.com\/portal\/wp-json\/wp\/v2\/comments?post=25472"}],"version-history":[{"count":1,"href":"https:\/\/www.elamazonico.com\/portal\/wp-json\/wp\/v2\/posts\/25472\/revisions"}],"predecessor-version":[{"id":25474,"href":"https:\/\/www.elamazonico.com\/portal\/wp-json\/wp\/v2\/posts\/25472\/revisions\/25474"}],"wp:featuredmedia":[{"embeddable":true,"href":"https:\/\/www.elamazonico.com\/portal\/wp-json\/wp\/v2\/media\/25473"}],"wp:attachment":[{"href":"https:\/\/www.elamazonico.com\/portal\/wp-json\/wp\/v2\/media?parent=25472"}],"wp:term":[{"taxonomy":"category","embeddable":true,"href":"https:\/\/www.elamazonico.com\/portal\/wp-json\/wp\/v2\/categories?post=25472"},{"taxonomy":"post_tag","embeddable":true,"href":"https:\/\/www.elamazonico.com\/portal\/wp-json\/wp\/v2\/tags?post=25472"}],"curies":[{"name":"wp","href":"https:\/\/api.w.org\/{rel}","templated":true}]}}