{"id":25469,"date":"2025-08-10T10:26:28","date_gmt":"2025-08-10T15:26:28","guid":{"rendered":"https:\/\/www.elamazonico.com\/portal\/?p=25469"},"modified":"2025-08-10T10:26:28","modified_gmt":"2025-08-10T15:26:28","slug":"muertes-de-recien-nacidos-en-hospital-universitario-de-guayaquil-ordenan-destitucion-e-investigacion","status":"publish","type":"post","link":"https:\/\/www.elamazonico.com\/portal\/muertes-de-recien-nacidos-en-hospital-universitario-de-guayaquil-ordenan-destitucion-e-investigacion\/","title":{"rendered":"Muertes de reci\u00e9n nacidos en Hospital Universitario de Guayaquil: ordenan destituci\u00f3n e investigaci\u00f3n"},"content":{"rendered":"<div class=\"paragraph texto\">\n<p class=\"p_0\">La noche de este s\u00e1bado 9 de agosto, el ministro de Salud,\u00a0<b><a href=\"https:\/\/www.vistazo.com\/politica\/nacional\/2025-07-15-jimmy-martin-delgado-nuevo-ministro-salud-ecuador-BA9763175\" target=\"_blank\" rel=\"noopener noreferrer\">Jimmy Martin<\/a><\/b>, dispuso la apertura de una investigaci\u00f3n y la desvinculaci\u00f3n del gerente del\u00a0<b>Hospital Universitario de Guayaquil<\/b>, Hugo Hern\u00e1ndez, luego de la alarma generada por la muerte de\u00a0<b>reci\u00e9n nacidos<\/b>\u00a0en esa casa de salud, por una presunta infecci\u00f3n asociada a la atenci\u00f3n sanitaria.<\/p>\n<p class=\"p_2\">El hospital reconoci\u00f3 el fallecimiento de doce\u00a0<b>neonatos\u00a0<\/b>dentro de sus instalaciones, mientras que algunas autoridades han mencionado que la cifra ascender\u00eda a 18 v\u00edctimas.<\/p>\n<p class=\"p_3\">Al respecto, el ministro Martin se\u00f1al\u00f3 que, adem\u00e1s de la investigaci\u00f3n a cargo de un equipo de especialistas, solicit\u00f3 la renuncia del gerente del hospital y dispuso que se brinde atenci\u00f3n\u00a0<b>psicol\u00f3gica\u00a0<\/b>a los\u00a0<b>padres\u00a0<\/b>de los\u00a0<b>neonatos\u00a0<\/b>fallecidos. \u201c<u>La vida de nuestros ni\u00f1os est\u00e1 por encima de todo y de todos<\/u>\u201d, afirm\u00f3.<\/p>\n<div class=\"Center2Display\">\n<div id=\"Center2\"><\/div>\n<\/div>\n<p class=\"p_4\">El ministro detall\u00f3 tres acciones inmediatas:<\/p>\n<\/div>\n<ul>\n<li class=\"bulletvistazo\">1. La renuncia del gerente del hospital.<\/li>\n<li class=\"bulletvistazo\">2. Desplegar un equipo de especialistas en el lugar e iniciar un proceso de investigaci\u00f3n sobre el caso.<\/li>\n<li class=\"bulletvistazo\">3. Brindar atenci\u00f3n psicol\u00f3gica a los padres de los dos neonatos fallecidos a causa de una bacteria.<\/li>\n<\/ul>\n<div class=\"paragraph texto\">\n<p class=\"p_5\">\u201cQuiero solidarizarme con las familias de quienes perdieron a sus reci\u00e9n nacidos y comprometerme a que esto, en la medida en que sea prevenible, no vuelva a ocurrir\u201d, agreg\u00f3.<\/p>\n<p class=\"p_7\">Por su parte, la Comisi\u00f3n de Protecci\u00f3n a Ni\u00f1as, Ni\u00f1os y Adolescentes de la Asamblea Nacional ha convocado para el pr\u00f3ximo martes al\u00a0<u>ministro de Salud; al fiscal general, Wilson Toainga; al gerente del hospital, Hugo Hern\u00e1ndez; y al director asistencial del mismo centro m\u00e9dico, Ariel Sarduy<\/u>, para que \u00abexpliquen a la ciudadan\u00eda las circunstancias de estos hechos\u00bb.<\/p>\n<p class=\"p_8\">La presidenta de la mesa legislativa,\u00a0<b>Viviana Veloz\u00a0<\/b>(Revoluci\u00f3n Ciudadana), expres\u00f3: \u201c<u>La muerte de 18 reci\u00e9n nacidos en el hospital Universitario de Guayaquil es una tragedia intolerable<\/u>\u201d<\/p>\n<p class=\"p_9\">De su lado, el alcalde de Guayaquil,\u00a0<b>Aquiles Alvarez<\/b>, tambi\u00e9n conden\u00f3 el hecho y denunci\u00f3 que \u00ab18 reci\u00e9n nacidos fallecieron en un hospital p\u00fablico debido a la falta de\u00a0<b>c\u00e1nulas nasales<\/b>&#8230; no cuestan m\u00e1s de $4 d\u00f3lares\u00bb.<\/p>\n<p class=\"p_10\">Adem\u00e1s, dijo que desde la direcci\u00f3n de Acci\u00f3n Social de la Municipalidad se acercar\u00e1n a los familiares para brindar atenci\u00f3n. \u00abLes ruego se\u00f1ores m\u00e9dicos informarnos cuantas c\u00e1nulas faltan para comprarlas inmediatamente\u00bb, a\u00f1adi\u00f3 el alcalde.<\/p>\n<\/div>\n<h2 class=\"h2vistazo\">Muertes de neonatos en Hospital Universitario<\/h2>\n<div class=\"paragraph texto\">\n<p class=\"p_11\">El Hospital Universitario de Guayaquil emiti\u00f3 un comunicado para explicar las circunstancias de las recientes muertes de\u00a0<b>reci\u00e9n nacidos<\/b>\u00a0y detallar los protocolos que se han implementado.<\/p>\n<p class=\"p_12\">Seg\u00fan la instituci\u00f3n, tras revisar los informes de vigilancia epidemiol\u00f3gica, resultados microbiol\u00f3gicos y protocolos m\u00e9dicos, \u00ab<u>podemos desvirtuar cualquier tipo de noticia referente a fallecimientos por\u00a0<\/u><u><b>contaminaci\u00f3n\u00a0<\/b><\/u><u>en la Unidad de Cuidados Intensivos Neonatales (UCIN)<\/u>\u00ab.<\/p>\n<p class=\"p_14\">El hospital afirm\u00f3 que, desde el inicio de la\u00a0<b>alerta epidemiol\u00f3gica<\/b>, se han registrado\u00a0<u>12 muertes de neonatos por causas multifactoriales<\/u>, vinculadas principalmente a complicaciones derivadas de nacimientos\u00a0<b>prematuros\u00a0<\/b>o\u00a0<b>muy prematuros<\/b>.<\/p>\n<p class=\"p_15\">Adem\u00e1s, de acuerdo con los reportes levantados,\u00a0<u>dos de estos casos pueden atribuirse a una infecci\u00f3n por\u00a0<\/u><u><i>Klebsiella Pneumoniae<\/i><\/u><u>\u00a0productora de carbapenemasas<\/u>.<\/p>\n<p class=\"p_16\">La administraci\u00f3n aclar\u00f3 que la UCIN contin\u00faa\u00a0<b>operativa\u00a0<\/b>y brinda atenci\u00f3n permanente a todos los pacientes ingresados. Adem\u00e1s, se han activado protocolos espec\u00edficos:<\/p>\n<\/div>\n<ul>\n<li class=\"bulletvistazo\">Toma de muestras de sangre a pacientes con sospecha cl\u00ednica.<\/li>\n<li class=\"bulletvistazo\">Reubicaci\u00f3n de los reci\u00e9n nacidos para prevenci\u00f3n.<\/li>\n<li class=\"bulletvistazo\">Desinfecci\u00f3n terminal completa de la unidad.<\/li>\n<li class=\"bulletvistazo\">Procesamiento de muestras.<\/li>\n<li class=\"bulletvistazo\">Activaci\u00f3n de un especialista en infectolog\u00eda de manera permanente para optimizar el manejo antimicrobiano.<\/li>\n<li class=\"bulletvistazo\">Fortalecimiento de medidas de bioseguridad.<\/li>\n<li class=\"bulletvistazo\">B\u00fasqueda activa de casos mediante hisopados rectales.<\/li>\n<\/ul>\n<div class=\"paragraph texto\">\n<p class=\"p_17\">Finalmente, la instituci\u00f3n enfatiz\u00f3: \u201cDesvirtuamos las versiones que circulan en redes sociales sobre la\u00a0<b>reutilizaci\u00f3n de insumos m\u00e9dicos<\/b>\u201d. <strong>Fuente: Vistazo<\/strong><\/p>\n<\/div>\n","protected":false},"excerpt":{"rendered":"<p>La noche de este s\u00e1bado 9 de agosto, el ministro de Salud,\u00a0Jimmy Martin, dispuso la apertura de una investigaci\u00f3n y la desvinculaci\u00f3n del gerente del\u00a0Hospital Universitario de Guayaquil, Hugo Hern\u00e1ndez, luego de la alarma generada por la muerte de\u00a0reci\u00e9n nacidos\u00a0en esa casa de salud, por una presunta infecci\u00f3n asociada a la atenci\u00f3n sanitaria. El hospital reconoci\u00f3 el fallecimiento de doce\u00a0neonatos\u00a0dentro de sus instalaciones, mientras que algunas autoridades han mencionado que la cifra ascender\u00eda a 18 v\u00edctimas. Al respecto, el ministro Martin se\u00f1al\u00f3 que, adem\u00e1s de la investigaci\u00f3n a cargo de un equipo de especialistas, solicit\u00f3 la renuncia del gerente del hospital y dispuso que se brinde atenci\u00f3n\u00a0psicol\u00f3gica\u00a0a los\u00a0padres\u00a0de los\u00a0neonatos\u00a0fallecidos. \u201cLa vida de nuestros ni\u00f1os est\u00e1 por encima de todo y de todos\u201d, afirm\u00f3. El ministro detall\u00f3 tres acciones inmediatas: 1. La renuncia del gerente del hospital. 2. Desplegar un equipo de especialistas en el lugar e iniciar un proceso de investigaci\u00f3n sobre el caso. 3. Brindar atenci\u00f3n psicol\u00f3gica a los padres de los dos neonatos fallecidos a causa de una bacteria. \u201cQuiero solidarizarme con las familias de quienes perdieron a sus reci\u00e9n nacidos y comprometerme a que esto, en la medida en que sea prevenible, no vuelva a ocurrir\u201d, agreg\u00f3. Por su parte, la Comisi\u00f3n de Protecci\u00f3n a Ni\u00f1as, Ni\u00f1os y Adolescentes de la Asamblea Nacional ha convocado para el pr\u00f3ximo martes al\u00a0ministro de Salud; al fiscal general, Wilson Toainga; al gerente del hospital, Hugo Hern\u00e1ndez; y al director asistencial del mismo centro m\u00e9dico, Ariel Sarduy, para que \u00abexpliquen a la ciudadan\u00eda las circunstancias de estos hechos\u00bb. La presidenta de la mesa legislativa,\u00a0Viviana Veloz\u00a0(Revoluci\u00f3n Ciudadana), expres\u00f3: \u201cLa muerte de 18 reci\u00e9n nacidos en el hospital Universitario de Guayaquil es una tragedia intolerable\u201d De su lado, el alcalde de Guayaquil,\u00a0Aquiles Alvarez, tambi\u00e9n conden\u00f3 el hecho y denunci\u00f3 que \u00ab18 reci\u00e9n nacidos fallecieron en un hospital p\u00fablico debido a la falta de\u00a0c\u00e1nulas nasales&#8230; no cuestan m\u00e1s de $4 d\u00f3lares\u00bb. Adem\u00e1s, dijo que desde la direcci\u00f3n de Acci\u00f3n Social de la Municipalidad se acercar\u00e1n a los familiares para brindar atenci\u00f3n. \u00abLes ruego se\u00f1ores m\u00e9dicos informarnos cuantas c\u00e1nulas faltan para comprarlas inmediatamente\u00bb, a\u00f1adi\u00f3 el alcalde. Muertes de neonatos en Hospital Universitario El Hospital Universitario de Guayaquil emiti\u00f3 un comunicado para explicar las circunstancias de las recientes muertes de\u00a0reci\u00e9n nacidos\u00a0y detallar los protocolos que se han implementado. Seg\u00fan la instituci\u00f3n, tras revisar los informes de vigilancia epidemiol\u00f3gica, resultados microbiol\u00f3gicos y protocolos m\u00e9dicos, \u00abpodemos desvirtuar cualquier tipo de noticia referente a fallecimientos por\u00a0contaminaci\u00f3n\u00a0en la Unidad de Cuidados Intensivos Neonatales (UCIN)\u00ab. El hospital afirm\u00f3 que, desde el inicio de la\u00a0alerta epidemiol\u00f3gica, se han registrado\u00a012 muertes de neonatos por causas multifactoriales, vinculadas principalmente a complicaciones derivadas de nacimientos\u00a0prematuros\u00a0o\u00a0muy prematuros. Adem\u00e1s, de acuerdo con los reportes levantados,\u00a0dos de estos casos pueden atribuirse a una infecci\u00f3n por\u00a0Klebsiella Pneumoniae\u00a0productora de carbapenemasas. La administraci\u00f3n aclar\u00f3 que la UCIN contin\u00faa\u00a0operativa\u00a0y brinda atenci\u00f3n permanente a todos los pacientes ingresados. Adem\u00e1s, se han activado protocolos espec\u00edficos: Toma de muestras de sangre a pacientes con sospecha cl\u00ednica. Reubicaci\u00f3n de los reci\u00e9n nacidos para prevenci\u00f3n. Desinfecci\u00f3n terminal completa de la unidad. Procesamiento de muestras. Activaci\u00f3n de un especialista en infectolog\u00eda de manera permanente para optimizar el manejo antimicrobiano. Fortalecimiento de medidas de bioseguridad. B\u00fasqueda activa de casos mediante hisopados rectales. Finalmente, la instituci\u00f3n enfatiz\u00f3: \u201cDesvirtuamos las versiones que circulan en redes sociales sobre la\u00a0reutilizaci\u00f3n de insumos m\u00e9dicos\u201d. Fuente: Vistazo<\/p>\n","protected":false},"author":1,"featured_media":25470,"comment_status":"closed","ping_status":"closed","sticky":false,"template":"","format":"standard","meta":{"footnotes":""},"categories":[268],"tags":[],"class_list":["post-25469","post","type-post","status-publish","format-standard","has-post-thumbnail","hentry","category-nacionales"],"_links":{"self":[{"href":"https:\/\/www.elamazonico.com\/portal\/wp-json\/wp\/v2\/posts\/25469","targetHints":{"allow":["GET"]}}],"collection":[{"href":"https:\/\/www.elamazonico.com\/portal\/wp-json\/wp\/v2\/posts"}],"about":[{"href":"https:\/\/www.elamazonico.com\/portal\/wp-json\/wp\/v2\/types\/post"}],"author":[{"embeddable":true,"href":"https:\/\/www.elamazonico.com\/portal\/wp-json\/wp\/v2\/users\/1"}],"replies":[{"embeddable":true,"href":"https:\/\/www.elamazonico.com\/portal\/wp-json\/wp\/v2\/comments?post=25469"}],"version-history":[{"count":1,"href":"https:\/\/www.elamazonico.com\/portal\/wp-json\/wp\/v2\/posts\/25469\/revisions"}],"predecessor-version":[{"id":25471,"href":"https:\/\/www.elamazonico.com\/portal\/wp-json\/wp\/v2\/posts\/25469\/revisions\/25471"}],"wp:featuredmedia":[{"embeddable":true,"href":"https:\/\/www.elamazonico.com\/portal\/wp-json\/wp\/v2\/media\/25470"}],"wp:attachment":[{"href":"https:\/\/www.elamazonico.com\/portal\/wp-json\/wp\/v2\/media?parent=25469"}],"wp:term":[{"taxonomy":"category","embeddable":true,"href":"https:\/\/www.elamazonico.com\/portal\/wp-json\/wp\/v2\/categories?post=25469"},{"taxonomy":"post_tag","embeddable":true,"href":"https:\/\/www.elamazonico.com\/portal\/wp-json\/wp\/v2\/tags?post=25469"}],"curies":[{"name":"wp","href":"https:\/\/api.w.org\/{rel}","templated":true}]}}