{"id":25455,"date":"2025-08-07T18:53:06","date_gmt":"2025-08-07T23:53:06","guid":{"rendered":"https:\/\/www.elamazonico.com\/portal\/?p=25455"},"modified":"2025-08-07T18:57:39","modified_gmt":"2025-08-07T23:57:39","slug":"se-reanudan-elecciones-en-los-nucleos-provinciales-de-la-casa-de-la-cultura-ecuatoriana","status":"publish","type":"post","link":"https:\/\/www.elamazonico.com\/portal\/se-reanudan-elecciones-en-los-nucleos-provinciales-de-la-casa-de-la-cultura-ecuatoriana\/","title":{"rendered":"Se reanudan elecciones en la Casa de la Cultura y busca renovar el compromiso cultural del pa\u00eds"},"content":{"rendered":"<p>La Sede Nacional de la Casa de la Cultura Ecuatoriana \u201cBenjam\u00edn Carri\u00f3n\u201d, mediante comunicado oficial, informa a la ciudadan\u00eda, a los n\u00facleos provinciales y a las candidaturas inscritas que, mediante resoluci\u00f3n del juez Byron Andr\u00e9s Vallejo Naranjo, se ha dispuesto el levantamiento parcial de las medidas cautelares que suspend\u00edan el proceso electoral a escala nacional.<\/p>\n<p>En consecuencia, se reanuda el proceso electoral en los 24 n\u00facleos provinciales, mientras que permanece suspendida la elecci\u00f3n de la Presidencia Nacional.<\/p>\n<p>Mediante Memorando N.\u00ba CCE-SG-2025-0231-M, de fecha 7 de agosto, suscrito por el secretario general Jos\u00e9 Alfonso Montalvo Y\u00e9pez, se inform\u00f3 a las Comisiones Electorales Provinciales sobre la providencia dictada en la acci\u00f3n de protecci\u00f3n N.\u00ba 17230-2025-16729. En esta, el juez ponente en sus puntos resolutivos 5 y 6 dictamin\u00f3:<\/p>\n<p>\u201c5.- Con lo manifestado, al amparo de lo previsto en el Art. 30 de la LOGJCC, se dispone la revocatoria parcial de la medida cautelar dispuesta en la presente causa, en lo que respecta a la suspensi\u00f3n de las elecciones de los n\u00facleos provinciales, toda vez que el accionante no participa en dicho proceso electoral ni ha demostrado afectaci\u00f3n directa a sus derechos en esa fase\u201d.<\/p>\n<p>\u201c6.-Se deja en claro que la medida cautelar en los t\u00e9rminos ordenados solo opera para el proceso electoral convocado para la elecci\u00f3n de Presidente de la Sede Nacional de la Casa de la Cultura Ecuatoriana \u2018Benjam\u00edn Carri\u00f3n\u2019. Consecuentemente, los procesos electorales provinciales continuar\u00e1n su normal desarrollo de acuerdo al cronograma establecido\u201d.<\/p>\n<p>En concordancia con el reglamento de elecciones, el art\u00edculo 8 establece que las elecciones de Directoras o Directores Provinciales se celebrar\u00e1n el tercer s\u00e1bado del mes de agosto, y la posesi\u00f3n se efectuar\u00e1 diez d\u00edas h\u00e1biles despu\u00e9s, con el fin de asegurar una transici\u00f3n ordenada de la gesti\u00f3n.<\/p>\n<p>Por tanto, la Comisi\u00f3n Electoral Nacional, en sesi\u00f3n N.\u00ba CCE-CEN-018-2025 resolvi\u00f3 disponer la reactivaci\u00f3n del proceso electoral para Directorios Provinciales, cuyo proceso de elecci\u00f3n se llevar\u00e1 a cabo el 16 de agosto de 2025, conforme al calendario electoral previamente aprobado.<\/p>\n<p>Se deja expresa constancia de que el calendario electoral vigente no ha sido modificado. En consecuencia, las y los participantes deber\u00e1n continuar con la sustanciaci\u00f3n del proceso conforme a las reglas previamente establecidas.<\/p>\n","protected":false},"excerpt":{"rendered":"<p>La Sede Nacional de la Casa de la Cultura Ecuatoriana \u201cBenjam\u00edn Carri\u00f3n\u201d, mediante comunicado oficial, informa a la ciudadan\u00eda, a los n\u00facleos provinciales y a las candidaturas inscritas que, mediante resoluci\u00f3n del juez Byron Andr\u00e9s Vallejo Naranjo, se ha dispuesto el levantamiento parcial de las medidas cautelares que suspend\u00edan el proceso electoral a escala nacional. En consecuencia, se reanuda el proceso electoral en los 24 n\u00facleos provinciales, mientras que permanece suspendida la elecci\u00f3n de la Presidencia Nacional. Mediante Memorando N.\u00ba CCE-SG-2025-0231-M, de fecha 7 de agosto, suscrito por el secretario general Jos\u00e9 Alfonso Montalvo Y\u00e9pez, se inform\u00f3 a las Comisiones Electorales Provinciales sobre la providencia dictada en la acci\u00f3n de protecci\u00f3n N.\u00ba 17230-2025-16729. En esta, el juez ponente en sus puntos resolutivos 5 y 6 dictamin\u00f3: \u201c5.- Con lo manifestado, al amparo de lo previsto en el Art. 30 de la LOGJCC, se dispone la revocatoria parcial de la medida cautelar dispuesta en la presente causa, en lo que respecta a la suspensi\u00f3n de las elecciones de los n\u00facleos provinciales, toda vez que el accionante no participa en dicho proceso electoral ni ha demostrado afectaci\u00f3n directa a sus derechos en esa fase\u201d. \u201c6.-Se deja en claro que la medida cautelar en los t\u00e9rminos ordenados solo opera para el proceso electoral convocado para la elecci\u00f3n de Presidente de la Sede Nacional de la Casa de la Cultura Ecuatoriana \u2018Benjam\u00edn Carri\u00f3n\u2019. Consecuentemente, los procesos electorales provinciales continuar\u00e1n su normal desarrollo de acuerdo al cronograma establecido\u201d. En concordancia con el reglamento de elecciones, el art\u00edculo 8 establece que las elecciones de Directoras o Directores Provinciales se celebrar\u00e1n el tercer s\u00e1bado del mes de agosto, y la posesi\u00f3n se efectuar\u00e1 diez d\u00edas h\u00e1biles despu\u00e9s, con el fin de asegurar una transici\u00f3n ordenada de la gesti\u00f3n. Por tanto, la Comisi\u00f3n Electoral Nacional, en sesi\u00f3n N.\u00ba CCE-CEN-018-2025 resolvi\u00f3 disponer la reactivaci\u00f3n del proceso electoral para Directorios Provinciales, cuyo proceso de elecci\u00f3n se llevar\u00e1 a cabo el 16 de agosto de 2025, conforme al calendario electoral previamente aprobado. Se deja expresa constancia de que el calendario electoral vigente no ha sido modificado. En consecuencia, las y los participantes deber\u00e1n continuar con la sustanciaci\u00f3n del proceso conforme a las reglas previamente establecidas.<\/p>\n","protected":false},"author":1,"featured_media":25456,"comment_status":"closed","ping_status":"closed","sticky":false,"template":"","format":"standard","meta":{"footnotes":""},"categories":[268,243],"tags":[],"class_list":["post-25455","post","type-post","status-publish","format-standard","has-post-thumbnail","hentry","category-nacionales","category-noticias-zamora"],"_links":{"self":[{"href":"https:\/\/www.elamazonico.com\/portal\/wp-json\/wp\/v2\/posts\/25455","targetHints":{"allow":["GET"]}}],"collection":[{"href":"https:\/\/www.elamazonico.com\/portal\/wp-json\/wp\/v2\/posts"}],"about":[{"href":"https:\/\/www.elamazonico.com\/portal\/wp-json\/wp\/v2\/types\/post"}],"author":[{"embeddable":true,"href":"https:\/\/www.elamazonico.com\/portal\/wp-json\/wp\/v2\/users\/1"}],"replies":[{"embeddable":true,"href":"https:\/\/www.elamazonico.com\/portal\/wp-json\/wp\/v2\/comments?post=25455"}],"version-history":[{"count":3,"href":"https:\/\/www.elamazonico.com\/portal\/wp-json\/wp\/v2\/posts\/25455\/revisions"}],"predecessor-version":[{"id":25459,"href":"https:\/\/www.elamazonico.com\/portal\/wp-json\/wp\/v2\/posts\/25455\/revisions\/25459"}],"wp:featuredmedia":[{"embeddable":true,"href":"https:\/\/www.elamazonico.com\/portal\/wp-json\/wp\/v2\/media\/25456"}],"wp:attachment":[{"href":"https:\/\/www.elamazonico.com\/portal\/wp-json\/wp\/v2\/media?parent=25455"}],"wp:term":[{"taxonomy":"category","embeddable":true,"href":"https:\/\/www.elamazonico.com\/portal\/wp-json\/wp\/v2\/categories?post=25455"},{"taxonomy":"post_tag","embeddable":true,"href":"https:\/\/www.elamazonico.com\/portal\/wp-json\/wp\/v2\/tags?post=25455"}],"curies":[{"name":"wp","href":"https:\/\/api.w.org\/{rel}","templated":true}]}}