{"id":25410,"date":"2025-08-06T04:05:12","date_gmt":"2025-08-06T09:05:12","guid":{"rendered":"https:\/\/www.elamazonico.com\/portal\/?p=25410"},"modified":"2025-08-05T21:55:59","modified_gmt":"2025-08-06T02:55:59","slug":"esperanza-rogel-liderara-creacion-de-universidades-amazonicas-con-el-apoyo-de-82-votos-en-la-asamblea","status":"publish","type":"post","link":"https:\/\/www.elamazonico.com\/portal\/esperanza-rogel-liderara-creacion-de-universidades-amazonicas-con-el-apoyo-de-82-votos-en-la-asamblea\/","title":{"rendered":"Esperanza Rogel liderar\u00e1 creaci\u00f3n de universidades amaz\u00f3nicas con el apoyo de 82 votos en la Asamblea"},"content":{"rendered":"<p>En una decisi\u00f3n trascendental para el desarrollo educativo y territorial del pa\u00eds, la Asamblea Nacional del Ecuador design\u00f3, con 82 votos afirmativos, a la asamble\u00edsta por Zamora Chinchipe, Esperanza Rogel, como representante ante la Comisi\u00f3n T\u00e9cnica encargada de dar seguimiento al proceso de creaci\u00f3n de las cuatro nuevas universidades estatales amaz\u00f3nicas.<\/p>\n<p>La moci\u00f3n fue presentada por el legislador Adri\u00e1n Castro y respaldada ampliamente por el Pleno, lo que evidencia el inter\u00e9s pol\u00edtico por fortalecer el acceso a la educaci\u00f3n superior en las provincias de la Amazon\u00eda ecuatoriana.<\/p>\n<p>Durante su intervenci\u00f3n, la legisladora Rogel agradeci\u00f3 la confianza depositada por sus colegas y dedic\u00f3 este nombramiento a las mujeres amaz\u00f3nicas, a las juventudes de su provincia y al presidente de la Rep\u00fablica, Daniel Noboa, a quien reconoci\u00f3 por impulsar pol\u00edticas educativas con enfoque territorial.<\/p>\n<p>\u201cEste es un compromiso con la Amazon\u00eda, con nuestros j\u00f3venes y con las generaciones futuras\u201d, enfatiz\u00f3 Rogel.<\/p>\n<p>La creaci\u00f3n de estas instituciones de educaci\u00f3n superior tiene como prop\u00f3sito central reducir las desigualdades estructurales, fortalecer el talento humano local y evitar la migraci\u00f3n forzada de j\u00f3venes amaz\u00f3nicos que, por falta de oferta acad\u00e9mica cercana, deben abandonar sus territorios para acceder a estudios universitarios.<\/p>\n","protected":false},"excerpt":{"rendered":"<p>En una decisi\u00f3n trascendental para el desarrollo educativo y territorial del pa\u00eds, la Asamblea Nacional del Ecuador design\u00f3, con 82 votos afirmativos, a la asamble\u00edsta por Zamora Chinchipe, Esperanza Rogel, como representante ante la Comisi\u00f3n T\u00e9cnica encargada de dar seguimiento al proceso de creaci\u00f3n de las cuatro nuevas universidades estatales amaz\u00f3nicas. La moci\u00f3n fue presentada por el legislador Adri\u00e1n Castro y respaldada ampliamente por el Pleno, lo que evidencia el inter\u00e9s pol\u00edtico por fortalecer el acceso a la educaci\u00f3n superior en las provincias de la Amazon\u00eda ecuatoriana. Durante su intervenci\u00f3n, la legisladora Rogel agradeci\u00f3 la confianza depositada por sus colegas y dedic\u00f3 este nombramiento a las mujeres amaz\u00f3nicas, a las juventudes de su provincia y al presidente de la Rep\u00fablica, Daniel Noboa, a quien reconoci\u00f3 por impulsar pol\u00edticas educativas con enfoque territorial. \u201cEste es un compromiso con la Amazon\u00eda, con nuestros j\u00f3venes y con las generaciones futuras\u201d, enfatiz\u00f3 Rogel. La creaci\u00f3n de estas instituciones de educaci\u00f3n superior tiene como prop\u00f3sito central reducir las desigualdades estructurales, fortalecer el talento humano local y evitar la migraci\u00f3n forzada de j\u00f3venes amaz\u00f3nicos que, por falta de oferta acad\u00e9mica cercana, deben abandonar sus territorios para acceder a estudios universitarios.<\/p>\n","protected":false},"author":1,"featured_media":25411,"comment_status":"closed","ping_status":"closed","sticky":false,"template":"","format":"standard","meta":{"footnotes":""},"categories":[243],"tags":[],"class_list":["post-25410","post","type-post","status-publish","format-standard","has-post-thumbnail","hentry","category-noticias-zamora"],"_links":{"self":[{"href":"https:\/\/www.elamazonico.com\/portal\/wp-json\/wp\/v2\/posts\/25410","targetHints":{"allow":["GET"]}}],"collection":[{"href":"https:\/\/www.elamazonico.com\/portal\/wp-json\/wp\/v2\/posts"}],"about":[{"href":"https:\/\/www.elamazonico.com\/portal\/wp-json\/wp\/v2\/types\/post"}],"author":[{"embeddable":true,"href":"https:\/\/www.elamazonico.com\/portal\/wp-json\/wp\/v2\/users\/1"}],"replies":[{"embeddable":true,"href":"https:\/\/www.elamazonico.com\/portal\/wp-json\/wp\/v2\/comments?post=25410"}],"version-history":[{"count":1,"href":"https:\/\/www.elamazonico.com\/portal\/wp-json\/wp\/v2\/posts\/25410\/revisions"}],"predecessor-version":[{"id":25412,"href":"https:\/\/www.elamazonico.com\/portal\/wp-json\/wp\/v2\/posts\/25410\/revisions\/25412"}],"wp:featuredmedia":[{"embeddable":true,"href":"https:\/\/www.elamazonico.com\/portal\/wp-json\/wp\/v2\/media\/25411"}],"wp:attachment":[{"href":"https:\/\/www.elamazonico.com\/portal\/wp-json\/wp\/v2\/media?parent=25410"}],"wp:term":[{"taxonomy":"category","embeddable":true,"href":"https:\/\/www.elamazonico.com\/portal\/wp-json\/wp\/v2\/categories?post=25410"},{"taxonomy":"post_tag","embeddable":true,"href":"https:\/\/www.elamazonico.com\/portal\/wp-json\/wp\/v2\/tags?post=25410"}],"curies":[{"name":"wp","href":"https:\/\/api.w.org\/{rel}","templated":true}]}}