{"id":25378,"date":"2025-08-05T04:05:37","date_gmt":"2025-08-05T09:05:37","guid":{"rendered":"https:\/\/www.elamazonico.com\/portal\/?p=25378"},"modified":"2025-08-04T20:24:38","modified_gmt":"2025-08-05T01:24:38","slug":"jimmy-tene-presenta-propuesta-cultural-para-liderar-la-casa-de-la-cultura-de-zamora-chinchipe","status":"publish","type":"post","link":"https:\/\/www.elamazonico.com\/portal\/jimmy-tene-presenta-propuesta-cultural-para-liderar-la-casa-de-la-cultura-de-zamora-chinchipe\/","title":{"rendered":"Jimmy Tene presenta propuesta cultural para liderar la Casa de la Cultura de Zamora Chinchipe"},"content":{"rendered":"<p>En el programa informativo \u00abFrente a Frente\u00bb, el candidato Jimmy Tene dio a conocer los pilares fundamentales de su propuesta para presidir la Casa de la Cultura Ecuatoriana, N\u00facleo de Zamora Chinchipe, bajo el movimiento \u00abCultura Activa\u00bb. Acompa\u00f1ado de su equipo, Tene expuso con claridad las motivaciones, ejes de acci\u00f3n y su visi\u00f3n de evoluci\u00f3n cultural para la provincia.<\/p>\n<p>Durante la entrevista, Tene se refiri\u00f3 a la reciente suspensi\u00f3n del proceso electoral, como resultado de una acci\u00f3n de protecci\u00f3n interpuesta por otro candidato. No obstante, destac\u00f3 que esta situaci\u00f3n le permite fortalecer el contacto con los actores culturales y profundizar su plan de trabajo.<\/p>\n<p>\u00abLa Casa de la Cultura ha sido una instituci\u00f3n aut\u00f3noma de gesti\u00f3n de recursos y as\u00ed debe mantenerse. Esto representa un desaf\u00edo, pero tambi\u00e9n una gran oportunidad para revalorizar el patrimonio cultural material e inmaterial de nuestra provincia\u00bb, afirm\u00f3 Tene. En este contexto, resalt\u00f3 la reuni\u00f3n sostenida con Juan Merino, candidato a director nacional, con quien se acord\u00f3 una articulaci\u00f3n interinstitucional entre los n\u00facleos amaz\u00f3nicos y la sede nacional.<\/p>\n<p><strong>Ejes de su plan de trabajo<\/strong><br \/>\nEl plan de gesti\u00f3n cultural de Jimmy Tene se estructura en cinco ejes estrat\u00e9gicos:<br \/>\n<strong>1.<\/strong> Inclusi\u00f3n Cultural: Promover la participaci\u00f3n de artistas y gestores culturales hist\u00f3ricamente excluidos, especialmente de zonas rurales, pueblos y nacionalidades (como el pueblo Kichwa-Saraguro, Shuar y afrodescendientes). Este eje busca recuperar y visibilizar los saberes ancestrales, el arte comunitario y nuevas formas de expresi\u00f3n.<br \/>\n<strong>2.<\/strong> Fortalecimiento Comunicacional y Digital: Digitalizar libros, poes\u00edas y leyendas locales para convertirlos en audiolibros y piezas audiovisuales (como anime y cine comunitario). Se plantea una alianza con medios de comunicaci\u00f3n para incentivar la lectura y el acceso a la literatura zamorana.<br \/>\n<strong>3.<\/strong> Impulso a la Creaci\u00f3n Literaria e Investigaci\u00f3n: Brindar apoyo a j\u00f3venes escritores y poetas, promover la publicaci\u00f3n de obras y mitos locales. Tambi\u00e9n se destaca la necesidad de motivar el pensamiento cr\u00edtico, la investigaci\u00f3n cultural y la cr\u00edtica especializada como una nueva forma de profesionalizar el arte.<\/p>\n<p><strong>4.<\/strong> Articulaci\u00f3n Territorial e Interinstitucional: Democratizar la gesti\u00f3n cultural llevando talleres, proyectos y acompa\u00f1amiento a los cantones y parroquias de la provincia. Se plantea el trabajo coordinado con los GADs parroquiales, cantonales y con la Direcci\u00f3n Nacional para descentralizar la acci\u00f3n cultural.<br \/>\n<strong>5.<\/strong> Transformaci\u00f3n del Espacio P\u00fablico: Embellecer barrios y comunidades desde el arte urbano. Se propuso un plan piloto para convertir a Nambija en un \u00ablienzo vivo\u00bb, interviniendo visualmente las fachadas y espacios p\u00fablicos con color y expresi\u00f3n art\u00edstica.<\/p>\n<p><strong>Un liderazgo inclusivo y plural<\/strong><br \/>\nJimmy Tene destac\u00f3 que su candidatura representa un compromiso firme con la diversidad de pensamiento y la cr\u00edtica constructiva. En caso de llegar al cargo, anunci\u00f3 que se reincorporar\u00e1 a los miembros y artistas que han sido desvinculados sin justificaci\u00f3n, entre ellos autores como Giovanni Jumbo, con una vasta trayectoria literaria.<\/p>\n<p>\u00abExisten grandes talentos escondidos, y nuestra labor es abrir las puertas, no cerrarlas. Nuestra gesti\u00f3n ser\u00e1 participativa, inclusiva, plural y cercana al territorio\u00bb, concluy\u00f3 Tene.<\/p>\n","protected":false},"excerpt":{"rendered":"<p>En el programa informativo \u00abFrente a Frente\u00bb, el candidato Jimmy Tene dio a conocer los pilares fundamentales de su propuesta para presidir la Casa de la Cultura Ecuatoriana, N\u00facleo de Zamora Chinchipe, bajo el movimiento \u00abCultura Activa\u00bb. Acompa\u00f1ado de su equipo, Tene expuso con claridad las motivaciones, ejes de acci\u00f3n y su visi\u00f3n de evoluci\u00f3n cultural para la provincia. Durante la entrevista, Tene se refiri\u00f3 a la reciente suspensi\u00f3n del proceso electoral, como resultado de una acci\u00f3n de protecci\u00f3n interpuesta por otro candidato. No obstante, destac\u00f3 que esta situaci\u00f3n le permite fortalecer el contacto con los actores culturales y profundizar su plan de trabajo. \u00abLa Casa de la Cultura ha sido una instituci\u00f3n aut\u00f3noma de gesti\u00f3n de recursos y as\u00ed debe mantenerse. Esto representa un desaf\u00edo, pero tambi\u00e9n una gran oportunidad para revalorizar el patrimonio cultural material e inmaterial de nuestra provincia\u00bb, afirm\u00f3 Tene. En este contexto, resalt\u00f3 la reuni\u00f3n sostenida con Juan Merino, candidato a director nacional, con quien se acord\u00f3 una articulaci\u00f3n interinstitucional entre los n\u00facleos amaz\u00f3nicos y la sede nacional. Ejes de su plan de trabajo El plan de gesti\u00f3n cultural de Jimmy Tene se estructura en cinco ejes estrat\u00e9gicos: 1. Inclusi\u00f3n Cultural: Promover la participaci\u00f3n de artistas y gestores culturales hist\u00f3ricamente excluidos, especialmente de zonas rurales, pueblos y nacionalidades (como el pueblo Kichwa-Saraguro, Shuar y afrodescendientes). Este eje busca recuperar y visibilizar los saberes ancestrales, el arte comunitario y nuevas formas de expresi\u00f3n. 2. Fortalecimiento Comunicacional y Digital: Digitalizar libros, poes\u00edas y leyendas locales para convertirlos en audiolibros y piezas audiovisuales (como anime y cine comunitario). Se plantea una alianza con medios de comunicaci\u00f3n para incentivar la lectura y el acceso a la literatura zamorana. 3. Impulso a la Creaci\u00f3n Literaria e Investigaci\u00f3n: Brindar apoyo a j\u00f3venes escritores y poetas, promover la publicaci\u00f3n de obras y mitos locales. Tambi\u00e9n se destaca la necesidad de motivar el pensamiento cr\u00edtico, la investigaci\u00f3n cultural y la cr\u00edtica especializada como una nueva forma de profesionalizar el arte. 4. Articulaci\u00f3n Territorial e Interinstitucional: Democratizar la gesti\u00f3n cultural llevando talleres, proyectos y acompa\u00f1amiento a los cantones y parroquias de la provincia. Se plantea el trabajo coordinado con los GADs parroquiales, cantonales y con la Direcci\u00f3n Nacional para descentralizar la acci\u00f3n cultural. 5. Transformaci\u00f3n del Espacio P\u00fablico: Embellecer barrios y comunidades desde el arte urbano. Se propuso un plan piloto para convertir a Nambija en un \u00ablienzo vivo\u00bb, interviniendo visualmente las fachadas y espacios p\u00fablicos con color y expresi\u00f3n art\u00edstica. Un liderazgo inclusivo y plural Jimmy Tene destac\u00f3 que su candidatura representa un compromiso firme con la diversidad de pensamiento y la cr\u00edtica constructiva. En caso de llegar al cargo, anunci\u00f3 que se reincorporar\u00e1 a los miembros y artistas que han sido desvinculados sin justificaci\u00f3n, entre ellos autores como Giovanni Jumbo, con una vasta trayectoria literaria. \u00abExisten grandes talentos escondidos, y nuestra labor es abrir las puertas, no cerrarlas. Nuestra gesti\u00f3n ser\u00e1 participativa, inclusiva, plural y cercana al territorio\u00bb, concluy\u00f3 Tene.<\/p>\n","protected":false},"author":1,"featured_media":25379,"comment_status":"closed","ping_status":"closed","sticky":false,"template":"","format":"standard","meta":{"footnotes":""},"categories":[243],"tags":[],"class_list":["post-25378","post","type-post","status-publish","format-standard","has-post-thumbnail","hentry","category-noticias-zamora"],"_links":{"self":[{"href":"https:\/\/www.elamazonico.com\/portal\/wp-json\/wp\/v2\/posts\/25378","targetHints":{"allow":["GET"]}}],"collection":[{"href":"https:\/\/www.elamazonico.com\/portal\/wp-json\/wp\/v2\/posts"}],"about":[{"href":"https:\/\/www.elamazonico.com\/portal\/wp-json\/wp\/v2\/types\/post"}],"author":[{"embeddable":true,"href":"https:\/\/www.elamazonico.com\/portal\/wp-json\/wp\/v2\/users\/1"}],"replies":[{"embeddable":true,"href":"https:\/\/www.elamazonico.com\/portal\/wp-json\/wp\/v2\/comments?post=25378"}],"version-history":[{"count":1,"href":"https:\/\/www.elamazonico.com\/portal\/wp-json\/wp\/v2\/posts\/25378\/revisions"}],"predecessor-version":[{"id":25380,"href":"https:\/\/www.elamazonico.com\/portal\/wp-json\/wp\/v2\/posts\/25378\/revisions\/25380"}],"wp:featuredmedia":[{"embeddable":true,"href":"https:\/\/www.elamazonico.com\/portal\/wp-json\/wp\/v2\/media\/25379"}],"wp:attachment":[{"href":"https:\/\/www.elamazonico.com\/portal\/wp-json\/wp\/v2\/media?parent=25378"}],"wp:term":[{"taxonomy":"category","embeddable":true,"href":"https:\/\/www.elamazonico.com\/portal\/wp-json\/wp\/v2\/categories?post=25378"},{"taxonomy":"post_tag","embeddable":true,"href":"https:\/\/www.elamazonico.com\/portal\/wp-json\/wp\/v2\/tags?post=25378"}],"curies":[{"name":"wp","href":"https:\/\/api.w.org\/{rel}","templated":true}]}}