{"id":25341,"date":"2025-08-05T04:00:13","date_gmt":"2025-08-05T09:00:13","guid":{"rendered":"https:\/\/www.elamazonico.com\/portal\/?p=25341"},"modified":"2025-08-04T10:18:21","modified_gmt":"2025-08-04T15:18:21","slug":"gobernacion-de-zamora-chinchipe-informa-avances-y-acciones-ejecutadas-en-la-provincia","status":"publish","type":"post","link":"https:\/\/www.elamazonico.com\/portal\/gobernacion-de-zamora-chinchipe-informa-avances-y-acciones-ejecutadas-en-la-provincia\/","title":{"rendered":"Gobernaci\u00f3n de Zamora Chinchipe informa avances y acciones ejecutadas en la provincia"},"content":{"rendered":"<p>En el marco de su compromiso con la transparencia y la gesti\u00f3n territorial, la Gobernadora de Zamora Chinchipe, Ivonne Panchi, dio una rueda de prensa este lunes 4 de agosto para informar sobre las principales acciones ejecutadas por el Gobierno Nacional en la provincia, durante la semana del 28 de julio al 3 de agosto.<\/p>\n<p>Durante su intervenci\u00f3n, la representante del Ejecutivo expres\u00f3 el saludo del presidente Daniel Noboa Az\u00edn y destac\u00f3 los avances en programas sociales y de desarrollo, subrayando que \u201cesta semana son buenas noticias, es un avance m\u00e1s hacia el desarrollo de nuestro pa\u00eds\u201d.<\/p>\n<p>Uno de los anuncios relevantes fue el inicio de una nueva fase del programa J\u00f3venes en Acci\u00f3n, que beneficiar\u00e1 a 81 mil j\u00f3venes a nivel nacional. En esta etapa, los j\u00f3venes de entre 18 y 29 a\u00f1os podr\u00e1n acceder a pasant\u00edas remuneradas por tres meses, permiti\u00e9ndoles adquirir experiencia en diversas instituciones p\u00fablicas. Las inscripciones estar\u00e1n habilitadas a partir del 5 de agosto, en una clara apuesta del Gobierno Nacional por brindar oportunidades reales a la juventud ecuatoriana.<\/p>\n<p>En el \u00e1mbito territorial, la Gobernadora inform\u00f3 sobre varias actividades relevantes:<br \/>\n\u2022 En San Francisco del Vergel, se ejecut\u00f3 una minga comunitaria liderada por la tenienta pol\u00edtica, enfocada en la limpieza de espacios deportivos para prevenir el mosquito Aedes aegypti, vector del dengue.<\/p>\n<p>\u2022 La Gobernaci\u00f3n contin\u00faa participando activamente en el COE provincial, evaluando los efectos del temporal invernal y proyectando soluciones.<br \/>\n\u2022 Se mantienen encuentros con presidentes de juntas parroquiales, para recoger necesidades del sector rural y trabajar en soluciones coordinadas.<\/p>\n<p>Adem\u00e1s, se anunci\u00f3 la ejecuci\u00f3n de estudios geof\u00edsicos mediante sobrevuelos en helic\u00f3ptero, a cargo del Instituto de Investigaci\u00f3n Geol\u00f3gico-Energ\u00e9tico (IIGE). Se aclar\u00f3 que estas actividades no representan ning\u00fan riesgo para la ciudadan\u00eda y forman parte de proyectos t\u00e9cnicos de inter\u00e9s nacional.<\/p>\n<p>Otro punto destacado fue la coordinaci\u00f3n con el GAD parroquial de Sabanilla, con el objetivo de impulsar obras locales, as\u00ed como la reciente visita del secretario t\u00e9cnico de la Amazon\u00eda, Oswaldo Valverde, para dar seguimiento a los proyectos financiados por el Fondo Com\u00fan Amaz\u00f3nico. Este fondo ya ha destinado m\u00e1s de 40 millones de d\u00f3lares en inversiones para la Amazon\u00eda, en beneficio de los GAD provinciales, cantonales y parroquiales.<\/p>\n<p>En materia de bienestar social, se desarroll\u00f3 una jornada de convivencia familiar en Tundayme, enfocada en el fortalecimiento emocional de j\u00f3venes y adultos, con el apoyo del Ministerio de Salud. As\u00ed tambi\u00e9n, se promovi\u00f3 el cr\u00e9dito AgroVioleta a trav\u00e9s de un trabajo conjunto entre BanEcuador y el Ministerio de Agricultura y Ganader\u00eda, con participaci\u00f3n activa de la gerenta Mar\u00eda Soledad Pinos.<\/p>\n<p>Finalmente, la Gobernadora inform\u00f3 sobre su participaci\u00f3n en la Mesa Nacional de Gobernabilidad realizada en Santa Elena, liderada por la nueva ministra de Gobierno, Zayda Rovira, a quien extendi\u00f3 sus felicitaciones, as\u00ed como a la nueva viceministra Justina Zambrano, destacando sus capacidades de liderazgo.<\/p>\n<p>Cerr\u00f3 su intervenci\u00f3n informando que el Gobierno Nacional ha realizado pagos por 403 millones de d\u00f3lares al sector salud en lo que va del a\u00f1o. En el primer trimestre se ejecutaron 108 millones, y en el segundo, 247 millones adicionales, consolidando el compromiso del presidente Noboa con el fortalecimiento del sistema sanitario nacional.<\/p>\n","protected":false},"excerpt":{"rendered":"<p>En el marco de su compromiso con la transparencia y la gesti\u00f3n territorial, la Gobernadora de Zamora Chinchipe, Ivonne Panchi, dio una rueda de prensa este lunes 4 de agosto para informar sobre las principales acciones ejecutadas por el Gobierno Nacional en la provincia, durante la semana del 28 de julio al 3 de agosto. Durante su intervenci\u00f3n, la representante del Ejecutivo expres\u00f3 el saludo del presidente Daniel Noboa Az\u00edn y destac\u00f3 los avances en programas sociales y de desarrollo, subrayando que \u201cesta semana son buenas noticias, es un avance m\u00e1s hacia el desarrollo de nuestro pa\u00eds\u201d. Uno de los anuncios relevantes fue el inicio de una nueva fase del programa J\u00f3venes en Acci\u00f3n, que beneficiar\u00e1 a 81 mil j\u00f3venes a nivel nacional. En esta etapa, los j\u00f3venes de entre 18 y 29 a\u00f1os podr\u00e1n acceder a pasant\u00edas remuneradas por tres meses, permiti\u00e9ndoles adquirir experiencia en diversas instituciones p\u00fablicas. Las inscripciones estar\u00e1n habilitadas a partir del 5 de agosto, en una clara apuesta del Gobierno Nacional por brindar oportunidades reales a la juventud ecuatoriana. En el \u00e1mbito territorial, la Gobernadora inform\u00f3 sobre varias actividades relevantes: \u2022 En San Francisco del Vergel, se ejecut\u00f3 una minga comunitaria liderada por la tenienta pol\u00edtica, enfocada en la limpieza de espacios deportivos para prevenir el mosquito Aedes aegypti, vector del dengue. \u2022 La Gobernaci\u00f3n contin\u00faa participando activamente en el COE provincial, evaluando los efectos del temporal invernal y proyectando soluciones. \u2022 Se mantienen encuentros con presidentes de juntas parroquiales, para recoger necesidades del sector rural y trabajar en soluciones coordinadas. Adem\u00e1s, se anunci\u00f3 la ejecuci\u00f3n de estudios geof\u00edsicos mediante sobrevuelos en helic\u00f3ptero, a cargo del Instituto de Investigaci\u00f3n Geol\u00f3gico-Energ\u00e9tico (IIGE). Se aclar\u00f3 que estas actividades no representan ning\u00fan riesgo para la ciudadan\u00eda y forman parte de proyectos t\u00e9cnicos de inter\u00e9s nacional. Otro punto destacado fue la coordinaci\u00f3n con el GAD parroquial de Sabanilla, con el objetivo de impulsar obras locales, as\u00ed como la reciente visita del secretario t\u00e9cnico de la Amazon\u00eda, Oswaldo Valverde, para dar seguimiento a los proyectos financiados por el Fondo Com\u00fan Amaz\u00f3nico. Este fondo ya ha destinado m\u00e1s de 40 millones de d\u00f3lares en inversiones para la Amazon\u00eda, en beneficio de los GAD provinciales, cantonales y parroquiales. En materia de bienestar social, se desarroll\u00f3 una jornada de convivencia familiar en Tundayme, enfocada en el fortalecimiento emocional de j\u00f3venes y adultos, con el apoyo del Ministerio de Salud. As\u00ed tambi\u00e9n, se promovi\u00f3 el cr\u00e9dito AgroVioleta a trav\u00e9s de un trabajo conjunto entre BanEcuador y el Ministerio de Agricultura y Ganader\u00eda, con participaci\u00f3n activa de la gerenta Mar\u00eda Soledad Pinos. Finalmente, la Gobernadora inform\u00f3 sobre su participaci\u00f3n en la Mesa Nacional de Gobernabilidad realizada en Santa Elena, liderada por la nueva ministra de Gobierno, Zayda Rovira, a quien extendi\u00f3 sus felicitaciones, as\u00ed como a la nueva viceministra Justina Zambrano, destacando sus capacidades de liderazgo. Cerr\u00f3 su intervenci\u00f3n informando que el Gobierno Nacional ha realizado pagos por 403 millones de d\u00f3lares al sector salud en lo que va del a\u00f1o. En el primer trimestre se ejecutaron 108 millones, y en el segundo, 247 millones adicionales, consolidando el compromiso del presidente Noboa con el fortalecimiento del sistema sanitario nacional.<\/p>\n","protected":false},"author":1,"featured_media":25342,"comment_status":"closed","ping_status":"closed","sticky":false,"template":"","format":"standard","meta":{"footnotes":""},"categories":[243],"tags":[],"class_list":["post-25341","post","type-post","status-publish","format-standard","has-post-thumbnail","hentry","category-noticias-zamora"],"_links":{"self":[{"href":"https:\/\/www.elamazonico.com\/portal\/wp-json\/wp\/v2\/posts\/25341","targetHints":{"allow":["GET"]}}],"collection":[{"href":"https:\/\/www.elamazonico.com\/portal\/wp-json\/wp\/v2\/posts"}],"about":[{"href":"https:\/\/www.elamazonico.com\/portal\/wp-json\/wp\/v2\/types\/post"}],"author":[{"embeddable":true,"href":"https:\/\/www.elamazonico.com\/portal\/wp-json\/wp\/v2\/users\/1"}],"replies":[{"embeddable":true,"href":"https:\/\/www.elamazonico.com\/portal\/wp-json\/wp\/v2\/comments?post=25341"}],"version-history":[{"count":1,"href":"https:\/\/www.elamazonico.com\/portal\/wp-json\/wp\/v2\/posts\/25341\/revisions"}],"predecessor-version":[{"id":25343,"href":"https:\/\/www.elamazonico.com\/portal\/wp-json\/wp\/v2\/posts\/25341\/revisions\/25343"}],"wp:featuredmedia":[{"embeddable":true,"href":"https:\/\/www.elamazonico.com\/portal\/wp-json\/wp\/v2\/media\/25342"}],"wp:attachment":[{"href":"https:\/\/www.elamazonico.com\/portal\/wp-json\/wp\/v2\/media?parent=25341"}],"wp:term":[{"taxonomy":"category","embeddable":true,"href":"https:\/\/www.elamazonico.com\/portal\/wp-json\/wp\/v2\/categories?post=25341"},{"taxonomy":"post_tag","embeddable":true,"href":"https:\/\/www.elamazonico.com\/portal\/wp-json\/wp\/v2\/tags?post=25341"}],"curies":[{"name":"wp","href":"https:\/\/api.w.org\/{rel}","templated":true}]}}