{"id":25333,"date":"2025-08-04T07:26:39","date_gmt":"2025-08-04T12:26:39","guid":{"rendered":"https:\/\/www.elamazonico.com\/portal\/?p=25333"},"modified":"2025-08-04T07:26:39","modified_gmt":"2025-08-04T12:26:39","slug":"asamblea-provincial-aprueba-11-resoluciones-y-rechaza-ausencia-de-autoridades-del-ejecutivo-en-zamora-chinchipe","status":"publish","type":"post","link":"https:\/\/www.elamazonico.com\/portal\/asamblea-provincial-aprueba-11-resoluciones-y-rechaza-ausencia-de-autoridades-del-ejecutivo-en-zamora-chinchipe\/","title":{"rendered":"Asamblea Provincial aprueba 11 resoluciones y rechaza ausencia de autoridades del Ejecutivo en Zamora Chinchipe"},"content":{"rendered":"<p data-start=\"144\" data-end=\"699\">Bajo un clima de alta tensi\u00f3n social y exigencia ciudadana, se desarroll\u00f3 este 3 de agosto la Asamblea Provincial \u201cZamora Chinchipe por sus Derechos\u201d en la parroquia Panguintza, cant\u00f3n Centinela del C\u00f3ndor. La jornada, convocada por organizaciones sociales, comunidades y l\u00edderes territoriales, tuvo como eje central el debate sobre las problem\u00e1ticas estructurales que aquejan a la provincia y que requieren atenci\u00f3n inmediata del Gobierno Nacional, especialmente en el marco de la redistribuci\u00f3n de regal\u00edas mineras.<\/p>\n<p data-start=\"701\" data-end=\"1311\">Pese a la presi\u00f3n ejercida a trav\u00e9s de redes sociales y convocatorias p\u00fablicas, <strong data-start=\"781\" data-end=\"834\">la mayor\u00eda de autoridades invitadas no asistieron<\/strong> al evento. De los convocados, \u00fanicamente <strong data-start=\"876\" data-end=\"906\">la prefecta Karla Re\u00e1tegui<\/strong> y el <strong data-start=\"912\" data-end=\"945\">asamble\u00edsta H\u00e9ctor Valladares<\/strong> acudieron al llamado ciudadano. La <strong data-start=\"981\" data-end=\"1090\">ausencia de la gobernadora Ivonne Panchi, la asamble\u00edsta oficialista Esperanza Rogel y los nueve alcaldes<\/strong> de la provincia fue fuertemente cuestionada por los participantes, quienes interpretaron este hecho como una muestra clara de <strong data-start=\"1217\" data-end=\"1310\">desinter\u00e9s pol\u00edtico y desconexi\u00f3n institucional frente a los reclamos del pueblo zamorano<\/strong>.<\/p>\n<p data-start=\"1313\" data-end=\"1773\">Durante la jornada, se abordaron <strong data-start=\"1346\" data-end=\"1372\">seis ejes prioritarios<\/strong>: la construcci\u00f3n del <strong data-start=\"1394\" data-end=\"1413\">cuarto eje vial<\/strong>, la necesidad urgente de un <strong data-start=\"1442\" data-end=\"1482\">hospital de especialidades en Zamora<\/strong>, la <strong data-start=\"1487\" data-end=\"1526\">creaci\u00f3n de una universidad p\u00fablica<\/strong>, el <strong data-start=\"1531\" data-end=\"1563\">mantenimiento de la red vial<\/strong>, la <strong data-start=\"1568\" data-end=\"1613\">regularizaci\u00f3n de los mineros artesanales<\/strong> y la atenci\u00f3n inmediata a las <strong data-start=\"1644\" data-end=\"1702\">afectaciones provocadas por el \u00faltimo periodo invernal<\/strong>, que dej\u00f3 en evidencia graves falencias en la respuesta gubernamental.<\/p>\n<p data-start=\"1775\" data-end=\"2127\">Como resultado de las deliberaciones, se aprobaron <strong data-start=\"1826\" data-end=\"1845\">11 resoluciones<\/strong> que recogen de manera clara y estructurada las demandas ciudadanas. Estas resoluciones ser\u00e1n entregadas directamente en Quito al Gobierno Nacional mediante una <strong data-start=\"2006\" data-end=\"2026\">comitiva oficial<\/strong>, en vista de la falta de compromiso de las autoridades del Ejecutivo Desconcentrado en la provincia.<\/p>\n<p data-start=\"2129\" data-end=\"2386\">Adem\u00e1s, se advirti\u00f3 que, <strong data-start=\"2154\" data-end=\"2219\">si en un plazo de 15 d\u00edas no se obtienen respuestas concretas<\/strong>, los ciudadanos y organizaciones ejercer\u00e1n su <strong data-start=\"2266\" data-end=\"2309\">derecho constitucional a la resistencia<\/strong>, como forma de presi\u00f3n leg\u00edtima y pac\u00edfica frente a la indiferencia estatal.<\/p>\n","protected":false},"excerpt":{"rendered":"<p>Bajo un clima de alta tensi\u00f3n social y exigencia ciudadana, se desarroll\u00f3 este 3 de agosto la Asamblea Provincial \u201cZamora Chinchipe por sus Derechos\u201d en la parroquia Panguintza, cant\u00f3n Centinela del C\u00f3ndor. La jornada, convocada por organizaciones sociales, comunidades y l\u00edderes territoriales, tuvo como eje central el debate sobre las problem\u00e1ticas estructurales que aquejan a la provincia y que requieren atenci\u00f3n inmediata del Gobierno Nacional, especialmente en el marco de la redistribuci\u00f3n de regal\u00edas mineras. Pese a la presi\u00f3n ejercida a trav\u00e9s de redes sociales y convocatorias p\u00fablicas, la mayor\u00eda de autoridades invitadas no asistieron al evento. De los convocados, \u00fanicamente la prefecta Karla Re\u00e1tegui y el asamble\u00edsta H\u00e9ctor Valladares acudieron al llamado ciudadano. La ausencia de la gobernadora Ivonne Panchi, la asamble\u00edsta oficialista Esperanza Rogel y los nueve alcaldes de la provincia fue fuertemente cuestionada por los participantes, quienes interpretaron este hecho como una muestra clara de desinter\u00e9s pol\u00edtico y desconexi\u00f3n institucional frente a los reclamos del pueblo zamorano. Durante la jornada, se abordaron seis ejes prioritarios: la construcci\u00f3n del cuarto eje vial, la necesidad urgente de un hospital de especialidades en Zamora, la creaci\u00f3n de una universidad p\u00fablica, el mantenimiento de la red vial, la regularizaci\u00f3n de los mineros artesanales y la atenci\u00f3n inmediata a las afectaciones provocadas por el \u00faltimo periodo invernal, que dej\u00f3 en evidencia graves falencias en la respuesta gubernamental. Como resultado de las deliberaciones, se aprobaron 11 resoluciones que recogen de manera clara y estructurada las demandas ciudadanas. Estas resoluciones ser\u00e1n entregadas directamente en Quito al Gobierno Nacional mediante una comitiva oficial, en vista de la falta de compromiso de las autoridades del Ejecutivo Desconcentrado en la provincia. Adem\u00e1s, se advirti\u00f3 que, si en un plazo de 15 d\u00edas no se obtienen respuestas concretas, los ciudadanos y organizaciones ejercer\u00e1n su derecho constitucional a la resistencia, como forma de presi\u00f3n leg\u00edtima y pac\u00edfica frente a la indiferencia estatal.<\/p>\n","protected":false},"author":1,"featured_media":25334,"comment_status":"closed","ping_status":"closed","sticky":false,"template":"","format":"standard","meta":{"footnotes":""},"categories":[243],"tags":[],"class_list":["post-25333","post","type-post","status-publish","format-standard","has-post-thumbnail","hentry","category-noticias-zamora"],"_links":{"self":[{"href":"https:\/\/www.elamazonico.com\/portal\/wp-json\/wp\/v2\/posts\/25333","targetHints":{"allow":["GET"]}}],"collection":[{"href":"https:\/\/www.elamazonico.com\/portal\/wp-json\/wp\/v2\/posts"}],"about":[{"href":"https:\/\/www.elamazonico.com\/portal\/wp-json\/wp\/v2\/types\/post"}],"author":[{"embeddable":true,"href":"https:\/\/www.elamazonico.com\/portal\/wp-json\/wp\/v2\/users\/1"}],"replies":[{"embeddable":true,"href":"https:\/\/www.elamazonico.com\/portal\/wp-json\/wp\/v2\/comments?post=25333"}],"version-history":[{"count":1,"href":"https:\/\/www.elamazonico.com\/portal\/wp-json\/wp\/v2\/posts\/25333\/revisions"}],"predecessor-version":[{"id":25335,"href":"https:\/\/www.elamazonico.com\/portal\/wp-json\/wp\/v2\/posts\/25333\/revisions\/25335"}],"wp:featuredmedia":[{"embeddable":true,"href":"https:\/\/www.elamazonico.com\/portal\/wp-json\/wp\/v2\/media\/25334"}],"wp:attachment":[{"href":"https:\/\/www.elamazonico.com\/portal\/wp-json\/wp\/v2\/media?parent=25333"}],"wp:term":[{"taxonomy":"category","embeddable":true,"href":"https:\/\/www.elamazonico.com\/portal\/wp-json\/wp\/v2\/categories?post=25333"},{"taxonomy":"post_tag","embeddable":true,"href":"https:\/\/www.elamazonico.com\/portal\/wp-json\/wp\/v2\/tags?post=25333"}],"curies":[{"name":"wp","href":"https:\/\/api.w.org\/{rel}","templated":true}]}}