{"id":25330,"date":"2025-08-04T06:13:42","date_gmt":"2025-08-04T11:13:42","guid":{"rendered":"https:\/\/www.elamazonico.com\/portal\/?p=25330"},"modified":"2025-08-04T06:13:42","modified_gmt":"2025-08-04T11:13:42","slug":"zamora-hace-historia-subcampeonas-nacionales-con-garra-tecnica-y-corazon","status":"publish","type":"post","link":"https:\/\/www.elamazonico.com\/portal\/zamora-hace-historia-subcampeonas-nacionales-con-garra-tecnica-y-corazon\/","title":{"rendered":"Zamora Hace Historia: Subcampeonas Nacionales con Garra, T\u00e9cnica y Coraz\u00f3n"},"content":{"rendered":"<p data-start=\"101\" data-end=\"508\">En una vibrante jornada deportiva celebrada el domingo 3 de agosto en el Coliseo de la Unidad Educativa Margarita Cort\u00e9s de Esmeraldas, la selecci\u00f3n femenina de baloncesto de Zamora alcanz\u00f3 un hist\u00f3rico <strong data-start=\"348\" data-end=\"374\">subcampeonato nacional<\/strong> en el marco de los <strong data-start=\"394\" data-end=\"426\">Juegos Deportivos Nacionales<\/strong>, consolid\u00e1ndose como una de las mejores delegaciones del pa\u00eds en esta disciplina.<\/p>\n<p data-start=\"510\" data-end=\"852\">En una final de alto nivel competitivo, la representaci\u00f3n de <strong data-start=\"571\" data-end=\"582\">Pastaza<\/strong> logr\u00f3 alzarse con el t\u00edtulo, mientras que <strong data-start=\"625\" data-end=\"635\">Zamora<\/strong> culmin\u00f3 el torneo con una <strong data-start=\"662\" data-end=\"689\">actuaci\u00f3n sobresaliente<\/strong>, destac\u00e1ndose por su t\u00e9cnica, cohesi\u00f3n en equipo y un esp\u00edritu de lucha que las llev\u00f3 a disputar la final tras mantenerse <strong data-start=\"812\" data-end=\"851\">invictas en todas las fases previas<\/strong>.<\/p>\n<p data-start=\"854\" data-end=\"1125\">Este resultado es producto del <strong data-start=\"885\" data-end=\"907\">esfuerzo colectivo<\/strong> de las deportistas, la direcci\u00f3n t\u00e9cnica y el respaldo institucional, evidenciando el avance significativo del baloncesto femenino en la provincia y el compromiso con el desarrollo del deporte formativo y competitivo.<\/p>\n<p data-start=\"1127\" data-end=\"1375\">\u201cEl subcampeonato nacional es un triunfo que nos llena de orgullo. Las jugadoras dejaron todo en la cancha, demostraron que el trabajo serio y la preparaci\u00f3n constante abren paso a grandes resultados\u201d, destacaron los miembros del cuerpo t\u00e9cnico.<\/p>\n<p data-start=\"1377\" data-end=\"1653\">La gesta deportiva de estas j\u00f3venes zamoranas <strong data-start=\"1423\" data-end=\"1456\">inspira a nuevas generaciones<\/strong> y reafirma la importancia de continuar fortaleciendo las pol\u00edticas de apoyo al deporte desde edades tempranas, apostando por el talento local como pilar para el desarrollo integral de la juventud.<\/p>\n","protected":false},"excerpt":{"rendered":"<p>En una vibrante jornada deportiva celebrada el domingo 3 de agosto en el Coliseo de la Unidad Educativa Margarita Cort\u00e9s de Esmeraldas, la selecci\u00f3n femenina de baloncesto de Zamora alcanz\u00f3 un hist\u00f3rico subcampeonato nacional en el marco de los Juegos Deportivos Nacionales, consolid\u00e1ndose como una de las mejores delegaciones del pa\u00eds en esta disciplina. En una final de alto nivel competitivo, la representaci\u00f3n de Pastaza logr\u00f3 alzarse con el t\u00edtulo, mientras que Zamora culmin\u00f3 el torneo con una actuaci\u00f3n sobresaliente, destac\u00e1ndose por su t\u00e9cnica, cohesi\u00f3n en equipo y un esp\u00edritu de lucha que las llev\u00f3 a disputar la final tras mantenerse invictas en todas las fases previas. Este resultado es producto del esfuerzo colectivo de las deportistas, la direcci\u00f3n t\u00e9cnica y el respaldo institucional, evidenciando el avance significativo del baloncesto femenino en la provincia y el compromiso con el desarrollo del deporte formativo y competitivo. \u201cEl subcampeonato nacional es un triunfo que nos llena de orgullo. Las jugadoras dejaron todo en la cancha, demostraron que el trabajo serio y la preparaci\u00f3n constante abren paso a grandes resultados\u201d, destacaron los miembros del cuerpo t\u00e9cnico. La gesta deportiva de estas j\u00f3venes zamoranas inspira a nuevas generaciones y reafirma la importancia de continuar fortaleciendo las pol\u00edticas de apoyo al deporte desde edades tempranas, apostando por el talento local como pilar para el desarrollo integral de la juventud.<\/p>\n","protected":false},"author":1,"featured_media":25331,"comment_status":"closed","ping_status":"closed","sticky":false,"template":"","format":"standard","meta":{"footnotes":""},"categories":[243],"tags":[],"class_list":["post-25330","post","type-post","status-publish","format-standard","has-post-thumbnail","hentry","category-noticias-zamora"],"_links":{"self":[{"href":"https:\/\/www.elamazonico.com\/portal\/wp-json\/wp\/v2\/posts\/25330","targetHints":{"allow":["GET"]}}],"collection":[{"href":"https:\/\/www.elamazonico.com\/portal\/wp-json\/wp\/v2\/posts"}],"about":[{"href":"https:\/\/www.elamazonico.com\/portal\/wp-json\/wp\/v2\/types\/post"}],"author":[{"embeddable":true,"href":"https:\/\/www.elamazonico.com\/portal\/wp-json\/wp\/v2\/users\/1"}],"replies":[{"embeddable":true,"href":"https:\/\/www.elamazonico.com\/portal\/wp-json\/wp\/v2\/comments?post=25330"}],"version-history":[{"count":1,"href":"https:\/\/www.elamazonico.com\/portal\/wp-json\/wp\/v2\/posts\/25330\/revisions"}],"predecessor-version":[{"id":25332,"href":"https:\/\/www.elamazonico.com\/portal\/wp-json\/wp\/v2\/posts\/25330\/revisions\/25332"}],"wp:featuredmedia":[{"embeddable":true,"href":"https:\/\/www.elamazonico.com\/portal\/wp-json\/wp\/v2\/media\/25331"}],"wp:attachment":[{"href":"https:\/\/www.elamazonico.com\/portal\/wp-json\/wp\/v2\/media?parent=25330"}],"wp:term":[{"taxonomy":"category","embeddable":true,"href":"https:\/\/www.elamazonico.com\/portal\/wp-json\/wp\/v2\/categories?post=25330"},{"taxonomy":"post_tag","embeddable":true,"href":"https:\/\/www.elamazonico.com\/portal\/wp-json\/wp\/v2\/tags?post=25330"}],"curies":[{"name":"wp","href":"https:\/\/api.w.org\/{rel}","templated":true}]}}