{"id":25327,"date":"2025-08-03T15:00:07","date_gmt":"2025-08-03T20:00:07","guid":{"rendered":"https:\/\/www.elamazonico.com\/portal\/?p=25327"},"modified":"2025-08-03T15:00:07","modified_gmt":"2025-08-03T20:00:07","slug":"dos-personas-fallecen-por-descarga-electrica-en-el-pangui","status":"publish","type":"post","link":"https:\/\/www.elamazonico.com\/portal\/dos-personas-fallecen-por-descarga-electrica-en-el-pangui\/","title":{"rendered":"Dos personas fallecen por descarga el\u00e9ctrica en El Pangui"},"content":{"rendered":"<p>La ma\u00f1ana del s\u00e1bado 3 de agosto, un lamentable suceso conmocion\u00f3 a la comunidad de El Pangui, cuando dos ciudadanos perdieron la vida a causa de una descarga el\u00e9ctrica registrada en la intersecci\u00f3n de las calles Cordillera del C\u00f3ndor y \u00c1ngel V\u00e9lez.<\/p>\n<p>El incidente fue reportado a trav\u00e9s del sistema de emergencias ECU 911, activando de manera inmediata la respuesta del Cuerpo de Bomberos de El Pangui. A su arribo, los equipos de primera respuesta encontraron a una de las v\u00edctimas sin signos vitales sobre la v\u00eda p\u00fablica, mientras que la segunda persona se hallaba suspendida de un poste de energ\u00eda el\u00e9ctrica, lo que oblig\u00f3 a ejecutar maniobras de alto riesgo y coordinaci\u00f3n interinstitucional para su rescate.<\/p>\n<p>Pese a los esfuerzos desplegados por los equipos de socorro, la segunda v\u00edctima tampoco presentaba signos vitales al momento de su descenso.<\/p>\n<p>Actualmente, las causas que originaron el accidente se encuentran bajo investigaci\u00f3n por parte de las autoridades competentes, a fin de esclarecer los hechos y evitar futuras tragedias de esta naturaleza.<\/p>\n","protected":false},"excerpt":{"rendered":"<p>La ma\u00f1ana del s\u00e1bado 3 de agosto, un lamentable suceso conmocion\u00f3 a la comunidad de El Pangui, cuando dos ciudadanos perdieron la vida a causa de una descarga el\u00e9ctrica registrada en la intersecci\u00f3n de las calles Cordillera del C\u00f3ndor y \u00c1ngel V\u00e9lez. El incidente fue reportado a trav\u00e9s del sistema de emergencias ECU 911, activando de manera inmediata la respuesta del Cuerpo de Bomberos de El Pangui. A su arribo, los equipos de primera respuesta encontraron a una de las v\u00edctimas sin signos vitales sobre la v\u00eda p\u00fablica, mientras que la segunda persona se hallaba suspendida de un poste de energ\u00eda el\u00e9ctrica, lo que oblig\u00f3 a ejecutar maniobras de alto riesgo y coordinaci\u00f3n interinstitucional para su rescate. Pese a los esfuerzos desplegados por los equipos de socorro, la segunda v\u00edctima tampoco presentaba signos vitales al momento de su descenso. Actualmente, las causas que originaron el accidente se encuentran bajo investigaci\u00f3n por parte de las autoridades competentes, a fin de esclarecer los hechos y evitar futuras tragedias de esta naturaleza.<\/p>\n","protected":false},"author":1,"featured_media":25328,"comment_status":"closed","ping_status":"closed","sticky":false,"template":"","format":"standard","meta":{"footnotes":""},"categories":[243],"tags":[],"class_list":["post-25327","post","type-post","status-publish","format-standard","has-post-thumbnail","hentry","category-noticias-zamora"],"_links":{"self":[{"href":"https:\/\/www.elamazonico.com\/portal\/wp-json\/wp\/v2\/posts\/25327","targetHints":{"allow":["GET"]}}],"collection":[{"href":"https:\/\/www.elamazonico.com\/portal\/wp-json\/wp\/v2\/posts"}],"about":[{"href":"https:\/\/www.elamazonico.com\/portal\/wp-json\/wp\/v2\/types\/post"}],"author":[{"embeddable":true,"href":"https:\/\/www.elamazonico.com\/portal\/wp-json\/wp\/v2\/users\/1"}],"replies":[{"embeddable":true,"href":"https:\/\/www.elamazonico.com\/portal\/wp-json\/wp\/v2\/comments?post=25327"}],"version-history":[{"count":1,"href":"https:\/\/www.elamazonico.com\/portal\/wp-json\/wp\/v2\/posts\/25327\/revisions"}],"predecessor-version":[{"id":25329,"href":"https:\/\/www.elamazonico.com\/portal\/wp-json\/wp\/v2\/posts\/25327\/revisions\/25329"}],"wp:featuredmedia":[{"embeddable":true,"href":"https:\/\/www.elamazonico.com\/portal\/wp-json\/wp\/v2\/media\/25328"}],"wp:attachment":[{"href":"https:\/\/www.elamazonico.com\/portal\/wp-json\/wp\/v2\/media?parent=25327"}],"wp:term":[{"taxonomy":"category","embeddable":true,"href":"https:\/\/www.elamazonico.com\/portal\/wp-json\/wp\/v2\/categories?post=25327"},{"taxonomy":"post_tag","embeddable":true,"href":"https:\/\/www.elamazonico.com\/portal\/wp-json\/wp\/v2\/tags?post=25327"}],"curies":[{"name":"wp","href":"https:\/\/api.w.org\/{rel}","templated":true}]}}