{"id":25318,"date":"2025-08-01T15:46:59","date_gmt":"2025-08-01T20:46:59","guid":{"rendered":"https:\/\/www.elamazonico.com\/portal\/?p=25318"},"modified":"2025-08-01T15:46:59","modified_gmt":"2025-08-01T20:46:59","slug":"festival-del-pasillo-en-zamora-un-espacio-de-integracion-cultura-y-educacion-musical-intergeneracional","status":"publish","type":"post","link":"https:\/\/www.elamazonico.com\/portal\/festival-del-pasillo-en-zamora-un-espacio-de-integracion-cultura-y-educacion-musical-intergeneracional\/","title":{"rendered":"Festival del Pasillo en Zamora: un espacio de integraci\u00f3n, cultura y educaci\u00f3n musical intergeneracional"},"content":{"rendered":"<p data-start=\"204\" data-end=\"683\">En un acto que reafirma el compromiso institucional con el patrimonio cultural ecuatoriano, el Gobierno Aut\u00f3nomo Descentralizado (GAD) Municipal de Zamora y la Casa de la Cultura Ecuatoriana \u201cBenjam\u00edn Carri\u00f3n\u201d \u2013 N\u00facleo de Zamora Chinchipe, firmaron un convenio de cooperaci\u00f3n interinstitucional para la organizaci\u00f3n del <strong data-start=\"524\" data-end=\"572\">Cuarto Festival del Pasillo, Modalidad Tr\u00edos<\/strong>, evento que se ha consolidado como una de las expresiones m\u00e1s significativas del arte musical en la provincia.<\/p>\n<p data-start=\"685\" data-end=\"996\">El acuerdo fue suscrito este jueves, 31 de julio de 2025, por el alcalde de Zamora, <strong data-start=\"769\" data-end=\"788\">Manuel Gonz\u00e1lez<\/strong>, y la directora encargada de la Casa de la Cultura, <strong data-start=\"841\" data-end=\"861\">Anabel Rodr\u00edguez<\/strong>, quienes resaltaron el valor art\u00edstico, cultural y educativo que representa este festival, especialmente para las nuevas generaciones.<\/p>\n<p data-start=\"998\" data-end=\"1289\">Como parte del convenio, el GAD Municipal de Zamora destinar\u00e1 una inversi\u00f3n de <strong data-start=\"1077\" data-end=\"1088\">$15,000<\/strong>, mientras que la Casa de la Cultura aportar\u00e1 con <strong data-start=\"1138\" data-end=\"1148\">$7,000<\/strong>, sumando esfuerzos para mantener viva la tradici\u00f3n del pasillo ecuatoriano, g\u00e9nero emblem\u00e1tico que forma parte de nuestra memoria colectiva.<\/p>\n<p data-start=\"1291\" data-end=\"1539\">Durante su intervenci\u00f3n, <strong data-start=\"1316\" data-end=\"1336\">Anabel Rodr\u00edguez<\/strong> se\u00f1al\u00f3 que \u201csiempre estaremos en coordinaci\u00f3n con el GAD Municipal para que este tipo de eventos se sigan ejecutando y, de esta manera, promover la m\u00fasica, la cultura y el turismo en nuestra localidad\u201d.<\/p>\n<p data-start=\"1541\" data-end=\"1864\">Por su parte, el alcalde <strong data-start=\"1566\" data-end=\"1585\">Manuel Gonz\u00e1lez<\/strong> expres\u00f3 que \u201cel GAD Municipal de Zamora siempre tendr\u00e1 la voluntad de realizar estas importantes firmas de convenio con la finalidad de que estos festivales no pierdan su esencia. De esta manera, lograremos que el pasillo contin\u00fae vivo y se transmita a las nuevas generaciones\u201d.<\/p>\n<p data-start=\"1866\" data-end=\"2161\">El Cuarto Festival del Pasillo, Modalidad Tr\u00edos, no solo ser\u00e1 una vitrina para el talento local y nacional, sino tambi\u00e9n un espacio acad\u00e9mico y cultural donde se promueva el an\u00e1lisis y la valoraci\u00f3n de nuestra m\u00fasica tradicional como veh\u00edculo de identidad, cohesi\u00f3n social y expresi\u00f3n art\u00edstica.<\/p>\n<p data-start=\"2163\" data-end=\"2396\">Este convenio simboliza una alianza estrat\u00e9gica entre cultura y gobierno local, reafirmando que el desarrollo de una sociedad se sustenta tambi\u00e9n en la protecci\u00f3n, difusi\u00f3n y ense\u00f1anza de sus manifestaciones art\u00edsticas m\u00e1s profundas.<\/p>\n","protected":false},"excerpt":{"rendered":"<p>En un acto que reafirma el compromiso institucional con el patrimonio cultural ecuatoriano, el Gobierno Aut\u00f3nomo Descentralizado (GAD) Municipal de Zamora y la Casa de la Cultura Ecuatoriana \u201cBenjam\u00edn Carri\u00f3n\u201d \u2013 N\u00facleo de Zamora Chinchipe, firmaron un convenio de cooperaci\u00f3n interinstitucional para la organizaci\u00f3n del Cuarto Festival del Pasillo, Modalidad Tr\u00edos, evento que se ha consolidado como una de las expresiones m\u00e1s significativas del arte musical en la provincia. El acuerdo fue suscrito este jueves, 31 de julio de 2025, por el alcalde de Zamora, Manuel Gonz\u00e1lez, y la directora encargada de la Casa de la Cultura, Anabel Rodr\u00edguez, quienes resaltaron el valor art\u00edstico, cultural y educativo que representa este festival, especialmente para las nuevas generaciones. Como parte del convenio, el GAD Municipal de Zamora destinar\u00e1 una inversi\u00f3n de $15,000, mientras que la Casa de la Cultura aportar\u00e1 con $7,000, sumando esfuerzos para mantener viva la tradici\u00f3n del pasillo ecuatoriano, g\u00e9nero emblem\u00e1tico que forma parte de nuestra memoria colectiva. Durante su intervenci\u00f3n, Anabel Rodr\u00edguez se\u00f1al\u00f3 que \u201csiempre estaremos en coordinaci\u00f3n con el GAD Municipal para que este tipo de eventos se sigan ejecutando y, de esta manera, promover la m\u00fasica, la cultura y el turismo en nuestra localidad\u201d. Por su parte, el alcalde Manuel Gonz\u00e1lez expres\u00f3 que \u201cel GAD Municipal de Zamora siempre tendr\u00e1 la voluntad de realizar estas importantes firmas de convenio con la finalidad de que estos festivales no pierdan su esencia. De esta manera, lograremos que el pasillo contin\u00fae vivo y se transmita a las nuevas generaciones\u201d. El Cuarto Festival del Pasillo, Modalidad Tr\u00edos, no solo ser\u00e1 una vitrina para el talento local y nacional, sino tambi\u00e9n un espacio acad\u00e9mico y cultural donde se promueva el an\u00e1lisis y la valoraci\u00f3n de nuestra m\u00fasica tradicional como veh\u00edculo de identidad, cohesi\u00f3n social y expresi\u00f3n art\u00edstica. Este convenio simboliza una alianza estrat\u00e9gica entre cultura y gobierno local, reafirmando que el desarrollo de una sociedad se sustenta tambi\u00e9n en la protecci\u00f3n, difusi\u00f3n y ense\u00f1anza de sus manifestaciones art\u00edsticas m\u00e1s profundas.<\/p>\n","protected":false},"author":1,"featured_media":25319,"comment_status":"closed","ping_status":"closed","sticky":false,"template":"","format":"standard","meta":{"footnotes":""},"categories":[243],"tags":[],"class_list":["post-25318","post","type-post","status-publish","format-standard","has-post-thumbnail","hentry","category-noticias-zamora"],"_links":{"self":[{"href":"https:\/\/www.elamazonico.com\/portal\/wp-json\/wp\/v2\/posts\/25318","targetHints":{"allow":["GET"]}}],"collection":[{"href":"https:\/\/www.elamazonico.com\/portal\/wp-json\/wp\/v2\/posts"}],"about":[{"href":"https:\/\/www.elamazonico.com\/portal\/wp-json\/wp\/v2\/types\/post"}],"author":[{"embeddable":true,"href":"https:\/\/www.elamazonico.com\/portal\/wp-json\/wp\/v2\/users\/1"}],"replies":[{"embeddable":true,"href":"https:\/\/www.elamazonico.com\/portal\/wp-json\/wp\/v2\/comments?post=25318"}],"version-history":[{"count":1,"href":"https:\/\/www.elamazonico.com\/portal\/wp-json\/wp\/v2\/posts\/25318\/revisions"}],"predecessor-version":[{"id":25320,"href":"https:\/\/www.elamazonico.com\/portal\/wp-json\/wp\/v2\/posts\/25318\/revisions\/25320"}],"wp:featuredmedia":[{"embeddable":true,"href":"https:\/\/www.elamazonico.com\/portal\/wp-json\/wp\/v2\/media\/25319"}],"wp:attachment":[{"href":"https:\/\/www.elamazonico.com\/portal\/wp-json\/wp\/v2\/media?parent=25318"}],"wp:term":[{"taxonomy":"category","embeddable":true,"href":"https:\/\/www.elamazonico.com\/portal\/wp-json\/wp\/v2\/categories?post=25318"},{"taxonomy":"post_tag","embeddable":true,"href":"https:\/\/www.elamazonico.com\/portal\/wp-json\/wp\/v2\/tags?post=25318"}],"curies":[{"name":"wp","href":"https:\/\/api.w.org\/{rel}","templated":true}]}}