{"id":25313,"date":"2025-08-01T15:14:49","date_gmt":"2025-08-01T20:14:49","guid":{"rendered":"https:\/\/www.elamazonico.com\/portal\/?p=25313"},"modified":"2025-08-01T15:27:29","modified_gmt":"2025-08-01T20:27:29","slug":"alvaro-uribe-expresidente-de-colombia-condenado-a-12-anos-de-prision-por-soborno-y-fraude","status":"publish","type":"post","link":"https:\/\/www.elamazonico.com\/portal\/alvaro-uribe-expresidente-de-colombia-condenado-a-12-anos-de-prision-por-soborno-y-fraude\/","title":{"rendered":"\u00c1lvaro Uribe, expresidente de Colombia, condenado a 12 a\u00f1os de prisi\u00f3n por soborno y fraude"},"content":{"rendered":"<div class=\"paragraph texto\">\n<p class=\"p_0\">El expresidente de Colombia,\u00a0<b><a href=\"https:\/\/www.vistazo.com\/cronologia\/-\/meta\/alvaro-uribe\" target=\"_blank\" rel=\"noopener noreferrer\">\u00c1lvaro Uribe<\/a>,<\/b>\u00a0fue condenado a 12 a\u00f1os de prisi\u00f3n por soborno a testigos y fraude procesal, dice el fallo divulgado este viernes 1 de agosto de 2025.<\/p>\n<p class=\"p_1\">Con esta decisi\u00f3n, Uribe se convierte en el primer exmandatario de Colombia en ser condenado y privado de libertad.<\/p>\n<p class=\"p_3\">El documento se\u00f1ala que la jueza del Juzgado 44 Penal del Circuito de Bogot\u00e1, Sandra Heredia, quien leer\u00e1 el fallo a partir de las 14:00 hora local, resolvi\u00f3 imponer a Uribe una pena, en primera instancia, de 12 a\u00f1os que deber\u00e1 cumplir en prisi\u00f3n\u00a0<b>domiciliaria<\/b>.<\/p>\n<div class=\"Center2Display\">\n<div id=\"Center2\">Adem\u00e1s, el exmandatario (2002-2010) fue condenado a pagar una <b>multa\u00a0<\/b>equivalente a 2.420 salarios m\u00ednimos legales vigentes, lo que supera los 3.400 millones de pesos colombianos (aproximadamente\u00a0<b>822.000 d\u00f3lares<\/b>).<\/div>\n<\/div>\n<p class=\"p_5\">Tambi\u00e9n ser\u00e1\u00a0<b>inhabilitado\u00a0<\/b>para ejercer cargos p\u00fablicos durante m\u00e1s de ocho a\u00f1os, seg\u00fan un documento del veredicto filtrado por la prensa.<\/p>\n<p class=\"p_6\">De acuerdo con la justicia, el exmandatario derechista, de 73 a\u00f1os, fue hallado culpable de obstruir procesos judiciales y de manipular a exparamilitares.<\/p>\n<p class=\"p_7\">Seg\u00fan la justicia, Uribe los presion\u00f3 para evitar que lo vincularan con esos escuadrones de ultraderecha, responsables numerosos cr\u00edmenes atroces contra civiles durante el conflicto armado.<\/p>\n<\/div>\n<div class=\"multimediaMacroWrapper img lateral\">\n<figure class=\"contentMedia art-img\">\n<div><img fetchpriority=\"high\" decoding=\"async\" class=\" lazyloaded\" title=\"\u00c1lvaro Uribe, expresidente de Colombia, condenado a 12 a\u00f1os de prisi\u00f3n por soborno y fraude\" src=\"https:\/\/www.vistazo.com\/placeholder\/svg\/viewbox\/493x680\" sizes=\"100vw\" srcset=\"\/\/www.vistazo.com\/binrepository\/493x680\/0c0\/0d0\/none\/12727\/PBGW\/uribe_2336775_20250801121718.jpg 493w,\/\/www.vistazo.com\/binrepository\/411x567\/0c0\/0d0\/none\/12727\/PBPP\/uribe_2336775_20250801121718.jpg 411w,\/\/www.vistazo.com\/binrepository\/329x453\/0c0\/0d0\/none\/12727\/PBIB\/uribe_2336775_20250801121718.jpg 329w\" alt=\"$!\u00c1lvaro Uribe, expresidente de Colombia, condenado a 12 a\u00f1os de prisi\u00f3n por soborno y fraude\" width=\"493\" height=\"680\" data-srcset=\"\/\/www.vistazo.com\/binrepository\/493x680\/0c0\/0d0\/none\/12727\/PBGW\/uribe_2336775_20250801121718.jpg 493w,\/\/www.vistazo.com\/binrepository\/411x567\/0c0\/0d0\/none\/12727\/PBPP\/uribe_2336775_20250801121718.jpg 411w,\/\/www.vistazo.com\/binrepository\/329x453\/0c0\/0d0\/none\/12727\/PBIB\/uribe_2336775_20250801121718.jpg 329w\" \/><\/div>\n<\/figure>\n<\/div>\n","protected":false},"excerpt":{"rendered":"<p>El expresidente de Colombia,\u00a0\u00c1lvaro Uribe,\u00a0fue condenado a 12 a\u00f1os de prisi\u00f3n por soborno a testigos y fraude procesal, dice el fallo divulgado este viernes 1 de agosto de 2025. Con esta decisi\u00f3n, Uribe se convierte en el primer exmandatario de Colombia en ser condenado y privado de libertad. El documento se\u00f1ala que la jueza del Juzgado 44 Penal del Circuito de Bogot\u00e1, Sandra Heredia, quien leer\u00e1 el fallo a partir de las 14:00 hora local, resolvi\u00f3 imponer a Uribe una pena, en primera instancia, de 12 a\u00f1os que deber\u00e1 cumplir en prisi\u00f3n\u00a0domiciliaria. Adem\u00e1s, el exmandatario (2002-2010) fue condenado a pagar una multa\u00a0equivalente a 2.420 salarios m\u00ednimos legales vigentes, lo que supera los 3.400 millones de pesos colombianos (aproximadamente\u00a0822.000 d\u00f3lares). Tambi\u00e9n ser\u00e1\u00a0inhabilitado\u00a0para ejercer cargos p\u00fablicos durante m\u00e1s de ocho a\u00f1os, seg\u00fan un documento del veredicto filtrado por la prensa. De acuerdo con la justicia, el exmandatario derechista, de 73 a\u00f1os, fue hallado culpable de obstruir procesos judiciales y de manipular a exparamilitares. Seg\u00fan la justicia, Uribe los presion\u00f3 para evitar que lo vincularan con esos escuadrones de ultraderecha, responsables numerosos cr\u00edmenes atroces contra civiles durante el conflicto armado.<\/p>\n","protected":false},"author":1,"featured_media":25314,"comment_status":"closed","ping_status":"closed","sticky":false,"template":"","format":"standard","meta":{"footnotes":""},"categories":[5],"tags":[],"class_list":["post-25313","post","type-post","status-publish","format-standard","has-post-thumbnail","hentry","category-internacionales"],"_links":{"self":[{"href":"https:\/\/www.elamazonico.com\/portal\/wp-json\/wp\/v2\/posts\/25313","targetHints":{"allow":["GET"]}}],"collection":[{"href":"https:\/\/www.elamazonico.com\/portal\/wp-json\/wp\/v2\/posts"}],"about":[{"href":"https:\/\/www.elamazonico.com\/portal\/wp-json\/wp\/v2\/types\/post"}],"author":[{"embeddable":true,"href":"https:\/\/www.elamazonico.com\/portal\/wp-json\/wp\/v2\/users\/1"}],"replies":[{"embeddable":true,"href":"https:\/\/www.elamazonico.com\/portal\/wp-json\/wp\/v2\/comments?post=25313"}],"version-history":[{"count":1,"href":"https:\/\/www.elamazonico.com\/portal\/wp-json\/wp\/v2\/posts\/25313\/revisions"}],"predecessor-version":[{"id":25315,"href":"https:\/\/www.elamazonico.com\/portal\/wp-json\/wp\/v2\/posts\/25313\/revisions\/25315"}],"wp:featuredmedia":[{"embeddable":true,"href":"https:\/\/www.elamazonico.com\/portal\/wp-json\/wp\/v2\/media\/25314"}],"wp:attachment":[{"href":"https:\/\/www.elamazonico.com\/portal\/wp-json\/wp\/v2\/media?parent=25313"}],"wp:term":[{"taxonomy":"category","embeddable":true,"href":"https:\/\/www.elamazonico.com\/portal\/wp-json\/wp\/v2\/categories?post=25313"},{"taxonomy":"post_tag","embeddable":true,"href":"https:\/\/www.elamazonico.com\/portal\/wp-json\/wp\/v2\/tags?post=25313"}],"curies":[{"name":"wp","href":"https:\/\/api.w.org\/{rel}","templated":true}]}}