{"id":25310,"date":"2025-08-01T14:55:07","date_gmt":"2025-08-01T19:55:07","guid":{"rendered":"https:\/\/www.elamazonico.com\/portal\/?p=25310"},"modified":"2025-08-01T14:55:07","modified_gmt":"2025-08-01T19:55:07","slug":"la-prefectura-de-zamora-chinchipe-entrega-implementacion-deportiva-al-tenista-de-mesa-josue-sebastian-perez-seleccionado-nacional","status":"publish","type":"post","link":"https:\/\/www.elamazonico.com\/portal\/la-prefectura-de-zamora-chinchipe-entrega-implementacion-deportiva-al-tenista-de-mesa-josue-sebastian-perez-seleccionado-nacional\/","title":{"rendered":"La Prefectura de Zamora Chinchipe entrega implementaci\u00f3n deportiva al tenista de mesa Josu\u00e9 Sebasti\u00e1n P\u00e9rez, seleccionado nacional"},"content":{"rendered":"<p>En un acto simb\u00f3lico cargado de emotividad, compromiso institucional, la prefecta de Zamora Chinchipe, Karla Re\u00e1tegui, realiz\u00f3 la entrega oficial de implementos deportivos al joven deportista Josu\u00e9 Sebasti\u00e1n P\u00e9rez, destacado representante de la disciplina de tenis de mesa e integrante de la selecci\u00f3n nacional del Ecuador.<\/p>\n<p>Durante su intervenci\u00f3n, la autoridad provincial destac\u00f3 la importancia de continuar impulsando el deporte como una herramienta de transformaci\u00f3n social y desarrollo humano. \u201cHoy iniciamos el mes de agosto con noticias positivas. As\u00ed como lo hicimos con el ciclista Mark Ch\u00e1vez, hoy apoyamos a Josu\u00e9, un joven disciplinado y constante que desde los seis a\u00f1os se ha formado con esfuerzo y pasi\u00f3n en el tenis de mesa\u201d, expres\u00f3 Re\u00e1tegui, al tiempo que reconoci\u00f3 el trabajo articulado con la Federaci\u00f3n Deportiva de Zamora Chinchipe y el Ministerio del Deporte, mediante convenios que han permitido crear ocho escuelas deportivas en la provincia.<\/p>\n<p>La prefecta enfatiz\u00f3 que esta acci\u00f3n forma parte del proyecto institucional Sembrando Vida, una iniciativa que tambi\u00e9n se refleja en el respaldo a las nuevas generaciones de deportistas zamorano chinchipenses. \u201cEstamos sembrando glorias del hoy, del ma\u00f1ana y del futuro\u201d, puntualiz\u00f3.<\/p>\n<p>Por su parte, el presidente de la Federaci\u00f3n Deportiva Provincial, Luis Morocho, elogi\u00f3 la trayectoria de Josu\u00e9, quien representar\u00e1 al Ecuador en un campeonato internacional de alto rendimiento que se desarrollar\u00e1 del 5 al 15 de agosto en S\u00e3o Paulo, Brasil. \u201cNos sentimos orgullosos de nuestros deportistas, que con disciplina y perseverancia est\u00e1n posicionando a Zamora Chinchipe como una potencia deportiva a nivel nacional\u201d, se\u00f1al\u00f3 Morocho, al tiempo que agradeci\u00f3 a la prefecta por mantener abiertas las puertas del Gobierno Provincial al deporte local.<\/p>\n<p>Durante el evento, tambi\u00e9n intervino Cristian P\u00e9rez, padre del joven deportista, quien expres\u00f3 su gratitud por el respaldo institucional y record\u00f3 los sacrificios familiares que han hecho posible el desarrollo deportivo de su hijo. \u201cEste apoyo no solo ayuda a Josu\u00e9, sino que tambi\u00e9n fortalece su motivaci\u00f3n para seguir representando con orgullo a Zamora y al pa\u00eds\u201d, manifest\u00f3.<\/p>\n<p>Finalmente, Josu\u00e9 Sebasti\u00e1n P\u00e9rez, con visible emoci\u00f3n, agradeci\u00f3 por el incentivo recibido y reafirm\u00f3 su compromiso de continuar esforz\u00e1ndose para dejar en alto el nombre del Ecuador. \u201cEsta implementaci\u00f3n es un impulso para seguir adelante, elevar mi autoestima y dar lo mejor de m\u00ed en cada competencia\u201d, declar\u00f3 el joven tenista.<\/p>\n","protected":false},"excerpt":{"rendered":"<p>En un acto simb\u00f3lico cargado de emotividad, compromiso institucional, la prefecta de Zamora Chinchipe, Karla Re\u00e1tegui, realiz\u00f3 la entrega oficial de implementos deportivos al joven deportista Josu\u00e9 Sebasti\u00e1n P\u00e9rez, destacado representante de la disciplina de tenis de mesa e integrante de la selecci\u00f3n nacional del Ecuador. Durante su intervenci\u00f3n, la autoridad provincial destac\u00f3 la importancia de continuar impulsando el deporte como una herramienta de transformaci\u00f3n social y desarrollo humano. \u201cHoy iniciamos el mes de agosto con noticias positivas. As\u00ed como lo hicimos con el ciclista Mark Ch\u00e1vez, hoy apoyamos a Josu\u00e9, un joven disciplinado y constante que desde los seis a\u00f1os se ha formado con esfuerzo y pasi\u00f3n en el tenis de mesa\u201d, expres\u00f3 Re\u00e1tegui, al tiempo que reconoci\u00f3 el trabajo articulado con la Federaci\u00f3n Deportiva de Zamora Chinchipe y el Ministerio del Deporte, mediante convenios que han permitido crear ocho escuelas deportivas en la provincia. La prefecta enfatiz\u00f3 que esta acci\u00f3n forma parte del proyecto institucional Sembrando Vida, una iniciativa que tambi\u00e9n se refleja en el respaldo a las nuevas generaciones de deportistas zamorano chinchipenses. \u201cEstamos sembrando glorias del hoy, del ma\u00f1ana y del futuro\u201d, puntualiz\u00f3. Por su parte, el presidente de la Federaci\u00f3n Deportiva Provincial, Luis Morocho, elogi\u00f3 la trayectoria de Josu\u00e9, quien representar\u00e1 al Ecuador en un campeonato internacional de alto rendimiento que se desarrollar\u00e1 del 5 al 15 de agosto en S\u00e3o Paulo, Brasil. \u201cNos sentimos orgullosos de nuestros deportistas, que con disciplina y perseverancia est\u00e1n posicionando a Zamora Chinchipe como una potencia deportiva a nivel nacional\u201d, se\u00f1al\u00f3 Morocho, al tiempo que agradeci\u00f3 a la prefecta por mantener abiertas las puertas del Gobierno Provincial al deporte local. Durante el evento, tambi\u00e9n intervino Cristian P\u00e9rez, padre del joven deportista, quien expres\u00f3 su gratitud por el respaldo institucional y record\u00f3 los sacrificios familiares que han hecho posible el desarrollo deportivo de su hijo. \u201cEste apoyo no solo ayuda a Josu\u00e9, sino que tambi\u00e9n fortalece su motivaci\u00f3n para seguir representando con orgullo a Zamora y al pa\u00eds\u201d, manifest\u00f3. Finalmente, Josu\u00e9 Sebasti\u00e1n P\u00e9rez, con visible emoci\u00f3n, agradeci\u00f3 por el incentivo recibido y reafirm\u00f3 su compromiso de continuar esforz\u00e1ndose para dejar en alto el nombre del Ecuador. \u201cEsta implementaci\u00f3n es un impulso para seguir adelante, elevar mi autoestima y dar lo mejor de m\u00ed en cada competencia\u201d, declar\u00f3 el joven tenista.<\/p>\n","protected":false},"author":1,"featured_media":25311,"comment_status":"closed","ping_status":"closed","sticky":false,"template":"","format":"standard","meta":{"footnotes":""},"categories":[243],"tags":[],"class_list":["post-25310","post","type-post","status-publish","format-standard","has-post-thumbnail","hentry","category-noticias-zamora"],"_links":{"self":[{"href":"https:\/\/www.elamazonico.com\/portal\/wp-json\/wp\/v2\/posts\/25310","targetHints":{"allow":["GET"]}}],"collection":[{"href":"https:\/\/www.elamazonico.com\/portal\/wp-json\/wp\/v2\/posts"}],"about":[{"href":"https:\/\/www.elamazonico.com\/portal\/wp-json\/wp\/v2\/types\/post"}],"author":[{"embeddable":true,"href":"https:\/\/www.elamazonico.com\/portal\/wp-json\/wp\/v2\/users\/1"}],"replies":[{"embeddable":true,"href":"https:\/\/www.elamazonico.com\/portal\/wp-json\/wp\/v2\/comments?post=25310"}],"version-history":[{"count":1,"href":"https:\/\/www.elamazonico.com\/portal\/wp-json\/wp\/v2\/posts\/25310\/revisions"}],"predecessor-version":[{"id":25312,"href":"https:\/\/www.elamazonico.com\/portal\/wp-json\/wp\/v2\/posts\/25310\/revisions\/25312"}],"wp:featuredmedia":[{"embeddable":true,"href":"https:\/\/www.elamazonico.com\/portal\/wp-json\/wp\/v2\/media\/25311"}],"wp:attachment":[{"href":"https:\/\/www.elamazonico.com\/portal\/wp-json\/wp\/v2\/media?parent=25310"}],"wp:term":[{"taxonomy":"category","embeddable":true,"href":"https:\/\/www.elamazonico.com\/portal\/wp-json\/wp\/v2\/categories?post=25310"},{"taxonomy":"post_tag","embeddable":true,"href":"https:\/\/www.elamazonico.com\/portal\/wp-json\/wp\/v2\/tags?post=25310"}],"curies":[{"name":"wp","href":"https:\/\/api.w.org\/{rel}","templated":true}]}}