{"id":25300,"date":"2025-08-01T11:42:51","date_gmt":"2025-08-01T16:42:51","guid":{"rendered":"https:\/\/www.elamazonico.com\/portal\/?p=25300"},"modified":"2025-08-01T11:42:51","modified_gmt":"2025-08-01T16:42:51","slug":"el-salvador-allana-el-camino-para-que-bukele-se-reelija-indefinidamente","status":"publish","type":"post","link":"https:\/\/www.elamazonico.com\/portal\/el-salvador-allana-el-camino-para-que-bukele-se-reelija-indefinidamente\/","title":{"rendered":"El Salvador allana el camino para que Bukele se reelija indefinidamente"},"content":{"rendered":"<p>El Congreso de El Salvador, dominado por el oficialismo, aprob\u00f3 este jueves 1 de agosto una controvertida reforma constitucional que elimina el l\u00edmite de reelecci\u00f3n presidencial y permite que Nayib Bukele \u2014u otro mandatario\u2014 se mantenga en el poder de forma indefinida.<\/p>\n<p>Con el respaldo de 57 de los 60 diputados, la Asamblea Legislativa tambi\u00e9n decidi\u00f3 extender el per\u00edodo presidencial de cinco a seis a\u00f1os y suprimir la segunda vuelta en las elecciones, lo que marca un giro profundo en las reglas democr\u00e1ticas del pa\u00eds.<\/p>\n<p>Seg\u00fan la legisladora oficialista Ana Figueroa, los cambios buscan \u201cdarle el poder total al pueblo salvadore\u00f1o\u201d y equiparar las condiciones del cargo presidencial con otros puestos de elecci\u00f3n popular.<\/p>\n<p>Pero desde la oposici\u00f3n, el mensaje fue otro: \u201cEste d\u00eda muri\u00f3 la democracia\u201d, dec\u00eda un cartel que alz\u00f3 la diputada Marcela Villatoro en plena sesi\u00f3n.<\/p>\n<p>La reforma tambi\u00e9n establece que el actual mandato de Bukele, que inici\u00f3 en 2024, terminar\u00e1 de forma anticipada el 1 de junio de 2027. En esa fecha se celebrar\u00e1n elecciones presidenciales, legislativas y locales de forma concurrente.<\/p>\n<p>Organismos de derechos humanos y figuras de la oposici\u00f3n han advertido que esta reforma pavimenta el camino hacia un r\u00e9gimen autoritario. La diputada Claudia Ortiz denunci\u00f3 que la medida busca \u201cperpetuar a un peque\u00f1o grupo en el poder y dejar a la gente cada vez m\u00e1s pobre\u201d.<\/p>\n<p>Aunque la Constituci\u00f3n prohib\u00eda expresamente la reelecci\u00f3n, Bukele fue reelegido en 2024 con el 82.8% de los votos, tras un fallo de la Corte Suprema \u2014dominada por jueces afines al oficialismo\u2014 que reinterpret\u00f3 la ley para habilitar su candidatura.<\/p>\n<p>Desde organizaciones como Human Rights Watch se ha advertido que El Salvador sigue el mismo guion que pa\u00edses como Venezuela: \u201cEmpieza con un l\u00edder popular que concentra poder, y termina en dictadura\u201d, dijo su directora para las Am\u00e9ricas, Juanita Goebertus.<\/p>\n<p>Bukele, quien asumi\u00f3 su primer mandato en 2019, ha ganado respaldo popular por su pol\u00edtica de \u201cmano dura\u201d contra las pandillas, con cifras r\u00e9cord de reducci\u00f3n de homicidios. Pero esa misma estrategia ha sido duramente cuestionada por detenciones arbitrarias, ausencia de juicios justos y condiciones inhumanas en c\u00e1rceles como el CECOT.<\/p>\n<p>A pesar de las denuncias, Bukele ha dejado claro que continuar\u00e1 en esa l\u00ednea. \u201cPrefiero que me llamen dictador a ver c\u00f3mo matan a los salvadore\u00f1os en las calles\u201d, dijo en un discurso reciente.<\/p>\n","protected":false},"excerpt":{"rendered":"<p>El Congreso de El Salvador, dominado por el oficialismo, aprob\u00f3 este jueves 1 de agosto una controvertida reforma constitucional que elimina el l\u00edmite de reelecci\u00f3n presidencial y permite que Nayib Bukele \u2014u otro mandatario\u2014 se mantenga en el poder de forma indefinida. Con el respaldo de 57 de los 60 diputados, la Asamblea Legislativa tambi\u00e9n decidi\u00f3 extender el per\u00edodo presidencial de cinco a seis a\u00f1os y suprimir la segunda vuelta en las elecciones, lo que marca un giro profundo en las reglas democr\u00e1ticas del pa\u00eds. Seg\u00fan la legisladora oficialista Ana Figueroa, los cambios buscan \u201cdarle el poder total al pueblo salvadore\u00f1o\u201d y equiparar las condiciones del cargo presidencial con otros puestos de elecci\u00f3n popular. Pero desde la oposici\u00f3n, el mensaje fue otro: \u201cEste d\u00eda muri\u00f3 la democracia\u201d, dec\u00eda un cartel que alz\u00f3 la diputada Marcela Villatoro en plena sesi\u00f3n. La reforma tambi\u00e9n establece que el actual mandato de Bukele, que inici\u00f3 en 2024, terminar\u00e1 de forma anticipada el 1 de junio de 2027. En esa fecha se celebrar\u00e1n elecciones presidenciales, legislativas y locales de forma concurrente. Organismos de derechos humanos y figuras de la oposici\u00f3n han advertido que esta reforma pavimenta el camino hacia un r\u00e9gimen autoritario. La diputada Claudia Ortiz denunci\u00f3 que la medida busca \u201cperpetuar a un peque\u00f1o grupo en el poder y dejar a la gente cada vez m\u00e1s pobre\u201d. Aunque la Constituci\u00f3n prohib\u00eda expresamente la reelecci\u00f3n, Bukele fue reelegido en 2024 con el 82.8% de los votos, tras un fallo de la Corte Suprema \u2014dominada por jueces afines al oficialismo\u2014 que reinterpret\u00f3 la ley para habilitar su candidatura. Desde organizaciones como Human Rights Watch se ha advertido que El Salvador sigue el mismo guion que pa\u00edses como Venezuela: \u201cEmpieza con un l\u00edder popular que concentra poder, y termina en dictadura\u201d, dijo su directora para las Am\u00e9ricas, Juanita Goebertus. Bukele, quien asumi\u00f3 su primer mandato en 2019, ha ganado respaldo popular por su pol\u00edtica de \u201cmano dura\u201d contra las pandillas, con cifras r\u00e9cord de reducci\u00f3n de homicidios. Pero esa misma estrategia ha sido duramente cuestionada por detenciones arbitrarias, ausencia de juicios justos y condiciones inhumanas en c\u00e1rceles como el CECOT. A pesar de las denuncias, Bukele ha dejado claro que continuar\u00e1 en esa l\u00ednea. \u201cPrefiero que me llamen dictador a ver c\u00f3mo matan a los salvadore\u00f1os en las calles\u201d, dijo en un discurso reciente.<\/p>\n","protected":false},"author":1,"featured_media":25301,"comment_status":"closed","ping_status":"closed","sticky":false,"template":"","format":"standard","meta":{"footnotes":""},"categories":[5],"tags":[],"class_list":["post-25300","post","type-post","status-publish","format-standard","has-post-thumbnail","hentry","category-internacionales"],"_links":{"self":[{"href":"https:\/\/www.elamazonico.com\/portal\/wp-json\/wp\/v2\/posts\/25300","targetHints":{"allow":["GET"]}}],"collection":[{"href":"https:\/\/www.elamazonico.com\/portal\/wp-json\/wp\/v2\/posts"}],"about":[{"href":"https:\/\/www.elamazonico.com\/portal\/wp-json\/wp\/v2\/types\/post"}],"author":[{"embeddable":true,"href":"https:\/\/www.elamazonico.com\/portal\/wp-json\/wp\/v2\/users\/1"}],"replies":[{"embeddable":true,"href":"https:\/\/www.elamazonico.com\/portal\/wp-json\/wp\/v2\/comments?post=25300"}],"version-history":[{"count":1,"href":"https:\/\/www.elamazonico.com\/portal\/wp-json\/wp\/v2\/posts\/25300\/revisions"}],"predecessor-version":[{"id":25302,"href":"https:\/\/www.elamazonico.com\/portal\/wp-json\/wp\/v2\/posts\/25300\/revisions\/25302"}],"wp:featuredmedia":[{"embeddable":true,"href":"https:\/\/www.elamazonico.com\/portal\/wp-json\/wp\/v2\/media\/25301"}],"wp:attachment":[{"href":"https:\/\/www.elamazonico.com\/portal\/wp-json\/wp\/v2\/media?parent=25300"}],"wp:term":[{"taxonomy":"category","embeddable":true,"href":"https:\/\/www.elamazonico.com\/portal\/wp-json\/wp\/v2\/categories?post=25300"},{"taxonomy":"post_tag","embeddable":true,"href":"https:\/\/www.elamazonico.com\/portal\/wp-json\/wp\/v2\/tags?post=25300"}],"curies":[{"name":"wp","href":"https:\/\/api.w.org\/{rel}","templated":true}]}}