{"id":25297,"date":"2025-08-01T11:30:57","date_gmt":"2025-08-01T16:30:57","guid":{"rendered":"https:\/\/www.elamazonico.com\/portal\/?p=25297"},"modified":"2025-08-01T15:16:10","modified_gmt":"2025-08-01T20:16:10","slug":"trump-impone-nuevos-aranceles-ecuador-pagara-15-por-exportar-a-eeuu-desde-el-7-de-agosto","status":"publish","type":"post","link":"https:\/\/www.elamazonico.com\/portal\/trump-impone-nuevos-aranceles-ecuador-pagara-15-por-exportar-a-eeuu-desde-el-7-de-agosto\/","title":{"rendered":"Trump impone nuevos aranceles: Ecuador pagar\u00e1 15% por exportar a EEUU desde el 7 de agosto"},"content":{"rendered":"<p>El presidente de Estados Unidos,\u00a0<strong>Donald Trump<\/strong>, firm\u00f3 la noche del 31 de julio de 2025 un decreto que impone\u00a0<strong>nuevos aranceles a decenas de pa\u00edses<\/strong>, entre ellos\u00a0<strong>Ecuador<\/strong>, con quienes, seg\u00fan Washington, existen\u00a0<strong>desequilibrios comerciales<\/strong>.<\/p>\n<p>En el caso ecuatoriano, el impuesto a los productos que ingresan a territorio estadounidense\u00a0<strong>subir\u00e1 del 10% al 15%<\/strong>, porcentaje que tambi\u00e9n se aplicar\u00e1 a\u00a0<strong>Costa Rica y Bolivia<\/strong>. La medida entrar\u00e1 en vigor\u00a0<strong>el 7 de agosto<\/strong>, con un retraso de siete d\u00edas respecto a la fecha inicial anunciada, para \u201cdar tiempo a las aduanas para prepararse\u201d, seg\u00fan un alto funcionario estadounidense.<\/p>\n<p>Entre los pa\u00edses m\u00e1s golpeados est\u00e1n\u00a0<strong>Siria, que pagar\u00e1 un 41%<\/strong>, y\u00a0<strong>Brasil<\/strong>, que aunque inicialmente ten\u00eda un 10%,\u00a0<strong>desde el 6 de agosto ser\u00e1 castigado con un 50%<\/strong>, por el juicio contra el expresidente Jair Bolsonaro. La Casa Blanca justific\u00f3 este castigo alegando \u201cpreocupaciones democr\u00e1ticas\u201d.<\/p>\n<p>Tambi\u00e9n se impone un recargo del\u00a0<strong>35% a los productos canadienses<\/strong>\u00a0que no est\u00e9n cubiertos por el T-MEC, acusando a Canad\u00e1 de no frenar el tr\u00e1fico de\u00a0<strong>fentanilo<\/strong>\u00a0y de permitir la operaci\u00f3n de laboratorios de s\u00edntesis de drogas en su territorio.<\/p>\n<p><strong>\u00bfPor qu\u00e9 Ecuador est\u00e1 en la lista?<\/strong><\/p>\n<p>Aunque Ecuador ha intentado mejorar su relaci\u00f3n comercial con EE.UU., la administraci\u00f3n Trump considera que el pa\u00eds\u00a0<strong>a\u00fan mantiene barreras o condiciones desventajosas<\/strong>\u00a0en el intercambio bilateral. Noem, la secretaria de Seguridad estadounidense que visit\u00f3 Quito esta semana, ya hab\u00eda se\u00f1alado que la cooperaci\u00f3n migratoria y de seguridad era buena, pero\u00a0<strong>los temas econ\u00f3micos siguen siendo un punto de fricci\u00f3n<\/strong>.<\/p>\n<p>El decreto presidencial tambi\u00e9n menciona que algunos pa\u00edses recibir\u00e1n tarifas reducidas por haber alcanzado\u00a0<strong>acuerdos comerciales y de seguridad con EE.UU.<\/strong>\u00a0Entre ellos est\u00e1n\u00a0<strong>Corea del Sur, Jap\u00f3n y la Uni\u00f3n Europea<\/strong>, que pagar\u00e1n un 15%, igual que Ecuador, pero como parte de acuerdos bilaterales en marcha.<\/p>\n<p>En cambio, pa\u00edses como\u00a0<strong>India<\/strong>\u00a0han sido advertidos: si no se alinean comercial y pol\u00edticamente con EE.UU., podr\u00edan enfrentar aranceles de hasta\u00a0<strong>25%<\/strong>.<\/p>\n<p>\u201cAlgunos socios han demostrado su intenci\u00f3n de remediar las barreras comerciales y alinearse con Estados Unidos. Otros, no lo han hecho\u201d, se lee en el comunicado de la Casa Blanca.<\/p>\n","protected":false},"excerpt":{"rendered":"<p>El presidente de Estados Unidos,\u00a0Donald Trump, firm\u00f3 la noche del 31 de julio de 2025 un decreto que impone\u00a0nuevos aranceles a decenas de pa\u00edses, entre ellos\u00a0Ecuador, con quienes, seg\u00fan Washington, existen\u00a0desequilibrios comerciales. En el caso ecuatoriano, el impuesto a los productos que ingresan a territorio estadounidense\u00a0subir\u00e1 del 10% al 15%, porcentaje que tambi\u00e9n se aplicar\u00e1 a\u00a0Costa Rica y Bolivia. La medida entrar\u00e1 en vigor\u00a0el 7 de agosto, con un retraso de siete d\u00edas respecto a la fecha inicial anunciada, para \u201cdar tiempo a las aduanas para prepararse\u201d, seg\u00fan un alto funcionario estadounidense. Entre los pa\u00edses m\u00e1s golpeados est\u00e1n\u00a0Siria, que pagar\u00e1 un 41%, y\u00a0Brasil, que aunque inicialmente ten\u00eda un 10%,\u00a0desde el 6 de agosto ser\u00e1 castigado con un 50%, por el juicio contra el expresidente Jair Bolsonaro. La Casa Blanca justific\u00f3 este castigo alegando \u201cpreocupaciones democr\u00e1ticas\u201d. Tambi\u00e9n se impone un recargo del\u00a035% a los productos canadienses\u00a0que no est\u00e9n cubiertos por el T-MEC, acusando a Canad\u00e1 de no frenar el tr\u00e1fico de\u00a0fentanilo\u00a0y de permitir la operaci\u00f3n de laboratorios de s\u00edntesis de drogas en su territorio. \u00bfPor qu\u00e9 Ecuador est\u00e1 en la lista? Aunque Ecuador ha intentado mejorar su relaci\u00f3n comercial con EE.UU., la administraci\u00f3n Trump considera que el pa\u00eds\u00a0a\u00fan mantiene barreras o condiciones desventajosas\u00a0en el intercambio bilateral. Noem, la secretaria de Seguridad estadounidense que visit\u00f3 Quito esta semana, ya hab\u00eda se\u00f1alado que la cooperaci\u00f3n migratoria y de seguridad era buena, pero\u00a0los temas econ\u00f3micos siguen siendo un punto de fricci\u00f3n. El decreto presidencial tambi\u00e9n menciona que algunos pa\u00edses recibir\u00e1n tarifas reducidas por haber alcanzado\u00a0acuerdos comerciales y de seguridad con EE.UU.\u00a0Entre ellos est\u00e1n\u00a0Corea del Sur, Jap\u00f3n y la Uni\u00f3n Europea, que pagar\u00e1n un 15%, igual que Ecuador, pero como parte de acuerdos bilaterales en marcha. En cambio, pa\u00edses como\u00a0India\u00a0han sido advertidos: si no se alinean comercial y pol\u00edticamente con EE.UU., podr\u00edan enfrentar aranceles de hasta\u00a025%. \u201cAlgunos socios han demostrado su intenci\u00f3n de remediar las barreras comerciales y alinearse con Estados Unidos. Otros, no lo han hecho\u201d, se lee en el comunicado de la Casa Blanca.<\/p>\n","protected":false},"author":1,"featured_media":25298,"comment_status":"closed","ping_status":"closed","sticky":false,"template":"","format":"standard","meta":{"footnotes":""},"categories":[5],"tags":[],"class_list":["post-25297","post","type-post","status-publish","format-standard","has-post-thumbnail","hentry","category-internacionales"],"_links":{"self":[{"href":"https:\/\/www.elamazonico.com\/portal\/wp-json\/wp\/v2\/posts\/25297","targetHints":{"allow":["GET"]}}],"collection":[{"href":"https:\/\/www.elamazonico.com\/portal\/wp-json\/wp\/v2\/posts"}],"about":[{"href":"https:\/\/www.elamazonico.com\/portal\/wp-json\/wp\/v2\/types\/post"}],"author":[{"embeddable":true,"href":"https:\/\/www.elamazonico.com\/portal\/wp-json\/wp\/v2\/users\/1"}],"replies":[{"embeddable":true,"href":"https:\/\/www.elamazonico.com\/portal\/wp-json\/wp\/v2\/comments?post=25297"}],"version-history":[{"count":1,"href":"https:\/\/www.elamazonico.com\/portal\/wp-json\/wp\/v2\/posts\/25297\/revisions"}],"predecessor-version":[{"id":25299,"href":"https:\/\/www.elamazonico.com\/portal\/wp-json\/wp\/v2\/posts\/25297\/revisions\/25299"}],"wp:featuredmedia":[{"embeddable":true,"href":"https:\/\/www.elamazonico.com\/portal\/wp-json\/wp\/v2\/media\/25298"}],"wp:attachment":[{"href":"https:\/\/www.elamazonico.com\/portal\/wp-json\/wp\/v2\/media?parent=25297"}],"wp:term":[{"taxonomy":"category","embeddable":true,"href":"https:\/\/www.elamazonico.com\/portal\/wp-json\/wp\/v2\/categories?post=25297"},{"taxonomy":"post_tag","embeddable":true,"href":"https:\/\/www.elamazonico.com\/portal\/wp-json\/wp\/v2\/tags?post=25297"}],"curies":[{"name":"wp","href":"https:\/\/api.w.org\/{rel}","templated":true}]}}