{"id":25293,"date":"2025-08-01T09:52:19","date_gmt":"2025-08-01T14:52:19","guid":{"rendered":"https:\/\/www.elamazonico.com\/portal\/?p=25293"},"modified":"2025-08-01T09:52:19","modified_gmt":"2025-08-01T14:52:19","slug":"emmszach-e-p-bajo-la-lupa-cambios-sacuden-a-la-interna-de-la-empresa-publica-de-movilidad-de-zumbi","status":"publish","type":"post","link":"https:\/\/www.elamazonico.com\/portal\/emmszach-e-p-bajo-la-lupa-cambios-sacuden-a-la-interna-de-la-empresa-publica-de-movilidad-de-zumbi\/","title":{"rendered":"EMMSZACH E.P bajo la lupa: cambios sacuden a la interna de la empresa p\u00fablica de movilidad de Zumbi"},"content":{"rendered":"<p data-start=\"188\" data-end=\"573\">En un memorando oficial con fecha 31 de julio de 2025, el ingeniero Leonardo Rogelio Mendoza Armijos, quien hasta la presente fecha se desempe\u00f1aba como Gerente General de la Empresa Mancomunada de Movilidad Sustentable de Zamora Chinchipe E.P. (EMMSZACH E.P.), comunic\u00f3 formalmente su salida del cargo y dej\u00f3 sin efecto todos los encargos administrativos realizados durante su gesti\u00f3n.<\/p>\n<p data-start=\"575\" data-end=\"1106\">El documento, dirigido a varios funcionarios de la instituci\u00f3n y con referencia al Oficio N.\u00ba 002-PRE-2025-EMMSZACH.E.P. suscrito por el alcalde del cant\u00f3n Chinchipe y presidente del Directorio de la EMMSZACH E.P., Ing. Henry Alexander Ord\u00f3\u00f1ez Jaramillo, establece que \u201ca partir de hoy todos los encargos administrativos que se hayan dispuesto previamente dentro de la instituci\u00f3n, sea de forma expresa o t\u00e1cita\u201d, quedan sin vigencia, en virtud del cumplimiento de los principios de legalidad, eficiencia y necesidad institucional.<\/p>\n<p data-start=\"1108\" data-end=\"1512\">La medida ha sido calificada por observadores institucionales como un acto administrativo que busca marcar un cierre definitivo de funciones y delimitar responsabilidades. Sin embargo, tambi\u00e9n genera interrogantes sobre la estabilidad operativa de la entidad, el estado de los procesos en curso y la forma en que ser\u00e1n asumidas las competencias y encargos vacantes, particularmente en \u00e1reas estrat\u00e9gicas.<\/p>\n<p data-start=\"1514\" data-end=\"1924\">El exgerente solicita en el memorando a la Direcci\u00f3n de Talento Humano que proceda de inmediato con las acciones administrativas correspondientes, entre ellas la actualizaci\u00f3n del distributivo institucional y la notificaci\u00f3n formal a los servidores p\u00fablicos involucrados. Estas acciones ser\u00e1n claves para evitar vac\u00edos funcionales y asegurar la continuidad de los servicios p\u00fablicos que presta la EMMSZACH E.P.<\/p>\n<p data-start=\"2304\" data-end=\"2631\">La ciudadan\u00eda y usuarios consideran que, m\u00e1s all\u00e1 de la salida de un gerente, este acontecimiento abre un espacio de reflexi\u00f3n sobre el rol de los directivos municipales en el direccionamiento de empresas p\u00fablicas mancomunadas, la necesidad de fortalecer su autonom\u00eda t\u00e9cnica, y los desaf\u00edos de gobernanza en el marco de la descentralizaci\u00f3n.<\/p>\n<p data-start=\"2304\" data-end=\"2631\"><img fetchpriority=\"high\" decoding=\"async\" class=\"alignnone size-medium wp-image-25294\" src=\"https:\/\/www.elamazonico.com\/portal\/wp-content\/uploads\/2025\/08\/3c344eed-e718-4c28-8ccc-4b8f77b1a812-169x300.jpeg\" alt=\"\" width=\"169\" height=\"300\" srcset=\"https:\/\/www.elamazonico.com\/portal\/wp-content\/uploads\/2025\/08\/3c344eed-e718-4c28-8ccc-4b8f77b1a812-169x300.jpeg 169w, https:\/\/www.elamazonico.com\/portal\/wp-content\/uploads\/2025\/08\/3c344eed-e718-4c28-8ccc-4b8f77b1a812-576x1024.jpeg 576w, https:\/\/www.elamazonico.com\/portal\/wp-content\/uploads\/2025\/08\/3c344eed-e718-4c28-8ccc-4b8f77b1a812-768x1366.jpeg 768w, https:\/\/www.elamazonico.com\/portal\/wp-content\/uploads\/2025\/08\/3c344eed-e718-4c28-8ccc-4b8f77b1a812-864x1536.jpeg 864w, https:\/\/www.elamazonico.com\/portal\/wp-content\/uploads\/2025\/08\/3c344eed-e718-4c28-8ccc-4b8f77b1a812.jpeg 899w\" sizes=\"(max-width: 169px) 100vw, 169px\" \/><\/p>\n","protected":false},"excerpt":{"rendered":"<p>En un memorando oficial con fecha 31 de julio de 2025, el ingeniero Leonardo Rogelio Mendoza Armijos, quien hasta la presente fecha se desempe\u00f1aba como Gerente General de la Empresa Mancomunada de Movilidad Sustentable de Zamora Chinchipe E.P. (EMMSZACH E.P.), comunic\u00f3 formalmente su salida del cargo y dej\u00f3 sin efecto todos los encargos administrativos realizados durante su gesti\u00f3n. El documento, dirigido a varios funcionarios de la instituci\u00f3n y con referencia al Oficio N.\u00ba 002-PRE-2025-EMMSZACH.E.P. suscrito por el alcalde del cant\u00f3n Chinchipe y presidente del Directorio de la EMMSZACH E.P., Ing. Henry Alexander Ord\u00f3\u00f1ez Jaramillo, establece que \u201ca partir de hoy todos los encargos administrativos que se hayan dispuesto previamente dentro de la instituci\u00f3n, sea de forma expresa o t\u00e1cita\u201d, quedan sin vigencia, en virtud del cumplimiento de los principios de legalidad, eficiencia y necesidad institucional. La medida ha sido calificada por observadores institucionales como un acto administrativo que busca marcar un cierre definitivo de funciones y delimitar responsabilidades. Sin embargo, tambi\u00e9n genera interrogantes sobre la estabilidad operativa de la entidad, el estado de los procesos en curso y la forma en que ser\u00e1n asumidas las competencias y encargos vacantes, particularmente en \u00e1reas estrat\u00e9gicas. El exgerente solicita en el memorando a la Direcci\u00f3n de Talento Humano que proceda de inmediato con las acciones administrativas correspondientes, entre ellas la actualizaci\u00f3n del distributivo institucional y la notificaci\u00f3n formal a los servidores p\u00fablicos involucrados. Estas acciones ser\u00e1n claves para evitar vac\u00edos funcionales y asegurar la continuidad de los servicios p\u00fablicos que presta la EMMSZACH E.P. La ciudadan\u00eda y usuarios consideran que, m\u00e1s all\u00e1 de la salida de un gerente, este acontecimiento abre un espacio de reflexi\u00f3n sobre el rol de los directivos municipales en el direccionamiento de empresas p\u00fablicas mancomunadas, la necesidad de fortalecer su autonom\u00eda t\u00e9cnica, y los desaf\u00edos de gobernanza en el marco de la descentralizaci\u00f3n.<\/p>\n","protected":false},"author":1,"featured_media":25295,"comment_status":"closed","ping_status":"closed","sticky":false,"template":"","format":"standard","meta":{"footnotes":""},"categories":[243],"tags":[],"class_list":["post-25293","post","type-post","status-publish","format-standard","has-post-thumbnail","hentry","category-noticias-zamora"],"_links":{"self":[{"href":"https:\/\/www.elamazonico.com\/portal\/wp-json\/wp\/v2\/posts\/25293","targetHints":{"allow":["GET"]}}],"collection":[{"href":"https:\/\/www.elamazonico.com\/portal\/wp-json\/wp\/v2\/posts"}],"about":[{"href":"https:\/\/www.elamazonico.com\/portal\/wp-json\/wp\/v2\/types\/post"}],"author":[{"embeddable":true,"href":"https:\/\/www.elamazonico.com\/portal\/wp-json\/wp\/v2\/users\/1"}],"replies":[{"embeddable":true,"href":"https:\/\/www.elamazonico.com\/portal\/wp-json\/wp\/v2\/comments?post=25293"}],"version-history":[{"count":1,"href":"https:\/\/www.elamazonico.com\/portal\/wp-json\/wp\/v2\/posts\/25293\/revisions"}],"predecessor-version":[{"id":25296,"href":"https:\/\/www.elamazonico.com\/portal\/wp-json\/wp\/v2\/posts\/25293\/revisions\/25296"}],"wp:featuredmedia":[{"embeddable":true,"href":"https:\/\/www.elamazonico.com\/portal\/wp-json\/wp\/v2\/media\/25295"}],"wp:attachment":[{"href":"https:\/\/www.elamazonico.com\/portal\/wp-json\/wp\/v2\/media?parent=25293"}],"wp:term":[{"taxonomy":"category","embeddable":true,"href":"https:\/\/www.elamazonico.com\/portal\/wp-json\/wp\/v2\/categories?post=25293"},{"taxonomy":"post_tag","embeddable":true,"href":"https:\/\/www.elamazonico.com\/portal\/wp-json\/wp\/v2\/tags?post=25293"}],"curies":[{"name":"wp","href":"https:\/\/api.w.org\/{rel}","templated":true}]}}