{"id":25237,"date":"2025-07-30T15:54:49","date_gmt":"2025-07-30T20:54:49","guid":{"rendered":"https:\/\/www.elamazonico.com\/portal\/?p=25237"},"modified":"2025-07-30T15:54:49","modified_gmt":"2025-07-30T20:54:49","slug":"utpl-presente-en-marcas-mas-influyentes-2025-por-su-compromiso-con-la-innovacion-y-la-transformacion-social","status":"publish","type":"post","link":"https:\/\/www.elamazonico.com\/portal\/utpl-presente-en-marcas-mas-influyentes-2025-por-su-compromiso-con-la-innovacion-y-la-transformacion-social\/","title":{"rendered":"UTPL presente en \u201cMarcas M\u00e1s Influyentes 2025\u201d por su compromiso con la innovaci\u00f3n y la transformaci\u00f3n social"},"content":{"rendered":"<p data-start=\"225\" data-end=\"468\">La Universidad T\u00e9cnica Particular de Loja (UTPL) particip\u00f3 en el evento \u201cMarcas M\u00e1s Influyentes 2025\u201d, un encuentro que reuni\u00f3 a destacadas organizaciones del pa\u00eds reconocidas por su impacto positivo y su capacidad de inspirar a la sociedad.<\/p>\n<p data-start=\"470\" data-end=\"869\">La presencia institucional estuvo representada por el gerente de Mercadeo, Leonardo S\u00e1nchez, quien comparti\u00f3 la ponencia titulada <em data-start=\"600\" data-end=\"665\">\u201cHumanizaci\u00f3n de marcas: el alma como estrategia institucional\u201d<\/em>. Durante su intervenci\u00f3n, S\u00e1nchez expuso c\u00f3mo la UTPL ha logrado conectar con sus audiencias a trav\u00e9s de los valores que la identifican, apostando por una comunicaci\u00f3n aut\u00e9ntica, cercana y con prop\u00f3sito.<\/p>\n<p data-start=\"871\" data-end=\"1074\">Este espacio, impulsado por Am\u00e9ricaEconom\u00eda y la revista Vistazo, permiti\u00f3 visibilizar el trabajo de marcas comprometidas con la innovaci\u00f3n, la responsabilidad social y el desarrollo sostenible del pa\u00eds.<\/p>\n<p data-start=\"1076\" data-end=\"1335\">La participaci\u00f3n de la UTPL en esta edici\u00f3n reafirma su posici\u00f3n como una instituci\u00f3n que no solo forma profesionales de excelencia, sino que tambi\u00e9n educa con sentido humano, guiada por la misi\u00f3n de transformar realidades desde el conocimiento y los valores.<\/p>\n","protected":false},"excerpt":{"rendered":"<p>La Universidad T\u00e9cnica Particular de Loja (UTPL) particip\u00f3 en el evento \u201cMarcas M\u00e1s Influyentes 2025\u201d, un encuentro que reuni\u00f3 a destacadas organizaciones del pa\u00eds reconocidas por su impacto positivo y su capacidad de inspirar a la sociedad. La presencia institucional estuvo representada por el gerente de Mercadeo, Leonardo S\u00e1nchez, quien comparti\u00f3 la ponencia titulada \u201cHumanizaci\u00f3n de marcas: el alma como estrategia institucional\u201d. Durante su intervenci\u00f3n, S\u00e1nchez expuso c\u00f3mo la UTPL ha logrado conectar con sus audiencias a trav\u00e9s de los valores que la identifican, apostando por una comunicaci\u00f3n aut\u00e9ntica, cercana y con prop\u00f3sito. Este espacio, impulsado por Am\u00e9ricaEconom\u00eda y la revista Vistazo, permiti\u00f3 visibilizar el trabajo de marcas comprometidas con la innovaci\u00f3n, la responsabilidad social y el desarrollo sostenible del pa\u00eds. La participaci\u00f3n de la UTPL en esta edici\u00f3n reafirma su posici\u00f3n como una instituci\u00f3n que no solo forma profesionales de excelencia, sino que tambi\u00e9n educa con sentido humano, guiada por la misi\u00f3n de transformar realidades desde el conocimiento y los valores.<\/p>\n","protected":false},"author":1,"featured_media":25238,"comment_status":"closed","ping_status":"closed","sticky":false,"template":"","format":"standard","meta":{"footnotes":""},"categories":[284],"tags":[],"class_list":["post-25237","post","type-post","status-publish","format-standard","has-post-thumbnail","hentry","category-noticias-loja"],"_links":{"self":[{"href":"https:\/\/www.elamazonico.com\/portal\/wp-json\/wp\/v2\/posts\/25237","targetHints":{"allow":["GET"]}}],"collection":[{"href":"https:\/\/www.elamazonico.com\/portal\/wp-json\/wp\/v2\/posts"}],"about":[{"href":"https:\/\/www.elamazonico.com\/portal\/wp-json\/wp\/v2\/types\/post"}],"author":[{"embeddable":true,"href":"https:\/\/www.elamazonico.com\/portal\/wp-json\/wp\/v2\/users\/1"}],"replies":[{"embeddable":true,"href":"https:\/\/www.elamazonico.com\/portal\/wp-json\/wp\/v2\/comments?post=25237"}],"version-history":[{"count":1,"href":"https:\/\/www.elamazonico.com\/portal\/wp-json\/wp\/v2\/posts\/25237\/revisions"}],"predecessor-version":[{"id":25239,"href":"https:\/\/www.elamazonico.com\/portal\/wp-json\/wp\/v2\/posts\/25237\/revisions\/25239"}],"wp:featuredmedia":[{"embeddable":true,"href":"https:\/\/www.elamazonico.com\/portal\/wp-json\/wp\/v2\/media\/25238"}],"wp:attachment":[{"href":"https:\/\/www.elamazonico.com\/portal\/wp-json\/wp\/v2\/media?parent=25237"}],"wp:term":[{"taxonomy":"category","embeddable":true,"href":"https:\/\/www.elamazonico.com\/portal\/wp-json\/wp\/v2\/categories?post=25237"},{"taxonomy":"post_tag","embeddable":true,"href":"https:\/\/www.elamazonico.com\/portal\/wp-json\/wp\/v2\/tags?post=25237"}],"curies":[{"name":"wp","href":"https:\/\/api.w.org\/{rel}","templated":true}]}}