{"id":25166,"date":"2025-07-28T17:08:10","date_gmt":"2025-07-28T22:08:10","guid":{"rendered":"https:\/\/www.elamazonico.com\/portal\/?p=25166"},"modified":"2025-07-28T17:08:10","modified_gmt":"2025-07-28T22:08:10","slug":"donde-fue-y-que-hizo-el-ecuatoriano-willian-pacho-defensa-del-paris-saint-germain-en-sus-vacaciones","status":"publish","type":"post","link":"https:\/\/www.elamazonico.com\/portal\/donde-fue-y-que-hizo-el-ecuatoriano-willian-pacho-defensa-del-paris-saint-germain-en-sus-vacaciones\/","title":{"rendered":"\u00bfD\u00f3nde fue y qu\u00e9 hizo el ecuatoriano Willian Pacho, defensa del Par\u00eds Saint-Germain, en sus vacaciones?"},"content":{"rendered":"<p>Willian Pacho, defensa ecuatoriano del Par\u00eds Saint-Germain, disfruta de sus vacaciones y para esto fue a las playas de Cartagena, en Colombia.<\/p>\n<p>En un video de la cuenta de la red social Instagram Cartagenadelujo se pueden ver im\u00e1genes del zaguero tricolor realizando diversas actividades en el balneario.<\/p>\n<p>Con ba\u00f1os en sus playas, pasando por diversos paseos, deleit\u00e1ndose con la comida del lugar, incluso firmando aut\u00f3grafos, se lo ve disfrutando a Pacho.<\/p>\n<p>\u00abNo pens\u00e9 que fuera as\u00ed Cartagena, la verdad es una ciudad que me agrad\u00f3 mucho, es un lugar incre\u00edble y la gente tambi\u00e9n muy agradable\u00bb, dijo el futbolista nacional.<\/p>\n<p>As\u00ed es como el zaguero central del campe\u00f3n de la Champions League recarga energ\u00edas para lo que ser\u00e1 la defensa del t\u00edtulo en la pr\u00f3xima edici\u00f3n del torneo europeo. <strong>Fuente: Primicias<\/strong><\/p>\n","protected":false},"excerpt":{"rendered":"<p>Willian Pacho, defensa ecuatoriano del Par\u00eds Saint-Germain, disfruta de sus vacaciones y para esto fue a las playas de Cartagena, en Colombia. En un video de la cuenta de la red social Instagram Cartagenadelujo se pueden ver im\u00e1genes del zaguero tricolor realizando diversas actividades en el balneario. Con ba\u00f1os en sus playas, pasando por diversos paseos, deleit\u00e1ndose con la comida del lugar, incluso firmando aut\u00f3grafos, se lo ve disfrutando a Pacho. \u00abNo pens\u00e9 que fuera as\u00ed Cartagena, la verdad es una ciudad que me agrad\u00f3 mucho, es un lugar incre\u00edble y la gente tambi\u00e9n muy agradable\u00bb, dijo el futbolista nacional. As\u00ed es como el zaguero central del campe\u00f3n de la Champions League recarga energ\u00edas para lo que ser\u00e1 la defensa del t\u00edtulo en la pr\u00f3xima edici\u00f3n del torneo europeo. Fuente: Primicias<\/p>\n","protected":false},"author":1,"featured_media":25167,"comment_status":"closed","ping_status":"closed","sticky":false,"template":"","format":"standard","meta":{"footnotes":""},"categories":[6],"tags":[],"class_list":["post-25166","post","type-post","status-publish","format-standard","has-post-thumbnail","hentry","category-deportes"],"_links":{"self":[{"href":"https:\/\/www.elamazonico.com\/portal\/wp-json\/wp\/v2\/posts\/25166","targetHints":{"allow":["GET"]}}],"collection":[{"href":"https:\/\/www.elamazonico.com\/portal\/wp-json\/wp\/v2\/posts"}],"about":[{"href":"https:\/\/www.elamazonico.com\/portal\/wp-json\/wp\/v2\/types\/post"}],"author":[{"embeddable":true,"href":"https:\/\/www.elamazonico.com\/portal\/wp-json\/wp\/v2\/users\/1"}],"replies":[{"embeddable":true,"href":"https:\/\/www.elamazonico.com\/portal\/wp-json\/wp\/v2\/comments?post=25166"}],"version-history":[{"count":1,"href":"https:\/\/www.elamazonico.com\/portal\/wp-json\/wp\/v2\/posts\/25166\/revisions"}],"predecessor-version":[{"id":25168,"href":"https:\/\/www.elamazonico.com\/portal\/wp-json\/wp\/v2\/posts\/25166\/revisions\/25168"}],"wp:featuredmedia":[{"embeddable":true,"href":"https:\/\/www.elamazonico.com\/portal\/wp-json\/wp\/v2\/media\/25167"}],"wp:attachment":[{"href":"https:\/\/www.elamazonico.com\/portal\/wp-json\/wp\/v2\/media?parent=25166"}],"wp:term":[{"taxonomy":"category","embeddable":true,"href":"https:\/\/www.elamazonico.com\/portal\/wp-json\/wp\/v2\/categories?post=25166"},{"taxonomy":"post_tag","embeddable":true,"href":"https:\/\/www.elamazonico.com\/portal\/wp-json\/wp\/v2\/tags?post=25166"}],"curies":[{"name":"wp","href":"https:\/\/api.w.org\/{rel}","templated":true}]}}