{"id":25160,"date":"2025-07-28T16:49:31","date_gmt":"2025-07-28T21:49:31","guid":{"rendered":"https:\/\/www.elamazonico.com\/portal\/?p=25160"},"modified":"2025-07-28T16:49:31","modified_gmt":"2025-07-28T21:49:31","slug":"panas-proteger-a-la-educacion-es-importante","status":"publish","type":"post","link":"https:\/\/www.elamazonico.com\/portal\/panas-proteger-a-la-educacion-es-importante\/","title":{"rendered":"\u00a1Panas!, proteger a la educaci\u00f3n es importante"},"content":{"rendered":"<p>En lo que va del 2025 se han registrado alrededor de 200 denuncias por extorsi\u00f3n y secuestros en el \u00e1mbito educativo. Esto se traduce en abandono escolar, miedo en las aulas y zonas enteras convertidas en territorios de conflicto. Ecuador vive una situaci\u00f3n que parece irreal, porque tanto docentes como estudiantes, en lugar de enfocarse en aprender o ense\u00f1ar, est\u00e1n intentando sobrevivir. Ante eso, lo que nos queda es alzar la voz para defender a las aulas como espacios seguros.<\/p>\n<p>Este mes la Uni\u00f3n Nacional de Educadores iz\u00f3 una bandera negra en se\u00f1al de luto. No fue un acto simb\u00f3lico aislado. Lo hicieron porque en la Costa cada vez son m\u00e1s las denuncias de profesores extorsionados por bandas, amenazas directas a escuelas enteras y familias que ya no se atreven a mandar a sus hijos a clases. El miedo se est\u00e1 volviendo parte del horario escolar, y eso no puede normalizarse.<\/p>\n<p>Hablen durante horas con quien quieran sobre c\u00f3mo cambiar al Ecuador o incluso el mundo entero y terminar\u00e1n en la misma conclusi\u00f3n. Todo empieza con la educaci\u00f3n. Aunque el sistema educativo tenga muchas falencias, sigue siendo uno de los pocos espacios donde todav\u00eda se puede construir paz. Y cuando perdemos las aulas, lo que estamos perdiendo es el futuro.<\/p>\n<p>Dejemos de romantizar al crimen en series, canciones y redes. Tanta creatividad deber\u00eda ir a visibilizar a los verdaderos h\u00e9roes. A los docentes con vocaci\u00f3n todo terreno. A los estudiantes que, a pesar de todo, siguen luchando contra las adversidades para alcanzar sus sue\u00f1os. Si ellos no se rinden, tampoco nosotros panas.<\/p>\n<p>En tiempos dist\u00f3picos cuando \u201cproteger\u201d y \u201ceducaci\u00f3n\u201d van en la misma oraci\u00f3n, no como una esperanza sino como una urgencia, se vuelve tambi\u00e9n nuestra responsabilidad actuar. No sirve solo indignarse. Se necesita una respuesta integral, coordinada, con decisi\u00f3n pol\u00edtica y con el apoyo de todos los sectores.<\/p>\n<p>Si tocan a nuestras escuelas est\u00e1n tocando a nuestras familias. Tocan a nuestras comunidades. Tocan a nuestro futuro entero. Esta nota no busca alarmar sino visibilizar. Como dicen por ah\u00ed, no se preocupen panas. Oc\u00fapense desde donde puedan. Desde donde est\u00e9n. Y vamos todos, cada uno con lo que tenga, a proteger a la educaci\u00f3n. <strong>Fuente: El Tel\u00e9grafo<\/strong><\/p>\n","protected":false},"excerpt":{"rendered":"<p>En lo que va del 2025 se han registrado alrededor de 200 denuncias por extorsi\u00f3n y secuestros en el \u00e1mbito educativo. Esto se traduce en abandono escolar, miedo en las aulas y zonas enteras convertidas en territorios de conflicto. Ecuador vive una situaci\u00f3n que parece irreal, porque tanto docentes como estudiantes, en lugar de enfocarse en aprender o ense\u00f1ar, est\u00e1n intentando sobrevivir. Ante eso, lo que nos queda es alzar la voz para defender a las aulas como espacios seguros. Este mes la Uni\u00f3n Nacional de Educadores iz\u00f3 una bandera negra en se\u00f1al de luto. No fue un acto simb\u00f3lico aislado. Lo hicieron porque en la Costa cada vez son m\u00e1s las denuncias de profesores extorsionados por bandas, amenazas directas a escuelas enteras y familias que ya no se atreven a mandar a sus hijos a clases. El miedo se est\u00e1 volviendo parte del horario escolar, y eso no puede normalizarse. Hablen durante horas con quien quieran sobre c\u00f3mo cambiar al Ecuador o incluso el mundo entero y terminar\u00e1n en la misma conclusi\u00f3n. Todo empieza con la educaci\u00f3n. Aunque el sistema educativo tenga muchas falencias, sigue siendo uno de los pocos espacios donde todav\u00eda se puede construir paz. Y cuando perdemos las aulas, lo que estamos perdiendo es el futuro. Dejemos de romantizar al crimen en series, canciones y redes. Tanta creatividad deber\u00eda ir a visibilizar a los verdaderos h\u00e9roes. A los docentes con vocaci\u00f3n todo terreno. A los estudiantes que, a pesar de todo, siguen luchando contra las adversidades para alcanzar sus sue\u00f1os. Si ellos no se rinden, tampoco nosotros panas. En tiempos dist\u00f3picos cuando \u201cproteger\u201d y \u201ceducaci\u00f3n\u201d van en la misma oraci\u00f3n, no como una esperanza sino como una urgencia, se vuelve tambi\u00e9n nuestra responsabilidad actuar. No sirve solo indignarse. Se necesita una respuesta integral, coordinada, con decisi\u00f3n pol\u00edtica y con el apoyo de todos los sectores. Si tocan a nuestras escuelas est\u00e1n tocando a nuestras familias. Tocan a nuestras comunidades. Tocan a nuestro futuro entero. Esta nota no busca alarmar sino visibilizar. Como dicen por ah\u00ed, no se preocupen panas. Oc\u00fapense desde donde puedan. Desde donde est\u00e9n. Y vamos todos, cada uno con lo que tenga, a proteger a la educaci\u00f3n. Fuente: El Tel\u00e9grafo<\/p>\n","protected":false},"author":1,"featured_media":25161,"comment_status":"closed","ping_status":"closed","sticky":false,"template":"","format":"standard","meta":{"footnotes":""},"categories":[7],"tags":[],"class_list":["post-25160","post","type-post","status-publish","format-standard","has-post-thumbnail","hentry","category-opinion"],"_links":{"self":[{"href":"https:\/\/www.elamazonico.com\/portal\/wp-json\/wp\/v2\/posts\/25160","targetHints":{"allow":["GET"]}}],"collection":[{"href":"https:\/\/www.elamazonico.com\/portal\/wp-json\/wp\/v2\/posts"}],"about":[{"href":"https:\/\/www.elamazonico.com\/portal\/wp-json\/wp\/v2\/types\/post"}],"author":[{"embeddable":true,"href":"https:\/\/www.elamazonico.com\/portal\/wp-json\/wp\/v2\/users\/1"}],"replies":[{"embeddable":true,"href":"https:\/\/www.elamazonico.com\/portal\/wp-json\/wp\/v2\/comments?post=25160"}],"version-history":[{"count":1,"href":"https:\/\/www.elamazonico.com\/portal\/wp-json\/wp\/v2\/posts\/25160\/revisions"}],"predecessor-version":[{"id":25162,"href":"https:\/\/www.elamazonico.com\/portal\/wp-json\/wp\/v2\/posts\/25160\/revisions\/25162"}],"wp:featuredmedia":[{"embeddable":true,"href":"https:\/\/www.elamazonico.com\/portal\/wp-json\/wp\/v2\/media\/25161"}],"wp:attachment":[{"href":"https:\/\/www.elamazonico.com\/portal\/wp-json\/wp\/v2\/media?parent=25160"}],"wp:term":[{"taxonomy":"category","embeddable":true,"href":"https:\/\/www.elamazonico.com\/portal\/wp-json\/wp\/v2\/categories?post=25160"},{"taxonomy":"post_tag","embeddable":true,"href":"https:\/\/www.elamazonico.com\/portal\/wp-json\/wp\/v2\/tags?post=25160"}],"curies":[{"name":"wp","href":"https:\/\/api.w.org\/{rel}","templated":true}]}}