{"id":25157,"date":"2025-07-28T16:47:07","date_gmt":"2025-07-28T21:47:07","guid":{"rendered":"https:\/\/www.elamazonico.com\/portal\/?p=25157"},"modified":"2025-07-28T16:47:07","modified_gmt":"2025-07-28T21:47:07","slug":"alvaro-uribe-es-declarado-culpable-por-manipulacion-de-testigos-en-juicio-ligado-a-paramilitares","status":"publish","type":"post","link":"https:\/\/www.elamazonico.com\/portal\/alvaro-uribe-es-declarado-culpable-por-manipulacion-de-testigos-en-juicio-ligado-a-paramilitares\/","title":{"rendered":"\u00c1lvaro Uribe es declarado culpable por manipulaci\u00f3n de testigos en juicio ligado a paramilitares"},"content":{"rendered":"<div class=\"paragraph texto\">\n<p class=\"p_0\">Una jueza de Colombia declar\u00f3 este lunes culpable al expresidente\u00a0<b><a href=\"https:\/\/www.vistazo.com\/actualidad\/internacional\/expresidente-de-colombia-alvaro-uribe-asegura-que-enfrentara-juicio-por-supuesta-manipulacion-de-testigos-DH6108500\">\u00c1lvaro Uribe<\/a><\/b>\u00a0de\u00a0<b>manipulaci\u00f3n de testigos<\/b>, en un juicio que lo convirti\u00f3 en el\u00a0<u>primer exjefe de Estado en enfrentar un proceso penal en la historia del pa\u00eds sudamericano<\/u>.<\/p>\n<p class=\"p_1\">El pol\u00edtico de derecha de 73 a\u00f1os, que gobern\u00f3 entre 2002 y 2010, fue acusado de\u00a0<u><b>presionar y pagar a paramilitares encarcelados para que cambiaran testimonios que lo enlodaban<\/b><\/u>.<\/p>\n<p class=\"p_3\">Los grupos paramilitares surgieron en Colombia en la d\u00e9cada de\u00a0<b>1980<\/b>\u00a0para combatir a las guerrillas marxistas.<\/p>\n<div class=\"google-auto-placed ap_container\"><ins class=\"adsbygoogle adsbygoogle-noablate\" data-ad-format=\"auto\" data-ad-client=\"ca-pub-6700818455230020\" data-adsbygoogle-status=\"done\" data-ad-status=\"filled\"><\/p>\n<div id=\"aswift_2_host\"><u><b>\u00abEl primer soborno en actuaci\u00f3n penal en cuanto a la materialidad de la conducta punible ha quedado acreditado<\/b><\/u><b>\u00ab<\/b>, dijo la jueza Sandra Heredia tras evaluar los contactos del abogado Diego Cadena, que represent\u00f3 a Uribe, con el exparamilitar\u00a0<b>Juan Guillermo Monsalve<\/b>, preso en una c\u00e1rcel de Bogot\u00e1, para que \u00e9ste no declarara sobre los supuestos v\u00ednculos del expresidente con esos grupos armados ilegales.<\/div>\n<p><\/ins><\/div>\n<\/div>\n<div class=\"art-twitter twitter_text\">\n<div class=\"twitter-content\">\n<div class=\"twitter-tweet twitter-tweet-rendered\"><iframe id=\"twitter-widget-0\" class=\"\" title=\"X Post\" src=\"https:\/\/platform.twitter.com\/embed\/Tweet.html?dnt=false&amp;embedId=twitter-widget-0&amp;features=eyJ0ZndfdGltZWxpbmVfbGlzdCI6eyJidWNrZXQiOltdLCJ2ZXJzaW9uIjpudWxsfSwidGZ3X2ZvbGxvd2VyX2NvdW50X3N1bnNldCI6eyJidWNrZXQiOnRydWUsInZlcnNpb24iOm51bGx9LCJ0ZndfdHdlZXRfZWRpdF9iYWNrZW5kIjp7ImJ1Y2tldCI6Im9uIiwidmVyc2lvbiI6bnVsbH0sInRmd19yZWZzcmNfc2Vzc2lvbiI6eyJidWNrZXQiOiJvbiIsInZlcnNpb24iOm51bGx9LCJ0ZndfZm9zbnJfc29mdF9pbnRlcnZlbnRpb25zX2VuYWJsZWQiOnsiYnVja2V0Ijoib24iLCJ2ZXJzaW9uIjpudWxsfSwidGZ3X21peGVkX21lZGlhXzE1ODk3Ijp7ImJ1Y2tldCI6InRyZWF0bWVudCIsInZlcnNpb24iOm51bGx9LCJ0ZndfZXhwZXJpbWVudHNfY29va2llX2V4cGlyYXRpb24iOnsiYnVja2V0IjoxMjA5NjAwLCJ2ZXJzaW9uIjpudWxsfSwidGZ3X3Nob3dfYmlyZHdhdGNoX3Bpdm90c19lbmFibGVkIjp7ImJ1Y2tldCI6Im9uIiwidmVyc2lvbiI6bnVsbH0sInRmd19kdXBsaWNhdGVfc2NyaWJlc190b19zZXR0aW5ncyI6eyJidWNrZXQiOiJvbiIsInZlcnNpb24iOm51bGx9LCJ0ZndfdXNlX3Byb2ZpbGVfaW1hZ2Vfc2hhcGVfZW5hYmxlZCI6eyJidWNrZXQiOiJvbiIsInZlcnNpb24iOm51bGx9LCJ0ZndfdmlkZW9faGxzX2R5bmFtaWNfbWFuaWZlc3RzXzE1MDgyIjp7ImJ1Y2tldCI6InRydWVfYml0cmF0ZSIsInZlcnNpb24iOm51bGx9LCJ0ZndfbGVnYWN5X3RpbWVsaW5lX3N1bnNldCI6eyJidWNrZXQiOnRydWUsInZlcnNpb24iOm51bGx9LCJ0ZndfdHdlZXRfZWRpdF9mcm9udGVuZCI6eyJidWNrZXQiOiJvbiIsInZlcnNpb24iOm51bGx9fQ%3D%3D&amp;frame=false&amp;hideCard=false&amp;hideThread=false&amp;id=1949933442004635961&amp;lang=es&amp;origin=https%3A%2F%2Fwww.vistazo.com%2Fpolitica%2Finternacional%2F2025-07-28-alvaro-uribe-declarado-culpable-manipulacion-testigos-GM9842844&amp;sessionId=6b7fc888516dc4a32e09125fdd82a05d0703b7bb&amp;theme=light&amp;widgetsVersion=2615f7e52b7e0%3A1702314776716&amp;width=550px\" frameborder=\"0\" scrolling=\"no\" allowfullscreen=\"allowfullscreen\" data-tweet-id=\"1949933442004635961\" data-mce-fragment=\"1\"><\/iframe><\/div>\n<\/div>\n<\/div>\n<h2 class=\"h2vistazo\">\u00bfC\u00d3MO EMPEZ\u00d3 EL JUICIO?<\/h2>\n<div class=\"paragraph texto\">\n<p class=\"p_6\">El juicio contra Uribe inici\u00f3 en mayo de 2024. El l\u00edder de la derecha se defendi\u00f3 de\u00a0<b>acusaciones de presionar y pagar a paramilitares encarcelados.<\/b><\/p>\n<p class=\"p_7\">En el in\u00e9dito y muy politizado proceso contra el pol\u00edtico de 73 a\u00f1os, desfilaron m\u00e1s de 90 testigos.<\/p>\n<div class=\"google-auto-placed ap_container\"><ins class=\"adsbygoogle adsbygoogle-noablate\" data-ad-format=\"auto\" data-ad-client=\"ca-pub-6700818455230020\" data-adsbygoogle-status=\"done\" data-ad-status=\"filled\"><\/p>\n<div id=\"aswift_3_host\">Entre ellos estaba Juan Guillermo Monsalve, un exparamilitar que asegura que el expresidente y su hermano<u><b>\u00a0Santiago Uribe<\/b><\/u>\u00a0participaron en los a\u00f1os 90 en la fundaci\u00f3n de un bloque de los\u00a0<u><b>escuadrones de ultraderecha que operaron<\/b><\/u>, a veces con ayuda del Ej\u00e9rcito, contra las guerrillas.<\/div>\n<p><\/ins><\/div>\n<p class=\"p_9\">Todo empez\u00f3 en 2012. Uribe demand\u00f3 al senador izquierdista Iv\u00e1n Cepeda ante la corte suprema por un supuesto complot con testigos falsos para vincularlo con paramilitares. Pero en 2018,\u00a0<u><b>un bumer\u00e1n judicial convirti\u00f3 al exmandatario en el investigado por presuntamente forzar a paramilitares para atestiguar a su favor y desmarcarlo de la organizaci\u00f3n<\/b><\/u>.<\/p>\n<p class=\"p_10\">El exmandatario defiende su inocencia y asegura que es v\u00edctima de una\u00a0<b>\u00abvenganza\u00bb de la izquierda<\/b>, de la extinta guerrilla FARC y el expresidente Juan Manuel Santos, su antiguo aliado convertido en enemigo.<\/p>\n<p class=\"p_11\">Es una \u00abpersecuci\u00f3n pol\u00edtica\u00bb, dijo el viernes en un video que comparti\u00f3 en la red X. <strong>Fuente: Vistazo<\/strong><\/p>\n<\/div>\n","protected":false},"excerpt":{"rendered":"<p>Una jueza de Colombia declar\u00f3 este lunes culpable al expresidente\u00a0\u00c1lvaro Uribe\u00a0de\u00a0manipulaci\u00f3n de testigos, en un juicio que lo convirti\u00f3 en el\u00a0primer exjefe de Estado en enfrentar un proceso penal en la historia del pa\u00eds sudamericano. El pol\u00edtico de derecha de 73 a\u00f1os, que gobern\u00f3 entre 2002 y 2010, fue acusado de\u00a0presionar y pagar a paramilitares encarcelados para que cambiaran testimonios que lo enlodaban. Los grupos paramilitares surgieron en Colombia en la d\u00e9cada de\u00a01980\u00a0para combatir a las guerrillas marxistas. \u00abEl primer soborno en actuaci\u00f3n penal en cuanto a la materialidad de la conducta punible ha quedado acreditado\u00ab, dijo la jueza Sandra Heredia tras evaluar los contactos del abogado Diego Cadena, que represent\u00f3 a Uribe, con el exparamilitar\u00a0Juan Guillermo Monsalve, preso en una c\u00e1rcel de Bogot\u00e1, para que \u00e9ste no declarara sobre los supuestos v\u00ednculos del expresidente con esos grupos armados ilegales. \u00bfC\u00d3MO EMPEZ\u00d3 EL JUICIO? El juicio contra Uribe inici\u00f3 en mayo de 2024. El l\u00edder de la derecha se defendi\u00f3 de\u00a0acusaciones de presionar y pagar a paramilitares encarcelados. En el in\u00e9dito y muy politizado proceso contra el pol\u00edtico de 73 a\u00f1os, desfilaron m\u00e1s de 90 testigos. Entre ellos estaba Juan Guillermo Monsalve, un exparamilitar que asegura que el expresidente y su hermano\u00a0Santiago Uribe\u00a0participaron en los a\u00f1os 90 en la fundaci\u00f3n de un bloque de los\u00a0escuadrones de ultraderecha que operaron, a veces con ayuda del Ej\u00e9rcito, contra las guerrillas. Todo empez\u00f3 en 2012. Uribe demand\u00f3 al senador izquierdista Iv\u00e1n Cepeda ante la corte suprema por un supuesto complot con testigos falsos para vincularlo con paramilitares. Pero en 2018,\u00a0un bumer\u00e1n judicial convirti\u00f3 al exmandatario en el investigado por presuntamente forzar a paramilitares para atestiguar a su favor y desmarcarlo de la organizaci\u00f3n. El exmandatario defiende su inocencia y asegura que es v\u00edctima de una\u00a0\u00abvenganza\u00bb de la izquierda, de la extinta guerrilla FARC y el expresidente Juan Manuel Santos, su antiguo aliado convertido en enemigo. Es una \u00abpersecuci\u00f3n pol\u00edtica\u00bb, dijo el viernes en un video que comparti\u00f3 en la red X. Fuente: Vistazo<\/p>\n","protected":false},"author":1,"featured_media":25158,"comment_status":"closed","ping_status":"closed","sticky":false,"template":"","format":"standard","meta":{"footnotes":""},"categories":[5],"tags":[],"class_list":["post-25157","post","type-post","status-publish","format-standard","has-post-thumbnail","hentry","category-internacionales"],"_links":{"self":[{"href":"https:\/\/www.elamazonico.com\/portal\/wp-json\/wp\/v2\/posts\/25157","targetHints":{"allow":["GET"]}}],"collection":[{"href":"https:\/\/www.elamazonico.com\/portal\/wp-json\/wp\/v2\/posts"}],"about":[{"href":"https:\/\/www.elamazonico.com\/portal\/wp-json\/wp\/v2\/types\/post"}],"author":[{"embeddable":true,"href":"https:\/\/www.elamazonico.com\/portal\/wp-json\/wp\/v2\/users\/1"}],"replies":[{"embeddable":true,"href":"https:\/\/www.elamazonico.com\/portal\/wp-json\/wp\/v2\/comments?post=25157"}],"version-history":[{"count":1,"href":"https:\/\/www.elamazonico.com\/portal\/wp-json\/wp\/v2\/posts\/25157\/revisions"}],"predecessor-version":[{"id":25159,"href":"https:\/\/www.elamazonico.com\/portal\/wp-json\/wp\/v2\/posts\/25157\/revisions\/25159"}],"wp:featuredmedia":[{"embeddable":true,"href":"https:\/\/www.elamazonico.com\/portal\/wp-json\/wp\/v2\/media\/25158"}],"wp:attachment":[{"href":"https:\/\/www.elamazonico.com\/portal\/wp-json\/wp\/v2\/media?parent=25157"}],"wp:term":[{"taxonomy":"category","embeddable":true,"href":"https:\/\/www.elamazonico.com\/portal\/wp-json\/wp\/v2\/categories?post=25157"},{"taxonomy":"post_tag","embeddable":true,"href":"https:\/\/www.elamazonico.com\/portal\/wp-json\/wp\/v2\/tags?post=25157"}],"curies":[{"name":"wp","href":"https:\/\/api.w.org\/{rel}","templated":true}]}}