{"id":2495,"date":"2022-01-27T18:12:41","date_gmt":"2022-01-27T23:12:41","guid":{"rendered":"https:\/\/www.elamazonico.com\/portal\/?p=2495"},"modified":"2022-01-27T18:12:49","modified_gmt":"2022-01-27T23:12:49","slug":"ecuador-y-brasil-empatan-1-1-en-quito","status":"publish","type":"post","link":"https:\/\/www.elamazonico.com\/portal\/ecuador-y-brasil-empatan-1-1-en-quito\/","title":{"rendered":"Ecuador y Brasil empatan 1 &#8211; 1 en Quito"},"content":{"rendered":"\n<p>Redacci\u00f3n Bendito F\u00fatbol<\/p>\n\n\n\n<p id=\"m294-293-295\">La hora lleg\u00f3, la<strong>&nbsp;selecci\u00f3n ecuatoriana&nbsp;<\/strong>buscar\u00e1 su cupo mundialista en el partido que est\u00e1 por iniciar este 27 de enero de 2022. La Tri recibe a Brasil en el&nbsp;<strong>estadio Rodrigo Paz,<\/strong>&nbsp;por la fecha 15 de las eliminatorias sudamericanas para el Mundial de Catar.<\/p>\n\n\n\n<p id=\"m300-1-301\"><br>Ecuador sali\u00f3 decidido a imponer sus condiciones desde el pitazo inicial.\u00a0<strong>Una falta de Emerson<\/strong>, quien fue amonestado con tarjeta amarilla, sobre\u00a0<strong>Mois\u00e9s Caicedo<\/strong>\u00a0gener\u00f3 el primer tiro libre del partido.<br><br>El cobro de Pervis Estupi\u00f1\u00e1n lleg\u00f3\u00a0<strong>a la cabeza de Alan Franco<\/strong>\u00a0que no pudo conectar con precisi\u00f3n el bal\u00f3n que sali\u00f3 cerca del palo izquierdo de\u00a0Alisson, el portero que pertenece al Liverpool ingl\u00e9s.<br><br>La respuesta de Brasil fue letal. A los cinco minutos un error de Angelo Preciado termin\u00f3 en el tiro de esquina. El centro de Coutinho<strong>\u00a0no pudo ser repasado por Alexander Dom\u00ednguez\u00a0<\/strong>que sali\u00f3 en falso en el \u00e1rea chica.<br><br>La pelota le qued\u00f3 a Raphinha cuyo remate fue rechazado desde la l\u00ednea de meta por Piero Hincapi\u00e9. La pelota le lleg\u00f3 a<strong>\u00a0Casemiro que no perdon\u00f3<\/strong>\u00a0y puso el 0 &#8211; 1 en el marcador. <\/p>\n\n\n\n<p><img decoding=\"async\" alt=\"Foto: Patricio Ter\u00e1n \/ EL COMERCIO.\" src=\"https:\/\/www.benditofutbol.com\/files\/content_thumbnail\/uploads\/2022\/01\/27\/61f30e3d2f682.jpeg\"><a href=\"https:\/\/www.benditofutbol.com\/files\/content_thumbnail_large\/uploads\/2022\/01\/27\/61f30e3d2f682.jpeg\">Ampliar<\/a><\/p>\n\n\n\n<p id=\"m317-1-318\">Foto: Patricio Ter\u00e1n \/ EL COMERCIO.<\/p>\n\n\n\n<p id=\"m326-3-327\"><br>Los primeros 15 minutos del juego encontr\u00f3 a un Ecuador impreciso, dubitativo y nervioso. A los 12 minutos un error entre&nbsp;<strong>Hincapi\u00e9&nbsp;<\/strong>y&nbsp;<strong>F\u00e9lix Torres<\/strong>, los zagueros centrales, provoc\u00f3 una fuerte falta de Dom\u00ednguez sobre&nbsp;Matheus Cunha al borde del \u00e1rea grande.<br><br>El \u00e1rbitro colombiano Wilmar Rold\u00e1n, previa revisi\u00f3n en el VAR,&nbsp;<strong>expuls\u00f3 al arquero ecuatoriano<\/strong>. Hern\u00e1n Gal\u00edndez ingres\u00f3 en lugar de Franco a los 18 minutos.<br>\u200b<img decoding=\"async\" alt=\"Foto: Patricio Ter\u00e1n \/ EL COMERCIO.\" src=\"https:\/\/www.benditofutbol.com\/files\/content_thumbnail\/uploads\/2022\/01\/27\/61f30e0445438.jpeg\"><a href=\"https:\/\/www.benditofutbol.com\/files\/content_thumbnail_large\/uploads\/2022\/01\/27\/61f30e0445438.jpeg\">Ampliar<\/a><\/p>\n\n\n\n<p id=\"m343-1-344\">Foto: Patricio Ter\u00e1n \/ EL COMERCIO.<\/p>\n\n\n\n<p id=\"m352-5-353\"><br>Los primeros 20 minutos fueron fren\u00e9ticos y&nbsp;<strong>se cerraron con una expulsi\u00f3n en contra de Brasil<\/strong>. Emerson, amonestado a los dos minutos, cometi\u00f3 una nueva falta sobre Michael Estrada. Rold\u00e1n le sac\u00f3 la segunda tarjeta amarilla y expuls\u00f3 al brasile\u00f1o.<br><br>La tercera expulsi\u00f3n se registr\u00f3 a los 25 minutos.<strong>&nbsp;Alisson levant\u00f3 exageradamente su pierna derecha q<\/strong>ue impact\u00f3 sobre el cuello de Enner Valencia. El juez colombiano no dud\u00f3 y expuls\u00f3 al guardameta de la auriverde.&nbsp;<br><br>Seis minutos despu\u00e9s el juez se retract\u00f3. Revis\u00f3 el VAR y dictamin\u00f3 amarilla para Alisson y tiro libre para Ecuador.&nbsp;<strong>El lanzamiento de Estupi\u00f1\u00e1n se fue lejos de la porter\u00eda<\/strong>.<br>\u200b<img decoding=\"async\" alt=\"Foto: Patricio Ter\u00e1n \/ EL COMERCIO.\" src=\"https:\/\/www.benditofutbol.com\/files\/content_thumbnail\/uploads\/2022\/01\/27\/61f31201b3c0f.jpeg\"><a href=\"https:\/\/www.benditofutbol.com\/files\/content_thumbnail_large\/uploads\/2022\/01\/27\/61f31201b3c0f.jpeg\">Ampliar<\/a><\/p>\n\n\n\n<p id=\"m369-1-370\">Foto: Patricio Ter\u00e1n \/ EL COMERCIO.<\/p>\n\n\n\n<p id=\"m378-7-379\"><br>Ecuador se lanz\u00f3 con todo al ataque en el \u00faltimo cuarto de hora del primer tiempo. Un golpe de cabeza de&nbsp;<strong>Valencia&nbsp;<\/strong>y un tiro desde fuera del \u00e1rea de&nbsp;<strong>Estrada&nbsp;<\/strong>no tuvieron direcci\u00f3n de arco y no generaron peligro sobre el p\u00f3rtico de Alisson.<br><br>Brasil tuvo un peligroso ataque a los 51 minutos del primer tiempo. Un bal\u00f3n largo de Dani Alves encontr\u00f3 libre a Vinicius que conect\u00f3 con&nbsp;<strong>Cunha cuyo remate sali\u00f3 cerca del poste derecho<\/strong>&nbsp;del arco de Gal\u00edndez.<br><br>Ecuador nuevamente tom\u00f3 la iniciativa en el arranque del segundo tiempo. Un centro de Angelo Preciado fue interceptado por Estupi\u00f1\u00e1n generando la confusi\u00f3n entre Alisson y Militao.&nbsp;<strong>El rebote lo tom\u00f3 Estrada. Su remate termin\u00f3 en gol&nbsp;<\/strong>pero fue anulado porque previamente la pelota hab\u00eda abandonado el terreno de juego.<br>\u200b<img decoding=\"async\" alt=\"Foto: Patricio Ter\u00e1n \/ EL COMERCIO.\" src=\"https:\/\/www.benditofutbol.com\/files\/content_thumbnail\/uploads\/2022\/01\/27\/61f31d69a1b33.jpeg\"><a href=\"https:\/\/www.benditofutbol.com\/files\/content_thumbnail_large\/uploads\/2022\/01\/27\/61f31d69a1b33.jpeg\">Ampliar<\/a><\/p>\n\n\n\n<p id=\"m395-1-396\">Foto: Patricio Ter\u00e1n \/ EL COMERCIO.<\/p>\n\n\n\n<p id=\"m404-9-405\"><br><strong>Gonzalo Plata&nbsp;<\/strong>tom\u00f3 la responsabilidad de generar las acciones ofensivas de la Tri. Un jugada en la que dej\u00f3 en el camino a tres jugadores brasile\u00f1os no fue finalizada con efectividad por Estrada que se enred\u00f3 con el bal\u00f3n y no pudo rematar al arco.<\/p>\n\n\n\n<p id=\"m410-10-411\"><br><strong>A los 55 minutos Rold\u00e1n dictamin\u00f3 penal en favor de Ecuador<\/strong>&nbsp;luego que&nbsp;Estupi\u00f1\u00e1n recibi\u00f3 un infracci\u00f3n de&nbsp;Raphinha en el v\u00e9rtice del \u00e1rea grande. Como fue habitual en el transcurso del juego, el juez colombiano se retract\u00f3 y anul\u00f3 su decisi\u00f3n inicial luego de revisar la jugada en el VAR.<br><br>A los 66 minutos ambas escuadras tuvieron opciones claras de gol. Ecuador la tuvo con&nbsp;<strong>Mois\u00e9s Caicedo&nbsp;<\/strong>que no lleg\u00f3 con fuerzas al \u00e1rea para rematar al arco.<br><br>La respuesta de Brasil tuvo a&nbsp;<strong>Gabriel Jesus<\/strong>&nbsp;como protagonista obligando a Gal\u00edndez a salir de los tres palos para rechazar el bal\u00f3n que iba en direcci\u00f3n al marco.<br><br>La auriverde esperaba en su campo y sal\u00eda al ataque con lanzamientos largos. A los 72 minutos potentes remates de&nbsp;<strong>Alex Sandro<\/strong>&nbsp;y&nbsp;<strong>Gabriel Jesus<\/strong>&nbsp;encontraron una firme respuesta del argentino-ecuatoriano Gal\u00edndez.<br><br>El empate ecuatoriano lleg\u00f3 a los 74 minutos. Un tiro de esquina de Plata&nbsp;<strong>encontr\u00f3 la cabeza de F\u00e9lix Torres que venci\u00f3 a Alisson<\/strong>&nbsp;que nada pudo hacer ante el potente remate.<\/p>\n\n\n\n<p id=\"m300-1-301\">D<\/p>\n","protected":false},"excerpt":{"rendered":"<p>Redacci\u00f3n Bendito F\u00fatbol La hora lleg\u00f3, la&nbsp;selecci\u00f3n ecuatoriana&nbsp;buscar\u00e1 su cupo mundialista en el partido que est\u00e1 por iniciar este 27 de enero de 2022. La Tri recibe a Brasil en el&nbsp;estadio Rodrigo Paz,&nbsp;por la fecha 15 de las eliminatorias sudamericanas para el Mundial de Catar. Ecuador sali\u00f3 decidido a imponer sus condiciones desde el pitazo inicial.\u00a0Una falta de Emerson, quien fue amonestado con tarjeta amarilla, sobre\u00a0Mois\u00e9s Caicedo\u00a0gener\u00f3 el primer tiro libre del partido. El cobro de Pervis Estupi\u00f1\u00e1n lleg\u00f3\u00a0a la cabeza de Alan Franco\u00a0que no pudo conectar con precisi\u00f3n el bal\u00f3n que sali\u00f3 cerca del palo izquierdo de\u00a0Alisson, el portero que pertenece al Liverpool ingl\u00e9s. La respuesta de Brasil fue letal. A los cinco minutos un error de Angelo Preciado termin\u00f3 en el tiro de esquina. El centro de Coutinho\u00a0no pudo ser repasado por Alexander Dom\u00ednguez\u00a0que sali\u00f3 en falso en el \u00e1rea chica. La pelota le qued\u00f3 a Raphinha cuyo remate fue rechazado desde la l\u00ednea de meta por Piero Hincapi\u00e9. La pelota le lleg\u00f3 a\u00a0Casemiro que no perdon\u00f3\u00a0y puso el 0 &#8211; 1 en el marcador. Ampliar Foto: Patricio Ter\u00e1n \/ EL COMERCIO. Los primeros 15 minutos del juego encontr\u00f3 a un Ecuador impreciso, dubitativo y nervioso. A los 12 minutos un error entre&nbsp;Hincapi\u00e9&nbsp;y&nbsp;F\u00e9lix Torres, los zagueros centrales, provoc\u00f3 una fuerte falta de Dom\u00ednguez sobre&nbsp;Matheus Cunha al borde del \u00e1rea grande. El \u00e1rbitro colombiano Wilmar Rold\u00e1n, previa revisi\u00f3n en el VAR,&nbsp;expuls\u00f3 al arquero ecuatoriano. Hern\u00e1n Gal\u00edndez ingres\u00f3 en lugar de Franco a los 18 minutos.\u200bAmpliar Foto: Patricio Ter\u00e1n \/ EL COMERCIO. Los primeros 20 minutos fueron fren\u00e9ticos y&nbsp;se cerraron con una expulsi\u00f3n en contra de Brasil. Emerson, amonestado a los dos minutos, cometi\u00f3 una nueva falta sobre Michael Estrada. Rold\u00e1n le sac\u00f3 la segunda tarjeta amarilla y expuls\u00f3 al brasile\u00f1o. La tercera expulsi\u00f3n se registr\u00f3 a los 25 minutos.&nbsp;Alisson levant\u00f3 exageradamente su pierna derecha que impact\u00f3 sobre el cuello de Enner Valencia. El juez colombiano no dud\u00f3 y expuls\u00f3 al guardameta de la auriverde.&nbsp; Seis minutos despu\u00e9s el juez se retract\u00f3. Revis\u00f3 el VAR y dictamin\u00f3 amarilla para Alisson y tiro libre para Ecuador.&nbsp;El lanzamiento de Estupi\u00f1\u00e1n se fue lejos de la porter\u00eda.\u200bAmpliar Foto: Patricio Ter\u00e1n \/ EL COMERCIO. Ecuador se lanz\u00f3 con todo al ataque en el \u00faltimo cuarto de hora del primer tiempo. Un golpe de cabeza de&nbsp;Valencia&nbsp;y un tiro desde fuera del \u00e1rea de&nbsp;Estrada&nbsp;no tuvieron direcci\u00f3n de arco y no generaron peligro sobre el p\u00f3rtico de Alisson. Brasil tuvo un peligroso ataque a los 51 minutos del primer tiempo. Un bal\u00f3n largo de Dani Alves encontr\u00f3 libre a Vinicius que conect\u00f3 con&nbsp;Cunha cuyo remate sali\u00f3 cerca del poste derecho&nbsp;del arco de Gal\u00edndez. Ecuador nuevamente tom\u00f3 la iniciativa en el arranque del segundo tiempo. Un centro de Angelo Preciado fue interceptado por Estupi\u00f1\u00e1n generando la confusi\u00f3n entre Alisson y Militao.&nbsp;El rebote lo tom\u00f3 Estrada. Su remate termin\u00f3 en gol&nbsp;pero fue anulado porque previamente la pelota hab\u00eda abandonado el terreno de juego.\u200bAmpliar Foto: Patricio Ter\u00e1n \/ EL COMERCIO. Gonzalo Plata&nbsp;tom\u00f3 la responsabilidad de generar las acciones ofensivas de la Tri. Un jugada en la que dej\u00f3 en el camino a tres jugadores brasile\u00f1os no fue finalizada con efectividad por Estrada que se enred\u00f3 con el bal\u00f3n y no pudo rematar al arco. A los 55 minutos Rold\u00e1n dictamin\u00f3 penal en favor de Ecuador&nbsp;luego que&nbsp;Estupi\u00f1\u00e1n recibi\u00f3 un infracci\u00f3n de&nbsp;Raphinha en el v\u00e9rtice del \u00e1rea grande. Como fue habitual en el transcurso del juego, el juez colombiano se retract\u00f3 y anul\u00f3 su decisi\u00f3n inicial luego de revisar la jugada en el VAR. A los 66 minutos ambas escuadras tuvieron opciones claras de gol. Ecuador la tuvo con&nbsp;Mois\u00e9s Caicedo&nbsp;que no lleg\u00f3 con fuerzas al \u00e1rea para rematar al arco. La respuesta de Brasil tuvo a&nbsp;Gabriel Jesus&nbsp;como protagonista obligando a Gal\u00edndez a salir de los tres palos para rechazar el bal\u00f3n que iba en direcci\u00f3n al marco. La auriverde esperaba en su campo y sal\u00eda al ataque con lanzamientos largos. A los 72 minutos potentes remates de&nbsp;Alex Sandro&nbsp;y&nbsp;Gabriel Jesus&nbsp;encontraron una firme respuesta del argentino-ecuatoriano Gal\u00edndez. El empate ecuatoriano lleg\u00f3 a los 74 minutos. Un tiro de esquina de Plata&nbsp;encontr\u00f3 la cabeza de F\u00e9lix Torres que venci\u00f3 a Alisson&nbsp;que nada pudo hacer ante el potente remate. D<\/p>\n","protected":false},"author":1,"featured_media":2496,"comment_status":"open","ping_status":"open","sticky":false,"template":"","format":"standard","meta":{"footnotes":""},"categories":[6],"tags":[],"class_list":["post-2495","post","type-post","status-publish","format-standard","has-post-thumbnail","hentry","category-deportes"],"_links":{"self":[{"href":"https:\/\/www.elamazonico.com\/portal\/wp-json\/wp\/v2\/posts\/2495","targetHints":{"allow":["GET"]}}],"collection":[{"href":"https:\/\/www.elamazonico.com\/portal\/wp-json\/wp\/v2\/posts"}],"about":[{"href":"https:\/\/www.elamazonico.com\/portal\/wp-json\/wp\/v2\/types\/post"}],"author":[{"embeddable":true,"href":"https:\/\/www.elamazonico.com\/portal\/wp-json\/wp\/v2\/users\/1"}],"replies":[{"embeddable":true,"href":"https:\/\/www.elamazonico.com\/portal\/wp-json\/wp\/v2\/comments?post=2495"}],"version-history":[{"count":1,"href":"https:\/\/www.elamazonico.com\/portal\/wp-json\/wp\/v2\/posts\/2495\/revisions"}],"predecessor-version":[{"id":2497,"href":"https:\/\/www.elamazonico.com\/portal\/wp-json\/wp\/v2\/posts\/2495\/revisions\/2497"}],"wp:featuredmedia":[{"embeddable":true,"href":"https:\/\/www.elamazonico.com\/portal\/wp-json\/wp\/v2\/media\/2496"}],"wp:attachment":[{"href":"https:\/\/www.elamazonico.com\/portal\/wp-json\/wp\/v2\/media?parent=2495"}],"wp:term":[{"taxonomy":"category","embeddable":true,"href":"https:\/\/www.elamazonico.com\/portal\/wp-json\/wp\/v2\/categories?post=2495"},{"taxonomy":"post_tag","embeddable":true,"href":"https:\/\/www.elamazonico.com\/portal\/wp-json\/wp\/v2\/tags?post=2495"}],"curies":[{"name":"wp","href":"https:\/\/api.w.org\/{rel}","templated":true}]}}