{"id":24939,"date":"2025-07-21T06:11:45","date_gmt":"2025-07-21T11:11:45","guid":{"rendered":"https:\/\/www.elamazonico.com\/portal\/?p=24939"},"modified":"2025-07-21T06:11:45","modified_gmt":"2025-07-21T11:11:45","slug":"marlon-vargas-lidera-un-nuevo-ciclo-en-la-conaie-tras-la-caida-de-leonidas-iza","status":"publish","type":"post","link":"https:\/\/www.elamazonico.com\/portal\/marlon-vargas-lidera-un-nuevo-ciclo-en-la-conaie-tras-la-caida-de-leonidas-iza\/","title":{"rendered":"Marlon Vargas lidera un nuevo ciclo en la CONAIE tras la ca\u00edda de Leonidas Iza"},"content":{"rendered":"<p data-start=\"298\" data-end=\"702\"><strong data-start=\"298\" data-end=\"317\">Quito, Ecuador.<\/strong> La Confederaci\u00f3n de Nacionalidades Ind\u00edgenas del Ecuador (CONAIE) ha marcado un punto de inflexi\u00f3n en su historia pol\u00edtica. En el marco del VIII Congreso Nacional, realizado en Conocoto, la organizaci\u00f3n ind\u00edgena m\u00e1s emblem\u00e1tica del pa\u00eds ha elegido a Marlon Vargas como su nuevo presidente, quien se impuso con 617 votos sobre los 540 obtenidos por el actual dirigente, Leonidas Iza.<\/p>\n<p data-start=\"704\" data-end=\"1030\">Este resultado no solo representa una alternancia en la direcci\u00f3n de la Confederaci\u00f3n; constituye, adem\u00e1s, una se\u00f1al inequ\u00edvoca de las transformaciones internas que experimenta el movimiento ind\u00edgena ecuatoriano, enfrentado a retos de cohesi\u00f3n, liderazgo y estrategia pol\u00edtica en un escenario nacional cada vez m\u00e1s complejo.<\/p>\n<p data-start=\"1032\" data-end=\"1411\">El retorno de un dirigente amaz\u00f3nico a la presidencia de la CONAIE fue celebrado por amplios sectores de la organizaci\u00f3n, quienes ven en Vargas una figura capaz de reconectar las bases con los principios fundacionales de la Confederaci\u00f3n: unidad en la diversidad, defensa de los territorios ancestrales y construcci\u00f3n de un Estado plurinacional con justicia social y ambiental.<\/p>\n<p data-start=\"1413\" data-end=\"1739\">Durante las deliberaciones, delegaciones de las tres regiones \u2014Costa, Sierra y Amazon\u00eda\u2014 coincidieron en la urgencia de redefinir el rumbo pol\u00edtico de la CONAIE, luego de a\u00f1os marcados por intensas movilizaciones sociales, confrontaciones con el poder central y disputas internas que pusieron a prueba su cohesi\u00f3n hist\u00f3rica.<\/p>\n<p data-start=\"1741\" data-end=\"2192\">Marlon Vargas asumir\u00e1 la presidencia hasta 2028, con el desaf\u00edo de reconstruir los puentes entre las distintas corrientes del movimiento ind\u00edgena y proyectar una agenda que combine la resistencia frente a las amenazas extractivistas con el di\u00e1logo pol\u00edtico estrat\u00e9gico. Su liderazgo simboliza un nuevo ciclo en la Confederaci\u00f3n, en el que las bases amaz\u00f3nicas vuelven a ocupar un rol protag\u00f3nico en la conducci\u00f3n del movimiento ind\u00edgena ecuatoriano.<\/p>\n<p data-start=\"2194\" data-end=\"2495\">La derrota de Leonidas Iza, una de las figuras m\u00e1s visibles de la protesta social en los \u00faltimos a\u00f1os, es interpretada por analistas como un giro hacia un liderazgo menos confrontacional, pero igualmente firme en la defensa de los derechos colectivos y la autodeterminaci\u00f3n de los pueblos ind\u00edgenas.<\/p>\n<p data-start=\"2497\" data-end=\"2811\">La CONAIE, nacida en 1986 como un proyecto de unidad y resistencia, entra as\u00ed en una etapa de renovaci\u00f3n que ser\u00e1 determinante para su incidencia en la pol\u00edtica nacional, en un momento en que el pa\u00eds debate la redistribuci\u00f3n del poder, la justicia clim\u00e1tica y el reconocimiento efectivo del Estado plurinacional.<\/p>\n","protected":false},"excerpt":{"rendered":"<p>Quito, Ecuador. La Confederaci\u00f3n de Nacionalidades Ind\u00edgenas del Ecuador (CONAIE) ha marcado un punto de inflexi\u00f3n en su historia pol\u00edtica. En el marco del VIII Congreso Nacional, realizado en Conocoto, la organizaci\u00f3n ind\u00edgena m\u00e1s emblem\u00e1tica del pa\u00eds ha elegido a Marlon Vargas como su nuevo presidente, quien se impuso con 617 votos sobre los 540 obtenidos por el actual dirigente, Leonidas Iza. Este resultado no solo representa una alternancia en la direcci\u00f3n de la Confederaci\u00f3n; constituye, adem\u00e1s, una se\u00f1al inequ\u00edvoca de las transformaciones internas que experimenta el movimiento ind\u00edgena ecuatoriano, enfrentado a retos de cohesi\u00f3n, liderazgo y estrategia pol\u00edtica en un escenario nacional cada vez m\u00e1s complejo. El retorno de un dirigente amaz\u00f3nico a la presidencia de la CONAIE fue celebrado por amplios sectores de la organizaci\u00f3n, quienes ven en Vargas una figura capaz de reconectar las bases con los principios fundacionales de la Confederaci\u00f3n: unidad en la diversidad, defensa de los territorios ancestrales y construcci\u00f3n de un Estado plurinacional con justicia social y ambiental. Durante las deliberaciones, delegaciones de las tres regiones \u2014Costa, Sierra y Amazon\u00eda\u2014 coincidieron en la urgencia de redefinir el rumbo pol\u00edtico de la CONAIE, luego de a\u00f1os marcados por intensas movilizaciones sociales, confrontaciones con el poder central y disputas internas que pusieron a prueba su cohesi\u00f3n hist\u00f3rica. Marlon Vargas asumir\u00e1 la presidencia hasta 2028, con el desaf\u00edo de reconstruir los puentes entre las distintas corrientes del movimiento ind\u00edgena y proyectar una agenda que combine la resistencia frente a las amenazas extractivistas con el di\u00e1logo pol\u00edtico estrat\u00e9gico. Su liderazgo simboliza un nuevo ciclo en la Confederaci\u00f3n, en el que las bases amaz\u00f3nicas vuelven a ocupar un rol protag\u00f3nico en la conducci\u00f3n del movimiento ind\u00edgena ecuatoriano. La derrota de Leonidas Iza, una de las figuras m\u00e1s visibles de la protesta social en los \u00faltimos a\u00f1os, es interpretada por analistas como un giro hacia un liderazgo menos confrontacional, pero igualmente firme en la defensa de los derechos colectivos y la autodeterminaci\u00f3n de los pueblos ind\u00edgenas. La CONAIE, nacida en 1986 como un proyecto de unidad y resistencia, entra as\u00ed en una etapa de renovaci\u00f3n que ser\u00e1 determinante para su incidencia en la pol\u00edtica nacional, en un momento en que el pa\u00eds debate la redistribuci\u00f3n del poder, la justicia clim\u00e1tica y el reconocimiento efectivo del Estado plurinacional.<\/p>\n","protected":false},"author":1,"featured_media":24940,"comment_status":"open","ping_status":"open","sticky":false,"template":"","format":"standard","meta":{"footnotes":""},"categories":[268],"tags":[],"class_list":["post-24939","post","type-post","status-publish","format-standard","has-post-thumbnail","hentry","category-nacionales"],"_links":{"self":[{"href":"https:\/\/www.elamazonico.com\/portal\/wp-json\/wp\/v2\/posts\/24939","targetHints":{"allow":["GET"]}}],"collection":[{"href":"https:\/\/www.elamazonico.com\/portal\/wp-json\/wp\/v2\/posts"}],"about":[{"href":"https:\/\/www.elamazonico.com\/portal\/wp-json\/wp\/v2\/types\/post"}],"author":[{"embeddable":true,"href":"https:\/\/www.elamazonico.com\/portal\/wp-json\/wp\/v2\/users\/1"}],"replies":[{"embeddable":true,"href":"https:\/\/www.elamazonico.com\/portal\/wp-json\/wp\/v2\/comments?post=24939"}],"version-history":[{"count":1,"href":"https:\/\/www.elamazonico.com\/portal\/wp-json\/wp\/v2\/posts\/24939\/revisions"}],"predecessor-version":[{"id":24941,"href":"https:\/\/www.elamazonico.com\/portal\/wp-json\/wp\/v2\/posts\/24939\/revisions\/24941"}],"wp:featuredmedia":[{"embeddable":true,"href":"https:\/\/www.elamazonico.com\/portal\/wp-json\/wp\/v2\/media\/24940"}],"wp:attachment":[{"href":"https:\/\/www.elamazonico.com\/portal\/wp-json\/wp\/v2\/media?parent=24939"}],"wp:term":[{"taxonomy":"category","embeddable":true,"href":"https:\/\/www.elamazonico.com\/portal\/wp-json\/wp\/v2\/categories?post=24939"},{"taxonomy":"post_tag","embeddable":true,"href":"https:\/\/www.elamazonico.com\/portal\/wp-json\/wp\/v2\/tags?post=24939"}],"curies":[{"name":"wp","href":"https:\/\/api.w.org\/{rel}","templated":true}]}}