{"id":24894,"date":"2025-07-16T12:01:36","date_gmt":"2025-07-16T17:01:36","guid":{"rendered":"https:\/\/www.elamazonico.com\/portal\/?p=24894"},"modified":"2025-07-16T12:01:36","modified_gmt":"2025-07-16T17:01:36","slug":"puerto-lopez-encuentran-cinco-cuerpos-en-area-rural-se-presume-que-son-los-jovenes-reportados-como-desaparecidos","status":"publish","type":"post","link":"https:\/\/www.elamazonico.com\/portal\/puerto-lopez-encuentran-cinco-cuerpos-en-area-rural-se-presume-que-son-los-jovenes-reportados-como-desaparecidos\/","title":{"rendered":"Puerto L\u00f3pez: encuentran cinco cuerpos en \u00e1rea rural; se presume que son los j\u00f3venes reportados como desaparecidos"},"content":{"rendered":"<div class=\"paragraph texto\">\n<p class=\"p_0\">La Polic\u00eda Nacional encontr\u00f3\u00a0<u><b>cinco cuerpos en avanzado estado de descomposici\u00f3n<\/b><\/u>\u00a0en el sector El Triunfo, una zona rural del cant\u00f3n\u00a0<a href=\"https:\/\/www.vistazo.com\/actualidad\/nacional\/2025-07-10-extrana-desaparicion-cinco-jovenes-manta-ultima-pista-dejaron-HY9724922\">Puerto L\u00f3pez<\/a>, provincia de Manab\u00ed. Seg\u00fan informaci\u00f3n preliminar, los cad\u00e1veres<u><b>\u00a0pertenecer\u00edan a j\u00f3venes oriundos de Manta, que desaparecieron hace 10 d\u00edas.<\/b><\/u><\/p>\n<p class=\"p_1\">Medios locales reportan que moradores de la comuna El Pital percibieron un fuerte olor y la presencia de gallinazos. Al hurgar en el sitio, encontraron los cuerpos sin vida:\u00a0<u><b>estaban maniatados y algunos mutilados en una fosa.<\/b><\/u><\/p>\n<p class=\"p_3\">Agentes policiales avanzaron al lugar la noche del pasado martes y procedieron con el levantamiento de los cad\u00e1veres e indicios.<\/p>\n<div class=\"Center2Display\">\n<div id=\"Center2\" data-google-query-id=\"CNi_9-PswY4DFfecgwgd56QBdQ\">\n<div id=\"google_ads_iframe_\/21839199781\/Vistazo\/Vistazo_Center2_0__container__\"><\/div>\n<\/div>\n<\/div>\n<p class=\"p_4\">Por el momento, no hay un pronunciamiento oficial de las autoridades, pero ya se habr\u00eda confirmado que las v\u00edctimas eran los cinco j\u00f3venes del\u00a0<u><b>barrio La Pradera de Manta<\/b><\/u>, que desaparecieron el 6 de julio tras salir a la playa.<\/p>\n<p class=\"p_5\">Los cuerpos arribaron al\u00a0<u><b>Instituto de Ciencias Forenses de Manta<\/b><\/u>\u00a0la ma\u00f1ana de este mi\u00e9rcoles 16 de julio. Familiares arribaron al sitio para ejecutar los protocolos correspondientes.<\/p>\n<p class=\"p_6\">Adem\u00e1s, de manera preliminar se sabe que\u00a0<b>habr\u00eda una mujer m\u00e1s entre los fallecidos<\/b>, lo que elevar\u00eda a seis el n\u00famero de v\u00edctimas.<\/p>\n<p class=\"p_7\">La Polic\u00eda investiga si los j\u00f3venes fueron asesinados en esa comunidad rural o simplemente los dejaron tirados all\u00ed.<\/p>\n<\/div>\n<div class=\"multimediaMacroWrapper img lateral\">\n<figure class=\"contentMedia art-img\">\n<div><img fetchpriority=\"high\" decoding=\"async\" class=\" lazyloaded\" title=\"Ellos ser\u00edan los cinco j\u00f3venes asesinados.\" src=\"https:\/\/www.vistazo.com\/placeholder\/svg\/viewbox\/768x418\" sizes=\"100vw\" srcset=\"\/\/www.vistazo.com\/binrepository\/768x418\/0c0\/0d0\/none\/12727\/XFNF\/captura-de-pantalla-2025-07-16-a-la-s_2307949_20250716082442.png 768w,\/\/www.vistazo.com\/binrepository\/640x348\/0c0\/0d0\/none\/12727\/XFNM\/captura-de-pantalla-2025-07-16-a-la-s_2307949_20250716082442.png 640w,\/\/www.vistazo.com\/binrepository\/512x279\/0c0\/0d0\/none\/12727\/XFNL\/captura-de-pantalla-2025-07-16-a-la-s_2307949_20250716082442.png 512w,\/\/www.vistazo.com\/binrepository\/384x209\/0c0\/0d0\/none\/12727\/XFNF\/captura-de-pantalla-2025-07-16-a-la-s_2307949_20250716082442.png 384w,\/\/www.vistazo.com\/binrepository\/300x163\/0c0\/0d0\/none\/12727\/XFNG\/captura-de-pantalla-2025-07-16-a-la-s_2307949_20250716082442.png 300w\" alt=\"$!Ellos ser\u00edan los cinco j\u00f3venes asesinados.\" width=\"768\" height=\"418\" data-srcset=\"\/\/www.vistazo.com\/binrepository\/768x418\/0c0\/0d0\/none\/12727\/XFNF\/captura-de-pantalla-2025-07-16-a-la-s_2307949_20250716082442.png 768w,\/\/www.vistazo.com\/binrepository\/640x348\/0c0\/0d0\/none\/12727\/XFNM\/captura-de-pantalla-2025-07-16-a-la-s_2307949_20250716082442.png 640w,\/\/www.vistazo.com\/binrepository\/512x279\/0c0\/0d0\/none\/12727\/XFNL\/captura-de-pantalla-2025-07-16-a-la-s_2307949_20250716082442.png 512w,\/\/www.vistazo.com\/binrepository\/384x209\/0c0\/0d0\/none\/12727\/XFNF\/captura-de-pantalla-2025-07-16-a-la-s_2307949_20250716082442.png 384w,\/\/www.vistazo.com\/binrepository\/300x163\/0c0\/0d0\/none\/12727\/XFNG\/captura-de-pantalla-2025-07-16-a-la-s_2307949_20250716082442.png 300w\" \/><\/div>\n<div class=\"cutline-byline\"><span class=\"cutline-text\">Ellos ser\u00edan los cinco j\u00f3venes asesinados.\u00a0<\/span><span class=\"byline-image\">(Foto: Oromar )<\/span><\/div>\n<\/figure>\n<\/div>\n<h2 class=\"h2vistazo\">AS\u00cd FUE LA DESAPARICI\u00d3N<\/h2>\n<div class=\"paragraph texto\">\n<p class=\"p_9\">Los cinco j\u00f3venes,\u00a0<u><b>entre 19 y 26 a\u00f1os<\/b><\/u>, habr\u00edan asegurado que iban a viajar a una playa en un auto suzuki gris, pero al poco tiempo, los familiares perdieron contacto con ellos.<\/p>\n<p class=\"p_10\">Lo \u00faltimo que se supo es que, el d\u00eda de la desaparici\u00f3n,\u00a0<u><b>una de las v\u00edctimas subi\u00f3 un estado de WhatsApp indicando que estaban en Puerto L\u00f3pez.<\/b><\/u><\/p>\n<p class=\"p_11\">Al ver que no llegaban, los familiares acudieron a esa localidad y hallaron prendas de vestir de uno de los muchachos.\u00a0<u><b>\u201cEllos no han tenido ninguna amenaza\u201d<\/b><\/u>, recalc\u00f3 una pariente de los desaparecidos. <strong>Fuente: Ecuavisa<\/strong><\/p>\n<\/div>\n","protected":false},"excerpt":{"rendered":"<p>La Polic\u00eda Nacional encontr\u00f3\u00a0cinco cuerpos en avanzado estado de descomposici\u00f3n\u00a0en el sector El Triunfo, una zona rural del cant\u00f3n\u00a0Puerto L\u00f3pez, provincia de Manab\u00ed. Seg\u00fan informaci\u00f3n preliminar, los cad\u00e1veres\u00a0pertenecer\u00edan a j\u00f3venes oriundos de Manta, que desaparecieron hace 10 d\u00edas. Medios locales reportan que moradores de la comuna El Pital percibieron un fuerte olor y la presencia de gallinazos. Al hurgar en el sitio, encontraron los cuerpos sin vida:\u00a0estaban maniatados y algunos mutilados en una fosa. Agentes policiales avanzaron al lugar la noche del pasado martes y procedieron con el levantamiento de los cad\u00e1veres e indicios. Por el momento, no hay un pronunciamiento oficial de las autoridades, pero ya se habr\u00eda confirmado que las v\u00edctimas eran los cinco j\u00f3venes del\u00a0barrio La Pradera de Manta, que desaparecieron el 6 de julio tras salir a la playa. Los cuerpos arribaron al\u00a0Instituto de Ciencias Forenses de Manta\u00a0la ma\u00f1ana de este mi\u00e9rcoles 16 de julio. Familiares arribaron al sitio para ejecutar los protocolos correspondientes. Adem\u00e1s, de manera preliminar se sabe que\u00a0habr\u00eda una mujer m\u00e1s entre los fallecidos, lo que elevar\u00eda a seis el n\u00famero de v\u00edctimas. La Polic\u00eda investiga si los j\u00f3venes fueron asesinados en esa comunidad rural o simplemente los dejaron tirados all\u00ed. Ellos ser\u00edan los cinco j\u00f3venes asesinados.\u00a0(Foto: Oromar ) AS\u00cd FUE LA DESAPARICI\u00d3N Los cinco j\u00f3venes,\u00a0entre 19 y 26 a\u00f1os, habr\u00edan asegurado que iban a viajar a una playa en un auto suzuki gris, pero al poco tiempo, los familiares perdieron contacto con ellos. Lo \u00faltimo que se supo es que, el d\u00eda de la desaparici\u00f3n,\u00a0una de las v\u00edctimas subi\u00f3 un estado de WhatsApp indicando que estaban en Puerto L\u00f3pez. Al ver que no llegaban, los familiares acudieron a esa localidad y hallaron prendas de vestir de uno de los muchachos.\u00a0\u201cEllos no han tenido ninguna amenaza\u201d, recalc\u00f3 una pariente de los desaparecidos. Fuente: Ecuavisa<\/p>\n","protected":false},"author":1,"featured_media":24895,"comment_status":"open","ping_status":"open","sticky":false,"template":"","format":"standard","meta":{"footnotes":""},"categories":[268],"tags":[],"class_list":["post-24894","post","type-post","status-publish","format-standard","has-post-thumbnail","hentry","category-nacionales"],"_links":{"self":[{"href":"https:\/\/www.elamazonico.com\/portal\/wp-json\/wp\/v2\/posts\/24894","targetHints":{"allow":["GET"]}}],"collection":[{"href":"https:\/\/www.elamazonico.com\/portal\/wp-json\/wp\/v2\/posts"}],"about":[{"href":"https:\/\/www.elamazonico.com\/portal\/wp-json\/wp\/v2\/types\/post"}],"author":[{"embeddable":true,"href":"https:\/\/www.elamazonico.com\/portal\/wp-json\/wp\/v2\/users\/1"}],"replies":[{"embeddable":true,"href":"https:\/\/www.elamazonico.com\/portal\/wp-json\/wp\/v2\/comments?post=24894"}],"version-history":[{"count":1,"href":"https:\/\/www.elamazonico.com\/portal\/wp-json\/wp\/v2\/posts\/24894\/revisions"}],"predecessor-version":[{"id":24896,"href":"https:\/\/www.elamazonico.com\/portal\/wp-json\/wp\/v2\/posts\/24894\/revisions\/24896"}],"wp:featuredmedia":[{"embeddable":true,"href":"https:\/\/www.elamazonico.com\/portal\/wp-json\/wp\/v2\/media\/24895"}],"wp:attachment":[{"href":"https:\/\/www.elamazonico.com\/portal\/wp-json\/wp\/v2\/media?parent=24894"}],"wp:term":[{"taxonomy":"category","embeddable":true,"href":"https:\/\/www.elamazonico.com\/portal\/wp-json\/wp\/v2\/categories?post=24894"},{"taxonomy":"post_tag","embeddable":true,"href":"https:\/\/www.elamazonico.com\/portal\/wp-json\/wp\/v2\/tags?post=24894"}],"curies":[{"name":"wp","href":"https:\/\/api.w.org\/{rel}","templated":true}]}}