{"id":24890,"date":"2025-07-16T11:37:46","date_gmt":"2025-07-16T16:37:46","guid":{"rendered":"https:\/\/www.elamazonico.com\/portal\/?p=24890"},"modified":"2025-07-16T11:38:10","modified_gmt":"2025-07-16T16:38:10","slug":"no-hay-que-tener-miedo-ministra-del-trabajo-detalla-el-proceso-de-evaluacion-para-servidores-publicos","status":"publish","type":"post","link":"https:\/\/www.elamazonico.com\/portal\/no-hay-que-tener-miedo-ministra-del-trabajo-detalla-el-proceso-de-evaluacion-para-servidores-publicos\/","title":{"rendered":"\u201c\u2018No hay que tener miedo\u2019: Ministra del Trabajo detalla el proceso de evaluaci\u00f3n para servidores p\u00fablicos\u201d"},"content":{"rendered":"<div class=\"paragraph texto\">\n<p class=\"p_0\">Ante las dudas alrededor de la\u00a0<b><a href=\"https:\/\/www.vistazo.com\/actualidad\/nacional\/2025-07-11-une-marcho-corte-constitucional-quito-pedir-anule-ley-integridad-publica-FD9731304\">Ley de Integridad P\u00fablica<\/a><\/b>, la ministra de Trabajo,\u00a0<b>Ivonne N\u00fa\u00f1ez<\/b>, explic\u00f3 c\u00f3mo se realizar\u00e1n las\u00a0<u><b>evaluaciones a los servidores p\u00fablicos\u00a0<\/b><\/u>y aclar\u00f3 que se continuar\u00e1 pagando la compensaci\u00f3n para las personas que se jubilan a partir de los 60 a\u00f1os de edad.<\/p>\n<p class=\"p_1\">La nueva norma, catalogada como urgente por el presidente Daniel Noboa y aprobada por la Asamblea,\u00a0<u><b>entr\u00f3 en vigencia el pasado 26 de junio<\/b><\/u>\u00a0tras su publicaci\u00f3n en el Registro Oficial.<\/p>\n<p class=\"p_3\">Algunas organizaciones sociales como la Uni\u00f3n Nacional de Educadores (<b>UNE<\/b>) o el Frente Unitario de Trabajadores (<b>FUT<\/b>) han expresado su rechazo a la ley porque a su juicio\u00a0<b>viola diversos derechos constitucionales y propicia los despidos masivos bajo la excusa de las evaluaciones<\/b>.<\/p>\n<div class=\"Center2Display\">\n<div id=\"Center2\" data-google-query-id=\"CL33tufnwY4DFU-NWgUd4oACYA\">\n<div id=\"google_ads_iframe_\/21839199781\/Vistazo\/Vistazo_Center2_0__container__\">Sin embargo, la ministra de Trabajo, Ivonne N\u00fa\u00f1ez, aclar\u00f3 que las evaluaciones al sector p\u00fablico <u><b>existen desde el 2010<\/b><\/u>, pero reconoci\u00f3 que lo que ha fallado es la pol\u00edtica para exigir que se ejecuten.<\/div>\n<\/div>\n<\/div>\n<p class=\"p_5\">\u201cEl Ministerio de Trabajo registra muy pocas evaluaciones\u00a0<u><b>a menos de 140 instituciones del sector p\u00fablico\u00a0<\/b><\/u>y los resultados de aquellas personas que dejan sus puestos por concepto de no pasar las pruebas en las dos fases que establece la ley\u00a0<u><b>es m\u00ednima<\/b><\/u>\u201d, apunt\u00f3 la funcionaria en entrevista con Teleamazonas.<\/p>\n<p class=\"p_6\">Agreg\u00f3 que\u00a0<u><b>\u201cno hay que tener miedo a la evaluaci\u00f3n\u201d<\/b><\/u>\u00a0porque en las entidades p\u00fablicas debe existir eficiencia administrativa, ya que el Estado invierte no solo recursos econ\u00f3micos a trav\u00e9s de los pagos mensuales, sino tambi\u00e9n en tecnolog\u00eda para una \u201catenci\u00f3n al p\u00fablico m\u00e1s \u00e1gil y transparente\u201d.<\/p>\n<p class=\"p_7\">N\u00fa\u00f1ez detall\u00f3 que la evaluaci\u00f3n\u00a0<u><b>se realizar\u00e1 cada seis meses\u00a0<\/b><\/u>y que todas las instituciones p\u00fablicas deber\u00e1n acatar la disposici\u00f3n a excepci\u00f3n de las Fuerzas Armadas, la Polic\u00eda Nacional y el Consejo de la Judicatura, que tienen procesos diferentes.<\/p>\n<p class=\"p_8\">Finalmente, dijo que no cree que haya una inconstitucionalidad en la propuesta y que m\u00e1s bien las evaluaciones surgen con base en normas de la Carta Magna.<\/p>\n<\/div>\n<div class=\"multimediaMacroWrapper img lateral\">\n<figure class=\"contentMedia art-img\">\n<div><img fetchpriority=\"high\" decoding=\"async\" class=\" lazyloaded\" title=\"Marcha contra la Ley de Integridad P\u00fablica.\" src=\"https:\/\/www.vistazo.com\/placeholder\/svg\/viewbox\/768x432\" sizes=\"100vw\" srcset=\"\/\/www.vistazo.com\/binrepository\/768x432\/0c0\/0d0\/none\/12727\/SCCN\/gvlmgm6xaaa3ii9-2300074-2025071112003_2308355_20250716112434.jpg 768w,\/\/www.vistazo.com\/binrepository\/640x360\/0c0\/0d0\/none\/12727\/SCCG\/gvlmgm6xaaa3ii9-2300074-2025071112003_2308355_20250716112434.jpg 640w,\/\/www.vistazo.com\/binrepository\/512x288\/0c0\/0d0\/none\/12727\/SCCF\/gvlmgm6xaaa3ii9-2300074-2025071112003_2308355_20250716112434.jpg 512w,\/\/www.vistazo.com\/binrepository\/384x216\/0c0\/0d0\/none\/12727\/SCCL\/gvlmgm6xaaa3ii9-2300074-2025071112003_2308355_20250716112434.jpg 384w,\/\/www.vistazo.com\/binrepository\/300x169\/0c0\/0d0\/none\/12727\/SCCM\/gvlmgm6xaaa3ii9-2300074-2025071112003_2308355_20250716112434.jpg 300w\" alt=\"$!Marcha contra la Ley de Integridad P\u00fablica.\" width=\"768\" height=\"432\" data-srcset=\"\/\/www.vistazo.com\/binrepository\/768x432\/0c0\/0d0\/none\/12727\/SCCN\/gvlmgm6xaaa3ii9-2300074-2025071112003_2308355_20250716112434.jpg 768w,\/\/www.vistazo.com\/binrepository\/640x360\/0c0\/0d0\/none\/12727\/SCCG\/gvlmgm6xaaa3ii9-2300074-2025071112003_2308355_20250716112434.jpg 640w,\/\/www.vistazo.com\/binrepository\/512x288\/0c0\/0d0\/none\/12727\/SCCF\/gvlmgm6xaaa3ii9-2300074-2025071112003_2308355_20250716112434.jpg 512w,\/\/www.vistazo.com\/binrepository\/384x216\/0c0\/0d0\/none\/12727\/SCCL\/gvlmgm6xaaa3ii9-2300074-2025071112003_2308355_20250716112434.jpg 384w,\/\/www.vistazo.com\/binrepository\/300x169\/0c0\/0d0\/none\/12727\/SCCM\/gvlmgm6xaaa3ii9-2300074-2025071112003_2308355_20250716112434.jpg 300w\" \/><\/div>\n<div class=\"cutline-byline\"><span class=\"cutline-text\">Marcha contra la Ley de Integridad P\u00fablica.\u00a0<\/span><span class=\"byline-image\">(Foto: archivo )<\/span><\/div>\n<\/figure>\n<\/div>\n<h2 class=\"h2vistazo\">COMPENSACIONES<\/h2>\n<div class=\"paragraph texto\">\n<p class=\"p_10\">En cuanto a las compensaciones para la jubilaci\u00f3n, la ministra subray\u00f3 que\u00a0<u><b>se continuar\u00e1 accediendo a este beneficio con 480 aportaciones sin l\u00edmite de edad y con 360 aportaciones a partir de los 60 a\u00f1os de edad<\/b><\/u>.<\/p>\n<p class=\"p_11\">Calific\u00f3 como \u201cconfusi\u00f3n deliberada\u201d los se\u00f1alamientos de organizaciones sociales sobre el aumento de la edad de jubilaci\u00f3n y apunt\u00f3 que el Gobierno sigue pagando las compensaciones.<\/p>\n<p class=\"p_12\">A la fecha se han cancelado<b>\u00a095 millones de d\u00f3lares<\/b>. Fuente: Vistazo<\/p>\n<\/div>\n","protected":false},"excerpt":{"rendered":"<p>Ante las dudas alrededor de la\u00a0Ley de Integridad P\u00fablica, la ministra de Trabajo,\u00a0Ivonne N\u00fa\u00f1ez, explic\u00f3 c\u00f3mo se realizar\u00e1n las\u00a0evaluaciones a los servidores p\u00fablicos\u00a0y aclar\u00f3 que se continuar\u00e1 pagando la compensaci\u00f3n para las personas que se jubilan a partir de los 60 a\u00f1os de edad. La nueva norma, catalogada como urgente por el presidente Daniel Noboa y aprobada por la Asamblea,\u00a0entr\u00f3 en vigencia el pasado 26 de junio\u00a0tras su publicaci\u00f3n en el Registro Oficial. Algunas organizaciones sociales como la Uni\u00f3n Nacional de Educadores (UNE) o el Frente Unitario de Trabajadores (FUT) han expresado su rechazo a la ley porque a su juicio\u00a0viola diversos derechos constitucionales y propicia los despidos masivos bajo la excusa de las evaluaciones. Sin embargo, la ministra de Trabajo, Ivonne N\u00fa\u00f1ez, aclar\u00f3 que las evaluaciones al sector p\u00fablico existen desde el 2010, pero reconoci\u00f3 que lo que ha fallado es la pol\u00edtica para exigir que se ejecuten. \u201cEl Ministerio de Trabajo registra muy pocas evaluaciones\u00a0a menos de 140 instituciones del sector p\u00fablico\u00a0y los resultados de aquellas personas que dejan sus puestos por concepto de no pasar las pruebas en las dos fases que establece la ley\u00a0es m\u00ednima\u201d, apunt\u00f3 la funcionaria en entrevista con Teleamazonas. Agreg\u00f3 que\u00a0\u201cno hay que tener miedo a la evaluaci\u00f3n\u201d\u00a0porque en las entidades p\u00fablicas debe existir eficiencia administrativa, ya que el Estado invierte no solo recursos econ\u00f3micos a trav\u00e9s de los pagos mensuales, sino tambi\u00e9n en tecnolog\u00eda para una \u201catenci\u00f3n al p\u00fablico m\u00e1s \u00e1gil y transparente\u201d. N\u00fa\u00f1ez detall\u00f3 que la evaluaci\u00f3n\u00a0se realizar\u00e1 cada seis meses\u00a0y que todas las instituciones p\u00fablicas deber\u00e1n acatar la disposici\u00f3n a excepci\u00f3n de las Fuerzas Armadas, la Polic\u00eda Nacional y el Consejo de la Judicatura, que tienen procesos diferentes. Finalmente, dijo que no cree que haya una inconstitucionalidad en la propuesta y que m\u00e1s bien las evaluaciones surgen con base en normas de la Carta Magna. Marcha contra la Ley de Integridad P\u00fablica.\u00a0(Foto: archivo ) COMPENSACIONES En cuanto a las compensaciones para la jubilaci\u00f3n, la ministra subray\u00f3 que\u00a0se continuar\u00e1 accediendo a este beneficio con 480 aportaciones sin l\u00edmite de edad y con 360 aportaciones a partir de los 60 a\u00f1os de edad. Calific\u00f3 como \u201cconfusi\u00f3n deliberada\u201d los se\u00f1alamientos de organizaciones sociales sobre el aumento de la edad de jubilaci\u00f3n y apunt\u00f3 que el Gobierno sigue pagando las compensaciones. A la fecha se han cancelado\u00a095 millones de d\u00f3lares. Fuente: Vistazo<\/p>\n","protected":false},"author":1,"featured_media":24891,"comment_status":"open","ping_status":"open","sticky":false,"template":"","format":"standard","meta":{"footnotes":""},"categories":[268],"tags":[],"class_list":["post-24890","post","type-post","status-publish","format-standard","has-post-thumbnail","hentry","category-nacionales"],"_links":{"self":[{"href":"https:\/\/www.elamazonico.com\/portal\/wp-json\/wp\/v2\/posts\/24890","targetHints":{"allow":["GET"]}}],"collection":[{"href":"https:\/\/www.elamazonico.com\/portal\/wp-json\/wp\/v2\/posts"}],"about":[{"href":"https:\/\/www.elamazonico.com\/portal\/wp-json\/wp\/v2\/types\/post"}],"author":[{"embeddable":true,"href":"https:\/\/www.elamazonico.com\/portal\/wp-json\/wp\/v2\/users\/1"}],"replies":[{"embeddable":true,"href":"https:\/\/www.elamazonico.com\/portal\/wp-json\/wp\/v2\/comments?post=24890"}],"version-history":[{"count":2,"href":"https:\/\/www.elamazonico.com\/portal\/wp-json\/wp\/v2\/posts\/24890\/revisions"}],"predecessor-version":[{"id":24893,"href":"https:\/\/www.elamazonico.com\/portal\/wp-json\/wp\/v2\/posts\/24890\/revisions\/24893"}],"wp:featuredmedia":[{"embeddable":true,"href":"https:\/\/www.elamazonico.com\/portal\/wp-json\/wp\/v2\/media\/24891"}],"wp:attachment":[{"href":"https:\/\/www.elamazonico.com\/portal\/wp-json\/wp\/v2\/media?parent=24890"}],"wp:term":[{"taxonomy":"category","embeddable":true,"href":"https:\/\/www.elamazonico.com\/portal\/wp-json\/wp\/v2\/categories?post=24890"},{"taxonomy":"post_tag","embeddable":true,"href":"https:\/\/www.elamazonico.com\/portal\/wp-json\/wp\/v2\/tags?post=24890"}],"curies":[{"name":"wp","href":"https:\/\/api.w.org\/{rel}","templated":true}]}}