{"id":24872,"date":"2025-07-15T20:10:06","date_gmt":"2025-07-16T01:10:06","guid":{"rendered":"https:\/\/www.elamazonico.com\/portal\/?p=24872"},"modified":"2025-07-15T20:10:06","modified_gmt":"2025-07-16T01:10:06","slug":"no-hay-seguridad-real-si-nuestros-militares-siguen-combatiendo-con-lo-minimo-daniel-noboa-entrega-35-vehiculos-tacticos-a-las-ff-aa","status":"publish","type":"post","link":"https:\/\/www.elamazonico.com\/portal\/no-hay-seguridad-real-si-nuestros-militares-siguen-combatiendo-con-lo-minimo-daniel-noboa-entrega-35-vehiculos-tacticos-a-las-ff-aa\/","title":{"rendered":"&#8216;No hay seguridad real si nuestros militares siguen combatiendo con lo m\u00ednimo&#8217;: Daniel Noboa entrega 35 veh\u00edculos t\u00e1cticos a las FF.AA."},"content":{"rendered":"<div class=\"paragraph texto\">\n<p class=\"p_0\"><b>Las\u00a0<a href=\"https:\/\/www.vistazo.com\/cronologia\/-\/meta\/fuerzas-armadas\">Fuerzas Armadas<\/a>\u00a0de Ecuador recibieron este martes 35 veh\u00edculos t\u00e1cticos para reforzar las operaciones en el combate a las bandas de crimen organizado, vinculadas especialmente al narcotr\u00e1fico y a la miner\u00eda ilegal.<\/b><\/p>\n<p class=\"p_2\">Estos veh\u00edculos<b>\u00a0-33 modelo David y dos modelo Mbombe-\u00a0<\/b>se suman a una flota de<b>\u00a0137 blindados t\u00e1cticos multiprop\u00f3sito\u00a0<\/b>de fabricaci\u00f3n israel\u00ed y sudafricana que el Gobierno ya entreg\u00f3 a las fuerzas de seguridad entre agosto y diciembre pasados como parte de un plan de\u00a0<b>modernizaci\u00f3n del equipamiento militar.<\/b><\/p>\n<p class=\"p_3\">Los Mbombe 6\u00d76 y los David 4\u00d74 tienen<b>\u00a0protecci\u00f3n bal\u00edstica\u00a0<\/b>y, por sus caracter\u00edsticas, equipamiento y resistencia, son\u00a0<b>inmunes a ataques de diferente tipo<\/b>, seg\u00fan el Ministerio de Defensa.<\/p>\n<div>\n<div class=\"trv-player-container\">\n<div class=\"trv-wrapper\">\n<div id=\"br_video_player_7def1270db24de613054aa3973603c5a7a4d6079\" class=\"trvd_video_player trvdinstream\">\n<div class=\"media-player\">\n<div class=\"trv-video\">\n<div id=\"truvid_ima_container99163\" class=\"truvid_ima_container trv-ima-container-hidden\"><\/div>\n<\/div>\n<\/div>\n<div class=\"trv-autoskip-container\">\n<div class=\"trv-autoskip-background\">\n<div class=\"trv-autoskip-line-right\">\n<div>\u00abLos veh\u00edculos est\u00e1n dise\u00f1ados para el<b>\u00a0transporte de tropas<\/b>, brindan seguridad al movimiento de las mismas con p<b>rotecci\u00f3n contra minas, explosivos y fuego directo<\/b>\u00ab, se\u00f1al\u00f3 el capit\u00e1n David Ord\u00f3\u00f1ez durante el acto de entrega, en el que estuvo presente el presidente Daniel Noboa.<\/div>\n<\/div>\n<\/div>\n<\/div>\n<\/div>\n<\/div>\n<\/div>\n<\/div>\n<\/div>\n<div class=\"multimediaMacroWrapper img lateral\">\n<figure class=\"contentMedia art-img\">\n<div><img fetchpriority=\"high\" decoding=\"async\" class=\" lazyloaded\" title=\"Los veh\u00edculos blindados entregados este martes.\" src=\"https:\/\/www.vistazo.com\/placeholder\/svg\/viewbox\/768x576\" sizes=\"100vw\" srcset=\"\/\/www.vistazo.com\/binrepository\/768x576\/0c0\/0d0\/none\/12727\/KIML\/gv6ati4waaa1fi4_2307045_20250715161817.jpg 768w,\/\/www.vistazo.com\/binrepository\/640x480\/0c0\/0d0\/none\/12727\/KIKI\/gv6ati4waaa1fi4_2307045_20250715161817.jpg 640w,\/\/www.vistazo.com\/binrepository\/512x384\/0c0\/0d0\/none\/12727\/KIOJ\/gv6ati4waaa1fi4_2307045_20250715161817.jpg 512w,\/\/www.vistazo.com\/binrepository\/384x288\/0c0\/0d0\/none\/12727\/KISR\/gv6ati4waaa1fi4_2307045_20250715161817.jpg 384w,\/\/www.vistazo.com\/binrepository\/300x225\/0c0\/0d0\/none\/12727\/KINT\/gv6ati4waaa1fi4_2307045_20250715161817.jpg 300w\" alt=\"$!Los veh\u00edculos blindados entregados este martes.\" width=\"768\" height=\"576\" data-srcset=\"\/\/www.vistazo.com\/binrepository\/768x576\/0c0\/0d0\/none\/12727\/KIML\/gv6ati4waaa1fi4_2307045_20250715161817.jpg 768w,\/\/www.vistazo.com\/binrepository\/640x480\/0c0\/0d0\/none\/12727\/KIKI\/gv6ati4waaa1fi4_2307045_20250715161817.jpg 640w,\/\/www.vistazo.com\/binrepository\/512x384\/0c0\/0d0\/none\/12727\/KIOJ\/gv6ati4waaa1fi4_2307045_20250715161817.jpg 512w,\/\/www.vistazo.com\/binrepository\/384x288\/0c0\/0d0\/none\/12727\/KISR\/gv6ati4waaa1fi4_2307045_20250715161817.jpg 384w,\/\/www.vistazo.com\/binrepository\/300x225\/0c0\/0d0\/none\/12727\/KINT\/gv6ati4waaa1fi4_2307045_20250715161817.jpg 300w\" \/><\/div>\n<div class=\"cutline-byline\"><span class=\"cutline-text\">Los veh\u00edculos blindados entregados este martes.<\/span><\/div>\n<\/figure>\n<\/div>\n<div class=\"paragraph texto\">\n<p class=\"p_5\">El mandatario se\u00f1al\u00f3 que en el pa\u00eds no puede haber seguridad real si los militares<b>\u00a0\u00absiguen combatiendo con lo m\u00ednimo\u00bb.<\/b><\/p>\n<p class=\"p_6\">\u00abLa guerra que libramos no se ganar\u00e1 con discursos, se ganar\u00e1 con\u00a0<b>decisiones firmes<\/b>, con\u00a0<b>blindados\u00a0<\/b>y con\u00a0<b>valent\u00eda<\/b>, pero tambi\u00e9n con un marco jur\u00eddico que la respalde, como la Ley de Solidaridad recientemente aprobada en la que se establecen<b>\u00a0incentivos tributarios<\/b>\u00a0para las empresas que realicen donaciones a las fuerzas de seguridad\u00bb, a\u00f1adi\u00f3 Noboa.<\/p>\n<\/div>\n<div class=\"paragraph texto\">\n<p class=\"p_7\">Destac\u00f3 recientes operativos realizados por las Fuerzas Armadas en el \u00e1mbito de la seguridad nacional, como el que permiti\u00f3 el pasado fin de semana<b>\u00a0tomar el control de tres zonas de miner\u00eda ilegal<\/b>\u00a0denominadas como cr\u00edticas en la localidad andina de Buenos Aires, de la provincia de Imbabura, al norte del pa\u00eds.<\/p>\n<p class=\"p_8\">En esta operaci\u00f3n participaron<b>\u00a01.500 soldados del Ej\u00e9rcito<\/b>\u00a0con la ayuda de veh\u00edculos blindados tipo Cobra, helic\u00f3pteros y aviones Super Tucano de la Fuerza A\u00e9rea.<\/p>\n<\/div>\n<div class=\"paragraph texto\">\n<p class=\"p_9\">\u00abEste no es un acto simb\u00f3lico, es ante todo una\u00a0<b>advertencia para los criminales<\/b>. No vamos a retroceder, no vamos a negociar con el miedo y no vamos a dejar solos a quienes defienden este pa\u00eds\u00bb, subray\u00f3 Noboa.<\/p>\n<\/div>\n<h2 class=\"h2vistazo\">\u00abGuerras asim\u00e9tricas\u00bb<\/h2>\n<div class=\"paragraph texto\">\n<p class=\"p_10\">Por su parte, el comandante general del Ej\u00e9rcito,<b>\u00a0Henry Delgado<\/b>, indic\u00f3 que los veh\u00edculos entregados son necesarios para proteger al personal militar en el marco de<b>\u00a0\u00abguerras asim\u00e9tricas\u00bb\u00a0<\/b>y \u00abdistintas amenazas como el\u00a0<b>terrorismo, la delincuencia organizada, el crimen transnacional o la miner\u00eda ilegal<\/b>\u00ab, seg\u00fan se\u00f1al\u00f3 el Gobierno en un comunicado.<\/p>\n<p class=\"p_11\">Ecuador vive desde inicios de 2024 bajo un<b>\u00a0\u00abconflicto armado interno\u00bb<\/b>\u00a0declarado por Noboa para combatir a las bandas del crimen organizado, a las que desde entonces cataloga como \u00abterroristas\u00bb.<\/p>\n<p class=\"p_13\">Las autoridades atribuyen a estos grupos la\u00a0<b>escalada de violencia que vive Ecuador en los \u00faltimos a\u00f1os\u00a0<\/b>y que lo llev\u00f3 en 2023 a estar a la cabeza de Latinoam\u00e9rica en \u00edndice de asesinatos.<\/p>\n<p class=\"p_14\">Una situaci\u00f3n que empeor\u00f3 a inicios de 2025, pues el pa\u00eds ha registrado en los primeros meses\u00a0<b>cifras de violencia criminal sin precedentes<\/b>, contabilizando un promedio de un homicidio por hora. <strong>Fuente: Vistazo<\/strong><\/p>\n<\/div>\n","protected":false},"excerpt":{"rendered":"<p>Las\u00a0Fuerzas Armadas\u00a0de Ecuador recibieron este martes 35 veh\u00edculos t\u00e1cticos para reforzar las operaciones en el combate a las bandas de crimen organizado, vinculadas especialmente al narcotr\u00e1fico y a la miner\u00eda ilegal. Estos veh\u00edculos\u00a0-33 modelo David y dos modelo Mbombe-\u00a0se suman a una flota de\u00a0137 blindados t\u00e1cticos multiprop\u00f3sito\u00a0de fabricaci\u00f3n israel\u00ed y sudafricana que el Gobierno ya entreg\u00f3 a las fuerzas de seguridad entre agosto y diciembre pasados como parte de un plan de\u00a0modernizaci\u00f3n del equipamiento militar. Los Mbombe 6\u00d76 y los David 4\u00d74 tienen\u00a0protecci\u00f3n bal\u00edstica\u00a0y, por sus caracter\u00edsticas, equipamiento y resistencia, son\u00a0inmunes a ataques de diferente tipo, seg\u00fan el Ministerio de Defensa. \u00abLos veh\u00edculos est\u00e1n dise\u00f1ados para el\u00a0transporte de tropas, brindan seguridad al movimiento de las mismas con protecci\u00f3n contra minas, explosivos y fuego directo\u00ab, se\u00f1al\u00f3 el capit\u00e1n David Ord\u00f3\u00f1ez durante el acto de entrega, en el que estuvo presente el presidente Daniel Noboa. Los veh\u00edculos blindados entregados este martes. El mandatario se\u00f1al\u00f3 que en el pa\u00eds no puede haber seguridad real si los militares\u00a0\u00absiguen combatiendo con lo m\u00ednimo\u00bb. \u00abLa guerra que libramos no se ganar\u00e1 con discursos, se ganar\u00e1 con\u00a0decisiones firmes, con\u00a0blindados\u00a0y con\u00a0valent\u00eda, pero tambi\u00e9n con un marco jur\u00eddico que la respalde, como la Ley de Solidaridad recientemente aprobada en la que se establecen\u00a0incentivos tributarios\u00a0para las empresas que realicen donaciones a las fuerzas de seguridad\u00bb, a\u00f1adi\u00f3 Noboa. Destac\u00f3 recientes operativos realizados por las Fuerzas Armadas en el \u00e1mbito de la seguridad nacional, como el que permiti\u00f3 el pasado fin de semana\u00a0tomar el control de tres zonas de miner\u00eda ilegal\u00a0denominadas como cr\u00edticas en la localidad andina de Buenos Aires, de la provincia de Imbabura, al norte del pa\u00eds. En esta operaci\u00f3n participaron\u00a01.500 soldados del Ej\u00e9rcito\u00a0con la ayuda de veh\u00edculos blindados tipo Cobra, helic\u00f3pteros y aviones Super Tucano de la Fuerza A\u00e9rea. \u00abEste no es un acto simb\u00f3lico, es ante todo una\u00a0advertencia para los criminales. No vamos a retroceder, no vamos a negociar con el miedo y no vamos a dejar solos a quienes defienden este pa\u00eds\u00bb, subray\u00f3 Noboa. \u00abGuerras asim\u00e9tricas\u00bb Por su parte, el comandante general del Ej\u00e9rcito,\u00a0Henry Delgado, indic\u00f3 que los veh\u00edculos entregados son necesarios para proteger al personal militar en el marco de\u00a0\u00abguerras asim\u00e9tricas\u00bb\u00a0y \u00abdistintas amenazas como el\u00a0terrorismo, la delincuencia organizada, el crimen transnacional o la miner\u00eda ilegal\u00ab, seg\u00fan se\u00f1al\u00f3 el Gobierno en un comunicado. Ecuador vive desde inicios de 2024 bajo un\u00a0\u00abconflicto armado interno\u00bb\u00a0declarado por Noboa para combatir a las bandas del crimen organizado, a las que desde entonces cataloga como \u00abterroristas\u00bb. Las autoridades atribuyen a estos grupos la\u00a0escalada de violencia que vive Ecuador en los \u00faltimos a\u00f1os\u00a0y que lo llev\u00f3 en 2023 a estar a la cabeza de Latinoam\u00e9rica en \u00edndice de asesinatos. Una situaci\u00f3n que empeor\u00f3 a inicios de 2025, pues el pa\u00eds ha registrado en los primeros meses\u00a0cifras de violencia criminal sin precedentes, contabilizando un promedio de un homicidio por hora. Fuente: Vistazo<\/p>\n","protected":false},"author":1,"featured_media":24873,"comment_status":"open","ping_status":"open","sticky":false,"template":"","format":"standard","meta":{"footnotes":""},"categories":[268],"tags":[],"class_list":["post-24872","post","type-post","status-publish","format-standard","has-post-thumbnail","hentry","category-nacionales"],"_links":{"self":[{"href":"https:\/\/www.elamazonico.com\/portal\/wp-json\/wp\/v2\/posts\/24872","targetHints":{"allow":["GET"]}}],"collection":[{"href":"https:\/\/www.elamazonico.com\/portal\/wp-json\/wp\/v2\/posts"}],"about":[{"href":"https:\/\/www.elamazonico.com\/portal\/wp-json\/wp\/v2\/types\/post"}],"author":[{"embeddable":true,"href":"https:\/\/www.elamazonico.com\/portal\/wp-json\/wp\/v2\/users\/1"}],"replies":[{"embeddable":true,"href":"https:\/\/www.elamazonico.com\/portal\/wp-json\/wp\/v2\/comments?post=24872"}],"version-history":[{"count":1,"href":"https:\/\/www.elamazonico.com\/portal\/wp-json\/wp\/v2\/posts\/24872\/revisions"}],"predecessor-version":[{"id":24874,"href":"https:\/\/www.elamazonico.com\/portal\/wp-json\/wp\/v2\/posts\/24872\/revisions\/24874"}],"wp:featuredmedia":[{"embeddable":true,"href":"https:\/\/www.elamazonico.com\/portal\/wp-json\/wp\/v2\/media\/24873"}],"wp:attachment":[{"href":"https:\/\/www.elamazonico.com\/portal\/wp-json\/wp\/v2\/media?parent=24872"}],"wp:term":[{"taxonomy":"category","embeddable":true,"href":"https:\/\/www.elamazonico.com\/portal\/wp-json\/wp\/v2\/categories?post=24872"},{"taxonomy":"post_tag","embeddable":true,"href":"https:\/\/www.elamazonico.com\/portal\/wp-json\/wp\/v2\/tags?post=24872"}],"curies":[{"name":"wp","href":"https:\/\/api.w.org\/{rel}","templated":true}]}}