{"id":24848,"date":"2025-07-14T17:02:36","date_gmt":"2025-07-14T22:02:36","guid":{"rendered":"https:\/\/www.elamazonico.com\/portal\/?p=24848"},"modified":"2025-07-14T17:02:36","modified_gmt":"2025-07-14T22:02:36","slug":"si-vas-contra-luisa-vas-contra-mi-la-respuesta-de-rafael-correa-a-la-asambleista-jhajaira-urresta","status":"publish","type":"post","link":"https:\/\/www.elamazonico.com\/portal\/si-vas-contra-luisa-vas-contra-mi-la-respuesta-de-rafael-correa-a-la-asambleista-jhajaira-urresta\/","title":{"rendered":"\u00abSi vas contra Luisa, vas contra m\u00ed\u00bb, la respuesta de Rafael Correa a la asamble\u00edsta Jhajaira Urresta"},"content":{"rendered":"<p>Cuatro d\u00edas despu\u00e9s de anunciar que abandonaba la bancada de la Revoluci\u00f3n Ciudadana (RC), la asamble\u00edsta\u00a0Jhajaira Urresta sigue revelando detalles de las acciones al interior del corre\u00edsmo y de las actitudes de los representantes de la RC que precipitaron su salida.<\/p>\n<p>Este 14 de julio, Urresta cont\u00f3 en una radio de Quito que, luego de no recibir una respuesta de la\u00a0excandidata a la presidencia, Luisa Gonz\u00e1lez, por supuestamente haberla llamado \u00abtuerta de mierda\u00bb, acudi\u00f3 al l\u00edder m\u00e1ximo de la RC, Rafael Correa.<\/p>\n<p>Con el expresidente, Urresta habr\u00eda dialogado por el lapso de 12 minutos. Ah\u00ed le expuso que los problemas y el supuesto maltrato por parte de Gonz\u00e1lez no era nuevo y que, incluso, se habr\u00eda extendido a otros integrantes del corre\u00edsmo.<\/p>\n<blockquote><p>\u00abReuniones de bancada en las que la se\u00f1ora hablaba y se retiraba y no ten\u00edamos tiempo ni siquiera para sentarnos a conversar sobre el territorio y la militancia\u00bb\u00a0Jhajaira Urresta.<\/p><\/blockquote>\n<p>A los otros legisladores del corre\u00edsmo, Gonz\u00e1lez les habr\u00edan indicado que pueden presentar aportes y observaciones a las leyes en construcci\u00f3n, pero con la disposici\u00f3n de votar en contra, de todas formas, \u00abporque somos oposici\u00f3n\u00bb, asegur\u00f3 Urresta a Radio La Calle.<\/p>\n<p><strong>La respuesta de Correa<\/strong><br \/>\nEl exmandatario Rafael Correa, seg\u00fan la versi\u00f3n de Urresta, habr\u00eda negado la existencia del chat con los supuestos insultos y habr\u00eda tratado de justificar a Gonz\u00e1lez, diciendo que la entienda, porque ella \u00abtiene un car\u00e1cter as\u00ed\u00bb.<\/p>\n<p>Seg\u00fan la asamble\u00edsta, su intenci\u00f3n era declararse en \u00abrebeld\u00eda\u00bb dentro de movimiento, hasta que Gonz\u00e1lez aclarase los supuestos dichos ofensivos.<\/p>\n<p>Correa habr\u00eda preguntado si esa declaratoria ser\u00eda p\u00fablica y, al obtener un s\u00ed como respuesta, el tono de la conversaci\u00f3n habr\u00eda cambiado: \u00abLa respuesta del expresidente fue: Entonces no cuentes conmigo, ni con mi gente y no cuentes con Luisa. Si vas contra Luisa, vas contra m\u00ed\u00bb, revel\u00f3 Urresta.<\/p>\n<p>Seg\u00fan el relato de la legisladora, Correa tambi\u00e9n le habr\u00eda pedido guardar silencio y tratar el tema internamente \u00abpara no da\u00f1ar al proyecto pol\u00edtico\u00bb, como ha sido denunciado en otras ocasiones en Revoluci\u00f3n Ciudadana.<\/p>\n<p><strong>Futuras votaciones<\/strong><br \/>\nLa legisladora excorre\u00edsta neg\u00f3 que su decisi\u00f3n haya sido condicionada por el Gobierno de Daniel Noboa, a cambio de solucionar alg\u00fan tipo de problema que involucre a su esposo, que es militar en servicio activo.<\/p>\n<p>Descart\u00f3 que se vaya a unir a la bancada oficialista Acci\u00f3n Democr\u00e1tica Nacional (ADN). \u00abSi salgo de la RC es, justamente, por autoritarismo y temas dolorosos de vulneraci\u00f3n de derechos\u00bb, dijo Urresta. <strong>Fuente: Primicias<\/strong><\/p>\n","protected":false},"excerpt":{"rendered":"<p>Cuatro d\u00edas despu\u00e9s de anunciar que abandonaba la bancada de la Revoluci\u00f3n Ciudadana (RC), la asamble\u00edsta\u00a0Jhajaira Urresta sigue revelando detalles de las acciones al interior del corre\u00edsmo y de las actitudes de los representantes de la RC que precipitaron su salida. Este 14 de julio, Urresta cont\u00f3 en una radio de Quito que, luego de no recibir una respuesta de la\u00a0excandidata a la presidencia, Luisa Gonz\u00e1lez, por supuestamente haberla llamado \u00abtuerta de mierda\u00bb, acudi\u00f3 al l\u00edder m\u00e1ximo de la RC, Rafael Correa. Con el expresidente, Urresta habr\u00eda dialogado por el lapso de 12 minutos. Ah\u00ed le expuso que los problemas y el supuesto maltrato por parte de Gonz\u00e1lez no era nuevo y que, incluso, se habr\u00eda extendido a otros integrantes del corre\u00edsmo. \u00abReuniones de bancada en las que la se\u00f1ora hablaba y se retiraba y no ten\u00edamos tiempo ni siquiera para sentarnos a conversar sobre el territorio y la militancia\u00bb\u00a0Jhajaira Urresta. A los otros legisladores del corre\u00edsmo, Gonz\u00e1lez les habr\u00edan indicado que pueden presentar aportes y observaciones a las leyes en construcci\u00f3n, pero con la disposici\u00f3n de votar en contra, de todas formas, \u00abporque somos oposici\u00f3n\u00bb, asegur\u00f3 Urresta a Radio La Calle. La respuesta de Correa El exmandatario Rafael Correa, seg\u00fan la versi\u00f3n de Urresta, habr\u00eda negado la existencia del chat con los supuestos insultos y habr\u00eda tratado de justificar a Gonz\u00e1lez, diciendo que la entienda, porque ella \u00abtiene un car\u00e1cter as\u00ed\u00bb. Seg\u00fan la asamble\u00edsta, su intenci\u00f3n era declararse en \u00abrebeld\u00eda\u00bb dentro de movimiento, hasta que Gonz\u00e1lez aclarase los supuestos dichos ofensivos. Correa habr\u00eda preguntado si esa declaratoria ser\u00eda p\u00fablica y, al obtener un s\u00ed como respuesta, el tono de la conversaci\u00f3n habr\u00eda cambiado: \u00abLa respuesta del expresidente fue: Entonces no cuentes conmigo, ni con mi gente y no cuentes con Luisa. Si vas contra Luisa, vas contra m\u00ed\u00bb, revel\u00f3 Urresta. Seg\u00fan el relato de la legisladora, Correa tambi\u00e9n le habr\u00eda pedido guardar silencio y tratar el tema internamente \u00abpara no da\u00f1ar al proyecto pol\u00edtico\u00bb, como ha sido denunciado en otras ocasiones en Revoluci\u00f3n Ciudadana. Futuras votaciones La legisladora excorre\u00edsta neg\u00f3 que su decisi\u00f3n haya sido condicionada por el Gobierno de Daniel Noboa, a cambio de solucionar alg\u00fan tipo de problema que involucre a su esposo, que es militar en servicio activo. Descart\u00f3 que se vaya a unir a la bancada oficialista Acci\u00f3n Democr\u00e1tica Nacional (ADN). \u00abSi salgo de la RC es, justamente, por autoritarismo y temas dolorosos de vulneraci\u00f3n de derechos\u00bb, dijo Urresta. Fuente: Primicias<\/p>\n","protected":false},"author":1,"featured_media":24849,"comment_status":"open","ping_status":"open","sticky":false,"template":"","format":"standard","meta":{"footnotes":""},"categories":[268],"tags":[],"class_list":["post-24848","post","type-post","status-publish","format-standard","has-post-thumbnail","hentry","category-nacionales"],"_links":{"self":[{"href":"https:\/\/www.elamazonico.com\/portal\/wp-json\/wp\/v2\/posts\/24848","targetHints":{"allow":["GET"]}}],"collection":[{"href":"https:\/\/www.elamazonico.com\/portal\/wp-json\/wp\/v2\/posts"}],"about":[{"href":"https:\/\/www.elamazonico.com\/portal\/wp-json\/wp\/v2\/types\/post"}],"author":[{"embeddable":true,"href":"https:\/\/www.elamazonico.com\/portal\/wp-json\/wp\/v2\/users\/1"}],"replies":[{"embeddable":true,"href":"https:\/\/www.elamazonico.com\/portal\/wp-json\/wp\/v2\/comments?post=24848"}],"version-history":[{"count":1,"href":"https:\/\/www.elamazonico.com\/portal\/wp-json\/wp\/v2\/posts\/24848\/revisions"}],"predecessor-version":[{"id":24850,"href":"https:\/\/www.elamazonico.com\/portal\/wp-json\/wp\/v2\/posts\/24848\/revisions\/24850"}],"wp:featuredmedia":[{"embeddable":true,"href":"https:\/\/www.elamazonico.com\/portal\/wp-json\/wp\/v2\/media\/24849"}],"wp:attachment":[{"href":"https:\/\/www.elamazonico.com\/portal\/wp-json\/wp\/v2\/media?parent=24848"}],"wp:term":[{"taxonomy":"category","embeddable":true,"href":"https:\/\/www.elamazonico.com\/portal\/wp-json\/wp\/v2\/categories?post=24848"},{"taxonomy":"post_tag","embeddable":true,"href":"https:\/\/www.elamazonico.com\/portal\/wp-json\/wp\/v2\/tags?post=24848"}],"curies":[{"name":"wp","href":"https:\/\/api.w.org\/{rel}","templated":true}]}}