{"id":24845,"date":"2025-07-14T16:37:09","date_gmt":"2025-07-14T21:37:09","guid":{"rendered":"https:\/\/www.elamazonico.com\/portal\/?p=24845"},"modified":"2025-07-14T16:37:09","modified_gmt":"2025-07-14T21:37:09","slug":"el-asambleista-santiago-diaz-sigue-en-el-ecuador-esto-revelo-el-ministro-del-interior","status":"publish","type":"post","link":"https:\/\/www.elamazonico.com\/portal\/el-asambleista-santiago-diaz-sigue-en-el-ecuador-esto-revelo-el-ministro-del-interior\/","title":{"rendered":"\u00bfEl asamble\u00edsta Santiago D\u00edaz sigue en el Ecuador? Esto revel\u00f3 el ministro del Interior"},"content":{"rendered":"<div class=\"paragraph texto\">\n<p class=\"p_0\">El ministro del Interior,\u00a0<b>John Reimberg<\/b>, revel\u00f3 m\u00e1s detalles alrededor del caso del asamble\u00edsta\u00a0<b><a href=\"https:\/\/www.vistazo.com\/politica\/nacional\/2025-07-13-gobierno-ofrece-100-mil-dolares-quien-proporcione-informacion-paradero-santiago-diaz-asque-HF9744797\">Santiago D\u00edaz<\/a><\/b>, quien fue denunciado por el presunto delito de violaci\u00f3n. Sobre el legislador pesa una\u00a0<b>orden de captura y una recompensa de 100 mil d\u00f3lares<\/b>.<\/p>\n<p class=\"p_1\">Reimberg coment\u00f3 que decidieron ofrecer un pago a quien tenga informaci\u00f3n sobre el paradero del asamble\u00edsta porque exist\u00eda el\u00a0<u><b>riesgo de fuga.<\/b><\/u><\/p>\n<p class=\"p_3\">\u201c<u><b>Sabemos que \u00e9l est\u00e1 por todos los medios tratando de salir del pa\u00eds<\/b><\/u>, hemos hecho operaciones policiales de acuerdo al eje investigativo en donde se han allanado algunos lugares donde probablemente \u00e9l podr\u00eda estar y, b\u00e1sicamente, por eso salimos con la recompensa\u201d, coment\u00f3 el funcionario.<\/p>\n<div>\n<div class=\"trv-player-container\">\n<div class=\"trv-wrapper\">\n<div id=\"br_video_player_b989547130b983b9db1cb14019c3ad5a7a4d6079\" class=\"trvd_video_player trvdfloater trv-right\">\n<div class=\"media-player\">\n<div class=\"trv-video\">\n<div id=\"truvid_ima_container46670\" class=\"truvid_ima_container\"><\/div>\n<\/div>\n<\/div>\n<div class=\"trv-autoskip-container\">\n<div class=\"trv-autoskip-background\">\n<div class=\"trv-autoskip-line-top\">\n<div>Agreg\u00f3 que <u><b>\u201cno es un caso pol\u00edtico\u201d<\/b><\/u>, ya que existen otras personas sobre quienes existe una recompensa por delitos como femicidio, violaci\u00f3n y otras agresiones sexuales, seg\u00fan explic\u00f3\u00a0<b>Reimberg\u00a0<\/b>en entrevista con el medio digital La Posta.<\/div>\n<\/div>\n<\/div>\n<\/div>\n<\/div>\n<\/div>\n<\/div>\n<\/div>\n<p class=\"p_5\">Para ello, se manejan dos l\u00edneas telef\u00f3nicas: el 131 y el 1800-DELITO (335486).<\/p>\n<\/div>\n<div class=\"multimediaMacroWrapper img lateral\">\n<figure class=\"contentMedia art-img\">\n<div><img fetchpriority=\"high\" decoding=\"async\" class=\" lazyloaded\" title=\"Santiago D\u00edaz Asque acusado por el delito de violaci\u00f3n.\" src=\"https:\/\/www.vistazo.com\/placeholder\/svg\/viewbox\/768x960\" sizes=\"100vw\" srcset=\"\/\/www.vistazo.com\/binrepository\/768x960\/0c0\/0d0\/none\/12727\/UMHH\/gvwcto-x0aapcyo-2302682-2025071312291_2304811_20250714161613.jpg 768w,\/\/www.vistazo.com\/binrepository\/640x800\/0c0\/0d0\/none\/12727\/UMHL\/gvwcto-x0aapcyo-2302682-2025071312291_2304811_20250714161613.jpg 640w,\/\/www.vistazo.com\/binrepository\/512x640\/0c0\/0d0\/none\/12727\/UMHF\/gvwcto-x0aapcyo-2302682-2025071312291_2304811_20250714161613.jpg 512w,\/\/www.vistazo.com\/binrepository\/384x480\/0c0\/0d0\/none\/12727\/UMHC\/gvwcto-x0aapcyo-2302682-2025071312291_2304811_20250714161613.jpg 384w,\/\/www.vistazo.com\/binrepository\/300x375\/0c0\/0d0\/none\/12727\/UMHD\/gvwcto-x0aapcyo-2302682-2025071312291_2304811_20250714161613.jpg 300w\" alt=\"$!Santiago D\u00edaz Asque acusado por el delito de violaci\u00f3n.\" width=\"768\" height=\"960\" data-srcset=\"\/\/www.vistazo.com\/binrepository\/768x960\/0c0\/0d0\/none\/12727\/UMHH\/gvwcto-x0aapcyo-2302682-2025071312291_2304811_20250714161613.jpg 768w,\/\/www.vistazo.com\/binrepository\/640x800\/0c0\/0d0\/none\/12727\/UMHL\/gvwcto-x0aapcyo-2302682-2025071312291_2304811_20250714161613.jpg 640w,\/\/www.vistazo.com\/binrepository\/512x640\/0c0\/0d0\/none\/12727\/UMHF\/gvwcto-x0aapcyo-2302682-2025071312291_2304811_20250714161613.jpg 512w,\/\/www.vistazo.com\/binrepository\/384x480\/0c0\/0d0\/none\/12727\/UMHC\/gvwcto-x0aapcyo-2302682-2025071312291_2304811_20250714161613.jpg 384w,\/\/www.vistazo.com\/binrepository\/300x375\/0c0\/0d0\/none\/12727\/UMHD\/gvwcto-x0aapcyo-2302682-2025071312291_2304811_20250714161613.jpg 300w\" \/><\/div>\n<div class=\"cutline-byline\"><span class=\"cutline-text\">Santiago D\u00edaz Asque acusado por el delito de violaci\u00f3n.<\/span>\u00a0<span class=\"byline-image\">(Foto: Ministerio del Interior )<\/span><\/div>\n<\/figure>\n<\/div>\n<h2 class=\"h2vistazo\">CASO D\u00cdAZ ASQUE<\/h2>\n<div class=\"paragraph texto\">\n<p class=\"p_7\">El legislador de la\u00a0<b>Revoluci\u00f3n Ciudadana<\/b>\u00a0fue denunciado por el padre de una\u00a0<u><b>ni\u00f1a de 12 a\u00f1os<\/b><\/u>\u00a0por el presunto delito de violaci\u00f3n. Seg\u00fan la denuncia, el crimen se habr\u00eda perpetrado durante una\u00a0<u><b>fiesta en la casa del asamble\u00edsta hace unos dos meses<\/b><\/u>.<\/p>\n<p class=\"p_8\">Tras conocerse la acusaci\u00f3n, el\u00a0<u><b>corre\u00edsmo lo expuls\u00f3\u00a0<\/b><\/u>de sus filas \u201ccomo una m\u00ednima muestra de coherencia\u201d. Mientras que \u00e9l rechaza los se\u00f1alamientos y asegura silenciar su\u00a0<u><b>\u201cincorruptible\u201d<\/b><\/u>\u00a0voz.<\/p>\n<p class=\"p_9\">El pasado mi\u00e9rcoles, la Fiscal\u00eda y la Polic\u00eda efectuaron una\u00a0<u><b>serie de allanamientos en Quito<\/b><\/u>\u00a0para recabar indicios sobre el acusado.<\/p>\n<p class=\"p_10\">Equipos de Criminal\u00edstica recabaron documentos, dispositivos electr\u00f3nicos, entre otros indicios. Adem\u00e1s, el Ministerio P\u00fablico dijo que receptar\u00e1 las versiones de varias personas.<\/p>\n<p class=\"p_11\">Sobre el asamble\u00edsta tambi\u00e9n pesa una\u00a0<u><b>orden de localizaci\u00f3n con el objetivo de que comparezca a la audiencia de formulaci\u00f3n de cargos<\/b><\/u>, seg\u00fan lo dispuso un juez de la Unidad Judicial de Violencia contra la Mujer y la Familia de Quito. <strong>Fuente: Vistazo<\/strong><\/p>\n<\/div>\n","protected":false},"excerpt":{"rendered":"<p>El ministro del Interior,\u00a0John Reimberg, revel\u00f3 m\u00e1s detalles alrededor del caso del asamble\u00edsta\u00a0Santiago D\u00edaz, quien fue denunciado por el presunto delito de violaci\u00f3n. Sobre el legislador pesa una\u00a0orden de captura y una recompensa de 100 mil d\u00f3lares. Reimberg coment\u00f3 que decidieron ofrecer un pago a quien tenga informaci\u00f3n sobre el paradero del asamble\u00edsta porque exist\u00eda el\u00a0riesgo de fuga. \u201cSabemos que \u00e9l est\u00e1 por todos los medios tratando de salir del pa\u00eds, hemos hecho operaciones policiales de acuerdo al eje investigativo en donde se han allanado algunos lugares donde probablemente \u00e9l podr\u00eda estar y, b\u00e1sicamente, por eso salimos con la recompensa\u201d, coment\u00f3 el funcionario. Agreg\u00f3 que \u201cno es un caso pol\u00edtico\u201d, ya que existen otras personas sobre quienes existe una recompensa por delitos como femicidio, violaci\u00f3n y otras agresiones sexuales, seg\u00fan explic\u00f3\u00a0Reimberg\u00a0en entrevista con el medio digital La Posta. Para ello, se manejan dos l\u00edneas telef\u00f3nicas: el 131 y el 1800-DELITO (335486). Santiago D\u00edaz Asque acusado por el delito de violaci\u00f3n.\u00a0(Foto: Ministerio del Interior ) CASO D\u00cdAZ ASQUE El legislador de la\u00a0Revoluci\u00f3n Ciudadana\u00a0fue denunciado por el padre de una\u00a0ni\u00f1a de 12 a\u00f1os\u00a0por el presunto delito de violaci\u00f3n. Seg\u00fan la denuncia, el crimen se habr\u00eda perpetrado durante una\u00a0fiesta en la casa del asamble\u00edsta hace unos dos meses. Tras conocerse la acusaci\u00f3n, el\u00a0corre\u00edsmo lo expuls\u00f3\u00a0de sus filas \u201ccomo una m\u00ednima muestra de coherencia\u201d. Mientras que \u00e9l rechaza los se\u00f1alamientos y asegura silenciar su\u00a0\u201cincorruptible\u201d\u00a0voz. El pasado mi\u00e9rcoles, la Fiscal\u00eda y la Polic\u00eda efectuaron una\u00a0serie de allanamientos en Quito\u00a0para recabar indicios sobre el acusado. Equipos de Criminal\u00edstica recabaron documentos, dispositivos electr\u00f3nicos, entre otros indicios. Adem\u00e1s, el Ministerio P\u00fablico dijo que receptar\u00e1 las versiones de varias personas. Sobre el asamble\u00edsta tambi\u00e9n pesa una\u00a0orden de localizaci\u00f3n con el objetivo de que comparezca a la audiencia de formulaci\u00f3n de cargos, seg\u00fan lo dispuso un juez de la Unidad Judicial de Violencia contra la Mujer y la Familia de Quito. Fuente: Vistazo<\/p>\n","protected":false},"author":1,"featured_media":24846,"comment_status":"open","ping_status":"open","sticky":false,"template":"","format":"standard","meta":{"footnotes":""},"categories":[268],"tags":[],"class_list":["post-24845","post","type-post","status-publish","format-standard","has-post-thumbnail","hentry","category-nacionales"],"_links":{"self":[{"href":"https:\/\/www.elamazonico.com\/portal\/wp-json\/wp\/v2\/posts\/24845","targetHints":{"allow":["GET"]}}],"collection":[{"href":"https:\/\/www.elamazonico.com\/portal\/wp-json\/wp\/v2\/posts"}],"about":[{"href":"https:\/\/www.elamazonico.com\/portal\/wp-json\/wp\/v2\/types\/post"}],"author":[{"embeddable":true,"href":"https:\/\/www.elamazonico.com\/portal\/wp-json\/wp\/v2\/users\/1"}],"replies":[{"embeddable":true,"href":"https:\/\/www.elamazonico.com\/portal\/wp-json\/wp\/v2\/comments?post=24845"}],"version-history":[{"count":1,"href":"https:\/\/www.elamazonico.com\/portal\/wp-json\/wp\/v2\/posts\/24845\/revisions"}],"predecessor-version":[{"id":24847,"href":"https:\/\/www.elamazonico.com\/portal\/wp-json\/wp\/v2\/posts\/24845\/revisions\/24847"}],"wp:featuredmedia":[{"embeddable":true,"href":"https:\/\/www.elamazonico.com\/portal\/wp-json\/wp\/v2\/media\/24846"}],"wp:attachment":[{"href":"https:\/\/www.elamazonico.com\/portal\/wp-json\/wp\/v2\/media?parent=24845"}],"wp:term":[{"taxonomy":"category","embeddable":true,"href":"https:\/\/www.elamazonico.com\/portal\/wp-json\/wp\/v2\/categories?post=24845"},{"taxonomy":"post_tag","embeddable":true,"href":"https:\/\/www.elamazonico.com\/portal\/wp-json\/wp\/v2\/tags?post=24845"}],"curies":[{"name":"wp","href":"https:\/\/api.w.org\/{rel}","templated":true}]}}