{"id":24835,"date":"2025-07-14T06:04:36","date_gmt":"2025-07-14T11:04:36","guid":{"rendered":"https:\/\/www.elamazonico.com\/portal\/?p=24835"},"modified":"2025-07-14T06:05:31","modified_gmt":"2025-07-14T11:05:31","slug":"moises-caicedo-hace-historia-es-el-segundo-ecuatoriano-en-coronarse-campeon-del-mundo","status":"publish","type":"post","link":"https:\/\/www.elamazonico.com\/portal\/moises-caicedo-hace-historia-es-el-segundo-ecuatoriano-en-coronarse-campeon-del-mundo\/","title":{"rendered":"Mois\u00e9s Caicedo hace historia: es el segundo ecuatoriano en coronarse campe\u00f3n del mundo"},"content":{"rendered":"<p>A sus 23 a\u00f1os,\u00a0<strong>Mois\u00e9s Caicedo<\/strong>\u00a0contin\u00faa escribiendo p\u00e1ginas doradas en la historia del f\u00fatbol ecuatoriano. Este domingo, tras conquistar el t\u00edtulo mundial de clubes con el\u00a0<strong>Chelsea FC<\/strong>, se convirti\u00f3 en el\u00a0<strong>segundo ecuatoriano<\/strong>\u00a0en lograr esta haza\u00f1a, m\u00e1s de seis d\u00e9cadas despu\u00e9s del legendario\u00a0<strong>Alberto Spencer<\/strong>.<\/p>\n<p>El mediocampista tricolor fue titular y capit\u00e1n en el contundente triunfo del Chelsea sobre el PSG por 3-0, en un partido que lo confirm\u00f3 como l\u00edder dentro y fuera del campo. Con esta victoria,\u00a0<strong>Caicedo suma ya cinco t\u00edtulos en su carrera profesional<\/strong>, una cifra notable para su edad.<\/p>\n<p>Su palmar\u00e9s comenz\u00f3 a forjarse en 2019, cuando gan\u00f3 la\u00a0<strong>Copa Sudamericana<\/strong>\u00a0con\u00a0<strong>Independiente del Valle<\/strong>, club que tambi\u00e9n le dio la gloria en la\u00a0<strong>Copa Libertadores Sub-20<\/strong>\u00a0en 2020 y el\u00a0<strong>campeonato nacional ecuatoriano<\/strong>\u00a0en 2021. En 2025, ya con los \u201cBlues\u201d, levant\u00f3 la\u00a0<strong>UEFA Conference League<\/strong>, su primer t\u00edtulo europeo. Y ahora, ha tocado la cima del mundo.<\/p>\n<p>El \u00faltimo ecuatoriano en haber logrado un t\u00edtulo mundial a nivel de clubes fue\u00a0<strong>Alberto Spencer<\/strong>, quien lo hizo con\u00a0<strong>Pe\u00f1arol de Uruguay<\/strong>, al conquistar la Copa Intercontinental. Desde entonces, ning\u00fan otro compatriota hab\u00eda alcanzado esa cima&#8230; hasta hoy.<\/p>\n<p>Con este logro,\u00a0<strong>\u201cNi\u00f1o Moi\u201d se consolida como referente de una generaci\u00f3n brillante<\/strong>, que comparte con figuras como\u00a0<strong>Piero Hincapi\u00e9<\/strong>,\u00a0<strong>Willian Pacho<\/strong>,\u00a0<strong>Kendry P\u00e1ez<\/strong>, entre otros talentos que ya destacan en las principales ligas del mundo.<\/p>\n<p>Caicedo no solo representa el presente del f\u00fatbol ecuatoriano, sino tambi\u00e9n un futuro lleno de ambiciones, t\u00edtulos y sue\u00f1os compartidos por todo un pa\u00eds. Fuente: El Tel\u00e9grafo<\/p>\n","protected":false},"excerpt":{"rendered":"<p>A sus 23 a\u00f1os,\u00a0Mois\u00e9s Caicedo\u00a0contin\u00faa escribiendo p\u00e1ginas doradas en la historia del f\u00fatbol ecuatoriano. Este domingo, tras conquistar el t\u00edtulo mundial de clubes con el\u00a0Chelsea FC, se convirti\u00f3 en el\u00a0segundo ecuatoriano\u00a0en lograr esta haza\u00f1a, m\u00e1s de seis d\u00e9cadas despu\u00e9s del legendario\u00a0Alberto Spencer. El mediocampista tricolor fue titular y capit\u00e1n en el contundente triunfo del Chelsea sobre el PSG por 3-0, en un partido que lo confirm\u00f3 como l\u00edder dentro y fuera del campo. Con esta victoria,\u00a0Caicedo suma ya cinco t\u00edtulos en su carrera profesional, una cifra notable para su edad. Su palmar\u00e9s comenz\u00f3 a forjarse en 2019, cuando gan\u00f3 la\u00a0Copa Sudamericana\u00a0con\u00a0Independiente del Valle, club que tambi\u00e9n le dio la gloria en la\u00a0Copa Libertadores Sub-20\u00a0en 2020 y el\u00a0campeonato nacional ecuatoriano\u00a0en 2021. En 2025, ya con los \u201cBlues\u201d, levant\u00f3 la\u00a0UEFA Conference League, su primer t\u00edtulo europeo. Y ahora, ha tocado la cima del mundo. El \u00faltimo ecuatoriano en haber logrado un t\u00edtulo mundial a nivel de clubes fue\u00a0Alberto Spencer, quien lo hizo con\u00a0Pe\u00f1arol de Uruguay, al conquistar la Copa Intercontinental. Desde entonces, ning\u00fan otro compatriota hab\u00eda alcanzado esa cima&#8230; hasta hoy. Con este logro,\u00a0\u201cNi\u00f1o Moi\u201d se consolida como referente de una generaci\u00f3n brillante, que comparte con figuras como\u00a0Piero Hincapi\u00e9,\u00a0Willian Pacho,\u00a0Kendry P\u00e1ez, entre otros talentos que ya destacan en las principales ligas del mundo. Caicedo no solo representa el presente del f\u00fatbol ecuatoriano, sino tambi\u00e9n un futuro lleno de ambiciones, t\u00edtulos y sue\u00f1os compartidos por todo un pa\u00eds. Fuente: El Tel\u00e9grafo<\/p>\n","protected":false},"author":1,"featured_media":24836,"comment_status":"open","ping_status":"open","sticky":false,"template":"","format":"standard","meta":{"footnotes":""},"categories":[6,268],"tags":[],"class_list":["post-24835","post","type-post","status-publish","format-standard","has-post-thumbnail","hentry","category-deportes","category-nacionales"],"_links":{"self":[{"href":"https:\/\/www.elamazonico.com\/portal\/wp-json\/wp\/v2\/posts\/24835","targetHints":{"allow":["GET"]}}],"collection":[{"href":"https:\/\/www.elamazonico.com\/portal\/wp-json\/wp\/v2\/posts"}],"about":[{"href":"https:\/\/www.elamazonico.com\/portal\/wp-json\/wp\/v2\/types\/post"}],"author":[{"embeddable":true,"href":"https:\/\/www.elamazonico.com\/portal\/wp-json\/wp\/v2\/users\/1"}],"replies":[{"embeddable":true,"href":"https:\/\/www.elamazonico.com\/portal\/wp-json\/wp\/v2\/comments?post=24835"}],"version-history":[{"count":2,"href":"https:\/\/www.elamazonico.com\/portal\/wp-json\/wp\/v2\/posts\/24835\/revisions"}],"predecessor-version":[{"id":24838,"href":"https:\/\/www.elamazonico.com\/portal\/wp-json\/wp\/v2\/posts\/24835\/revisions\/24838"}],"wp:featuredmedia":[{"embeddable":true,"href":"https:\/\/www.elamazonico.com\/portal\/wp-json\/wp\/v2\/media\/24836"}],"wp:attachment":[{"href":"https:\/\/www.elamazonico.com\/portal\/wp-json\/wp\/v2\/media?parent=24835"}],"wp:term":[{"taxonomy":"category","embeddable":true,"href":"https:\/\/www.elamazonico.com\/portal\/wp-json\/wp\/v2\/categories?post=24835"},{"taxonomy":"post_tag","embeddable":true,"href":"https:\/\/www.elamazonico.com\/portal\/wp-json\/wp\/v2\/tags?post=24835"}],"curies":[{"name":"wp","href":"https:\/\/api.w.org\/{rel}","templated":true}]}}