{"id":24816,"date":"2025-07-11T16:34:38","date_gmt":"2025-07-11T21:34:38","guid":{"rendered":"https:\/\/www.elamazonico.com\/portal\/?p=24816"},"modified":"2025-07-11T16:34:53","modified_gmt":"2025-07-11T21:34:53","slug":"alias-fito-acepto-su-extradicion-a-estados-unidos-cual-es-el-siguiente-paso","status":"publish","type":"post","link":"https:\/\/www.elamazonico.com\/portal\/alias-fito-acepto-su-extradicion-a-estados-unidos-cual-es-el-siguiente-paso\/","title":{"rendered":"Alias Fito acept\u00f3 su extradici\u00f3n a Estados Unidos: \u00bfCu\u00e1l es el siguiente paso?"},"content":{"rendered":"<div class=\"paragraph texto\">\n<p class=\"p_0\">Adolfo Mac\u00edas Villamar,\u00a0<b>alias\u00a0<a href=\"https:\/\/www.vistazo.com\/actualidad\/nacional\/2025-07-09-audiencia-extradicion-alias-fito-forma-telematica-viernes-11-de-julio-XA9714451\">&#8216;Fito&#8217;<\/a>,<\/b>\u00a0acept\u00f3 ser extraditado a\u00a0<b>Estados Unidos\u00a0<\/b>este viernes 11 de julio en un audiencia en la Corte Nacional de Justicia (CNJ).<\/p>\n<p class=\"p_1\">El l\u00edder de &#8216;Los Choneros&#8217; se conect\u00f3 v\u00eda zoom desde la c\u00e1rcel &#8216;La Roca&#8217; y en la diligencia<b>\u00a0solo le preguntaron si aceptaba o no la extradici\u00f3n<\/b>. A lo que \u00e9l contest\u00f3 que s\u00ed.<\/p>\n<p class=\"p_3\">El presidente de la Corte Nacional de Justicia de Ecuador,\u00a0<b>Jos\u00e9 Suing<\/b>, dijo que\u00a0<u><b>se emitir\u00e1 la decisi\u00f3n por escrito\u00a0<\/b><\/u>para que se concrete la llegada del reo en el plazo correspondiente y termin\u00f3 la audiencia.<\/p>\n<div class=\"Center2Display\">\n<div id=\"Center2\">El pasado <b>8 de julio de 2025<\/b>, Estados Unidos de Norteam\u00e9rica, a trav\u00e9s del canal diplom\u00e1tico, solicit\u00f3 formalmente la extradici\u00f3n de alias &#8216;Fito&#8217; por los delitos de asociaci\u00f3n il\u00edcita para la distribuci\u00f3n internacional de coca\u00edna, uso de armas de fuego en fomento del tr\u00e1fico de drogas, contrabandeo de mercader\u00eda y asociaci\u00f3n il\u00edcita para la compra de armas de fuego.<\/div>\n<\/div>\n<\/div>\n<div class=\"multimediaMacroWrapper img lateral\">\n<figure class=\"contentMedia art-img\">\n<div><img fetchpriority=\"high\" decoding=\"async\" class=\" lazyloaded\" title=\"Alias Fito durante la audiencia\" src=\"https:\/\/www.vistazo.com\/placeholder\/svg\/viewbox\/768x462\" sizes=\"100vw\" srcset=\"\/\/www.vistazo.com\/binrepository\/768x462\/0c0\/0d0\/none\/12727\/TNGP\/whatsapp-image-2025-07-11-at-14-56_2300775_20250711154253.jpg 768w,\/\/www.vistazo.com\/binrepository\/640x385\/0c0\/0d0\/none\/12727\/TNGS\/whatsapp-image-2025-07-11-at-14-56_2300775_20250711154253.jpg 640w,\/\/www.vistazo.com\/binrepository\/512x308\/0c0\/0d0\/none\/12727\/TNGT\/whatsapp-image-2025-07-11-at-14-56_2300775_20250711154253.jpg 512w,\/\/www.vistazo.com\/binrepository\/384x231\/0c0\/0d0\/none\/12727\/TNGV\/whatsapp-image-2025-07-11-at-14-56_2300775_20250711154253.jpg 384w,\/\/www.vistazo.com\/binrepository\/300x180\/0c0\/0d0\/none\/12727\/TNGQ\/whatsapp-image-2025-07-11-at-14-56_2300775_20250711154253.jpg 300w\" alt=\"$!Alias Fito durante la audiencia\" width=\"768\" height=\"462\" data-srcset=\"\/\/www.vistazo.com\/binrepository\/768x462\/0c0\/0d0\/none\/12727\/TNGP\/whatsapp-image-2025-07-11-at-14-56_2300775_20250711154253.jpg 768w,\/\/www.vistazo.com\/binrepository\/640x385\/0c0\/0d0\/none\/12727\/TNGS\/whatsapp-image-2025-07-11-at-14-56_2300775_20250711154253.jpg 640w,\/\/www.vistazo.com\/binrepository\/512x308\/0c0\/0d0\/none\/12727\/TNGT\/whatsapp-image-2025-07-11-at-14-56_2300775_20250711154253.jpg 512w,\/\/www.vistazo.com\/binrepository\/384x231\/0c0\/0d0\/none\/12727\/TNGV\/whatsapp-image-2025-07-11-at-14-56_2300775_20250711154253.jpg 384w,\/\/www.vistazo.com\/binrepository\/300x180\/0c0\/0d0\/none\/12727\/TNGQ\/whatsapp-image-2025-07-11-at-14-56_2300775_20250711154253.jpg 300w\" \/><\/div>\n<div class=\"cutline-byline\"><span class=\"cutline-text\">Alias Fito durante la audiencia\u00a0<\/span><span class=\"byline-image\">(Foto: captura )<\/span><\/div>\n<\/figure>\n<\/div>\n<h2 class=\"h2vistazo\">\u00bfCU\u00c1L ES EL SIGUIENTE PASO?<\/h2>\n<div class=\"paragraph texto\">\n<p class=\"p_5\">Como la respuesta fue positiva, se proceder\u00e1 con una\u00a0<b>extradici\u00f3n simplificada.<\/b>\u00a0Esto quiere decir que se omite otros pasos procesales, que se habr\u00edan efectuado en caso de rechazar la propuesta.<\/p>\n<p class=\"p_6\">As\u00ed que el pr\u00f3ximo paso es un\u00a0<b>an\u00e1lisis pormenorizado de cada uno de los requisitos<\/b>, as\u00ed como el cumplimiento de los principios b\u00e1sicos que regulan el procedimiento de extradici\u00f3n, garantizando de esta forma el debido proceso, seg\u00fan dice el Manual de Extradici\u00f3n de la CNJ.<\/p>\n<p class=\"p_7\">Posteriormente,\u00a0<b>Jos\u00e9 Suing<\/b>,<b>\u00a0<\/b>presidente de la Corte Nacional,<b>\u00a0<\/b>remitir\u00e1 la decisi\u00f3n al Ejecutivo para continuar con el proceso. Por lo que su extradici\u00f3n ser\u00eda en cuesti\u00f3n de d\u00edas.<\/p>\n<p class=\"p_8\">Mac\u00edas Villamar, quien era el delincuente m\u00e1s buscado de Ecuador, fue recapturado el pasado 25 de junio en el\u00a0<u><b>interior de una lujosa vivienda ubicada en la localidad de Montecristi<\/b><\/u>, provincia de Manab\u00ed, de donde es oriundo y en donde la organizaci\u00f3n criminal a su cargo surgi\u00f3 en 1998.<\/p>\n<p class=\"p_9\">Fito se encontraba en paradero desconocido desde que se escap\u00f3 de la C\u00e1rcel Regional de Guayaquil, a inicios de 2024, y su recaptura se hab\u00eda convertido en el objetivo m\u00e1s grande del presidente Noboa, en el marco de la \u00abguerra\u00bb contra las bandas de crimen organizado que declar\u00f3 tras la fuga del l\u00edder criminal. <strong>Fuente: Vistazo<\/strong><\/p>\n<\/div>\n","protected":false},"excerpt":{"rendered":"<p>Adolfo Mac\u00edas Villamar,\u00a0alias\u00a0&#8216;Fito&#8217;,\u00a0acept\u00f3 ser extraditado a\u00a0Estados Unidos\u00a0este viernes 11 de julio en un audiencia en la Corte Nacional de Justicia (CNJ). El l\u00edder de &#8216;Los Choneros&#8217; se conect\u00f3 v\u00eda zoom desde la c\u00e1rcel &#8216;La Roca&#8217; y en la diligencia\u00a0solo le preguntaron si aceptaba o no la extradici\u00f3n. A lo que \u00e9l contest\u00f3 que s\u00ed. El presidente de la Corte Nacional de Justicia de Ecuador,\u00a0Jos\u00e9 Suing, dijo que\u00a0se emitir\u00e1 la decisi\u00f3n por escrito\u00a0para que se concrete la llegada del reo en el plazo correspondiente y termin\u00f3 la audiencia. El pasado 8 de julio de 2025, Estados Unidos de Norteam\u00e9rica, a trav\u00e9s del canal diplom\u00e1tico, solicit\u00f3 formalmente la extradici\u00f3n de alias &#8216;Fito&#8217; por los delitos de asociaci\u00f3n il\u00edcita para la distribuci\u00f3n internacional de coca\u00edna, uso de armas de fuego en fomento del tr\u00e1fico de drogas, contrabandeo de mercader\u00eda y asociaci\u00f3n il\u00edcita para la compra de armas de fuego. Alias Fito durante la audiencia\u00a0(Foto: captura ) \u00bfCU\u00c1L ES EL SIGUIENTE PASO? Como la respuesta fue positiva, se proceder\u00e1 con una\u00a0extradici\u00f3n simplificada.\u00a0Esto quiere decir que se omite otros pasos procesales, que se habr\u00edan efectuado en caso de rechazar la propuesta. As\u00ed que el pr\u00f3ximo paso es un\u00a0an\u00e1lisis pormenorizado de cada uno de los requisitos, as\u00ed como el cumplimiento de los principios b\u00e1sicos que regulan el procedimiento de extradici\u00f3n, garantizando de esta forma el debido proceso, seg\u00fan dice el Manual de Extradici\u00f3n de la CNJ. Posteriormente,\u00a0Jos\u00e9 Suing,\u00a0presidente de la Corte Nacional,\u00a0remitir\u00e1 la decisi\u00f3n al Ejecutivo para continuar con el proceso. Por lo que su extradici\u00f3n ser\u00eda en cuesti\u00f3n de d\u00edas. Mac\u00edas Villamar, quien era el delincuente m\u00e1s buscado de Ecuador, fue recapturado el pasado 25 de junio en el\u00a0interior de una lujosa vivienda ubicada en la localidad de Montecristi, provincia de Manab\u00ed, de donde es oriundo y en donde la organizaci\u00f3n criminal a su cargo surgi\u00f3 en 1998. Fito se encontraba en paradero desconocido desde que se escap\u00f3 de la C\u00e1rcel Regional de Guayaquil, a inicios de 2024, y su recaptura se hab\u00eda convertido en el objetivo m\u00e1s grande del presidente Noboa, en el marco de la \u00abguerra\u00bb contra las bandas de crimen organizado que declar\u00f3 tras la fuga del l\u00edder criminal. Fuente: Vistazo<\/p>\n","protected":false},"author":1,"featured_media":24817,"comment_status":"open","ping_status":"open","sticky":false,"template":"","format":"standard","meta":{"footnotes":""},"categories":[268],"tags":[],"class_list":["post-24816","post","type-post","status-publish","format-standard","has-post-thumbnail","hentry","category-nacionales"],"_links":{"self":[{"href":"https:\/\/www.elamazonico.com\/portal\/wp-json\/wp\/v2\/posts\/24816","targetHints":{"allow":["GET"]}}],"collection":[{"href":"https:\/\/www.elamazonico.com\/portal\/wp-json\/wp\/v2\/posts"}],"about":[{"href":"https:\/\/www.elamazonico.com\/portal\/wp-json\/wp\/v2\/types\/post"}],"author":[{"embeddable":true,"href":"https:\/\/www.elamazonico.com\/portal\/wp-json\/wp\/v2\/users\/1"}],"replies":[{"embeddable":true,"href":"https:\/\/www.elamazonico.com\/portal\/wp-json\/wp\/v2\/comments?post=24816"}],"version-history":[{"count":1,"href":"https:\/\/www.elamazonico.com\/portal\/wp-json\/wp\/v2\/posts\/24816\/revisions"}],"predecessor-version":[{"id":24818,"href":"https:\/\/www.elamazonico.com\/portal\/wp-json\/wp\/v2\/posts\/24816\/revisions\/24818"}],"wp:featuredmedia":[{"embeddable":true,"href":"https:\/\/www.elamazonico.com\/portal\/wp-json\/wp\/v2\/media\/24817"}],"wp:attachment":[{"href":"https:\/\/www.elamazonico.com\/portal\/wp-json\/wp\/v2\/media?parent=24816"}],"wp:term":[{"taxonomy":"category","embeddable":true,"href":"https:\/\/www.elamazonico.com\/portal\/wp-json\/wp\/v2\/categories?post=24816"},{"taxonomy":"post_tag","embeddable":true,"href":"https:\/\/www.elamazonico.com\/portal\/wp-json\/wp\/v2\/tags?post=24816"}],"curies":[{"name":"wp","href":"https:\/\/api.w.org\/{rel}","templated":true}]}}