{"id":24812,"date":"2025-07-11T15:09:14","date_gmt":"2025-07-11T20:09:14","guid":{"rendered":"https:\/\/www.elamazonico.com\/portal\/?p=24812"},"modified":"2025-07-11T15:09:14","modified_gmt":"2025-07-11T20:09:14","slug":"daniel-noboa-propone-castracion-quimica-y-prision-para-violadores","status":"publish","type":"post","link":"https:\/\/www.elamazonico.com\/portal\/daniel-noboa-propone-castracion-quimica-y-prision-para-violadores\/","title":{"rendered":"Daniel Noboa propone castraci\u00f3n qu\u00edmica y prisi\u00f3n para violadores"},"content":{"rendered":"<p>El presidente\u00a0<strong>Daniel Noboa<\/strong>\u00a0propuso endurecer las sanciones para los delitos sexuales, planteando\u00a0<strong>castraci\u00f3n qu\u00edmica y pena de c\u00e1rcel para violadores<\/strong>, mediante un proyecto de reforma constitucional que fue enviado este viernes a la Corte Constitucional.<\/p>\n<p>\u201c<strong>Los violadores merecen la castraci\u00f3n qu\u00edmica y pagar con la c\u00e1rcel<\/strong>\u201d, escribi\u00f3 el Mandatario en sus redes sociales, y agreg\u00f3: \u201c<strong>Pensaron que el poder los iba a proteger. Como antes, como siempre<\/strong>\u201d, en lo que ser\u00eda una referencia indirecta al caso del asamble\u00edsta de la Revoluci\u00f3n Ciudadana,\u00a0<strong>Santiago D\u00edaz<\/strong>, denunciado por presunta violaci\u00f3n a una menor.<\/p>\n<p>Aunque el tr\u00e1mite de esta reforma inicia en la Corte Constitucional, Noboa adelant\u00f3 que ser\u00e1 la Asamblea Nacional la que deber\u00e1 pronunciarse y, en sus palabras, \u201c<strong>demostrar qui\u00e9nes est\u00e1n verdaderamente con las v\u00edctimas y qui\u00e9nes est\u00e1n dispuestos a proteger a los abusadores<\/strong>\u201d.<\/p>\n<p>Actualmente, el art\u00edculo 171, numeral 3, del\u00a0<strong>C\u00f3digo Org\u00e1nico Integral Penal (COIP)<\/strong>\u00a0establece penas de 19 a 22 a\u00f1os para delitos sexuales cuando la v\u00edctima es menor de 14 a\u00f1os. La propuesta del Ejecutivo busca incorporar un nuevo componente punitivo mediante la castraci\u00f3n qu\u00edmica, un m\u00e9todo aplicado en otros pa\u00edses bajo fuertes controversias legales y \u00e9ticas.<\/p>\n","protected":false},"excerpt":{"rendered":"<p>El presidente\u00a0Daniel Noboa\u00a0propuso endurecer las sanciones para los delitos sexuales, planteando\u00a0castraci\u00f3n qu\u00edmica y pena de c\u00e1rcel para violadores, mediante un proyecto de reforma constitucional que fue enviado este viernes a la Corte Constitucional. \u201cLos violadores merecen la castraci\u00f3n qu\u00edmica y pagar con la c\u00e1rcel\u201d, escribi\u00f3 el Mandatario en sus redes sociales, y agreg\u00f3: \u201cPensaron que el poder los iba a proteger. Como antes, como siempre\u201d, en lo que ser\u00eda una referencia indirecta al caso del asamble\u00edsta de la Revoluci\u00f3n Ciudadana,\u00a0Santiago D\u00edaz, denunciado por presunta violaci\u00f3n a una menor. Aunque el tr\u00e1mite de esta reforma inicia en la Corte Constitucional, Noboa adelant\u00f3 que ser\u00e1 la Asamblea Nacional la que deber\u00e1 pronunciarse y, en sus palabras, \u201cdemostrar qui\u00e9nes est\u00e1n verdaderamente con las v\u00edctimas y qui\u00e9nes est\u00e1n dispuestos a proteger a los abusadores\u201d. Actualmente, el art\u00edculo 171, numeral 3, del\u00a0C\u00f3digo Org\u00e1nico Integral Penal (COIP)\u00a0establece penas de 19 a 22 a\u00f1os para delitos sexuales cuando la v\u00edctima es menor de 14 a\u00f1os. La propuesta del Ejecutivo busca incorporar un nuevo componente punitivo mediante la castraci\u00f3n qu\u00edmica, un m\u00e9todo aplicado en otros pa\u00edses bajo fuertes controversias legales y \u00e9ticas.<\/p>\n","protected":false},"author":1,"featured_media":24813,"comment_status":"open","ping_status":"open","sticky":false,"template":"","format":"standard","meta":{"footnotes":""},"categories":[268],"tags":[],"class_list":["post-24812","post","type-post","status-publish","format-standard","has-post-thumbnail","hentry","category-nacionales"],"_links":{"self":[{"href":"https:\/\/www.elamazonico.com\/portal\/wp-json\/wp\/v2\/posts\/24812","targetHints":{"allow":["GET"]}}],"collection":[{"href":"https:\/\/www.elamazonico.com\/portal\/wp-json\/wp\/v2\/posts"}],"about":[{"href":"https:\/\/www.elamazonico.com\/portal\/wp-json\/wp\/v2\/types\/post"}],"author":[{"embeddable":true,"href":"https:\/\/www.elamazonico.com\/portal\/wp-json\/wp\/v2\/users\/1"}],"replies":[{"embeddable":true,"href":"https:\/\/www.elamazonico.com\/portal\/wp-json\/wp\/v2\/comments?post=24812"}],"version-history":[{"count":1,"href":"https:\/\/www.elamazonico.com\/portal\/wp-json\/wp\/v2\/posts\/24812\/revisions"}],"predecessor-version":[{"id":24814,"href":"https:\/\/www.elamazonico.com\/portal\/wp-json\/wp\/v2\/posts\/24812\/revisions\/24814"}],"wp:featuredmedia":[{"embeddable":true,"href":"https:\/\/www.elamazonico.com\/portal\/wp-json\/wp\/v2\/media\/24813"}],"wp:attachment":[{"href":"https:\/\/www.elamazonico.com\/portal\/wp-json\/wp\/v2\/media?parent=24812"}],"wp:term":[{"taxonomy":"category","embeddable":true,"href":"https:\/\/www.elamazonico.com\/portal\/wp-json\/wp\/v2\/categories?post=24812"},{"taxonomy":"post_tag","embeddable":true,"href":"https:\/\/www.elamazonico.com\/portal\/wp-json\/wp\/v2\/tags?post=24812"}],"curies":[{"name":"wp","href":"https:\/\/api.w.org\/{rel}","templated":true}]}}