{"id":24795,"date":"2025-07-11T04:40:44","date_gmt":"2025-07-11T09:40:44","guid":{"rendered":"https:\/\/www.elamazonico.com\/portal\/?p=24795"},"modified":"2025-07-10T19:43:38","modified_gmt":"2025-07-11T00:43:38","slug":"unidad-educativa-12-de-febrero-celebra-promocion-2019-2025","status":"publish","type":"post","link":"https:\/\/www.elamazonico.com\/portal\/unidad-educativa-12-de-febrero-celebra-promocion-2019-2025\/","title":{"rendered":"Unidad Educativa 12 de Febrero celebra promoci\u00f3n 2019\u20132025"},"content":{"rendered":"<p>El pasado mi\u00e9rcoles 9 de julio, la Unidad Educativa 12 de Febrero, ubicada en el cant\u00f3n Zamora, vivi\u00f3 una jornada solemne y emotiva al celebrar la ceremonia de incorporaci\u00f3n de 173 nuevos bachilleres de la Rep\u00fablica del Ecuador, correspondientes a la promoci\u00f3n 2019\u20132025, del a\u00f1o lectivo 2024\u20132025.<\/p>\n<p>El acto acad\u00e9mico estuvo presidido por autoridades institucionales, docentes, estudiantes y padres de familia, y se desarroll\u00f3 bajo el lema de la inclusi\u00f3n, la equidad y la excelencia educativa. Durante el evento, se rindi\u00f3 un homenaje especial a tres estudiantes con necesidades educativas espec\u00edficas (NEE), destacando su esfuerzo, constancia y superaci\u00f3n, como un claro ejemplo del compromiso de la instituci\u00f3n con una educaci\u00f3n para todos, sin distinci\u00f3n de capacidades.<\/p>\n<p>Asimismo, se reconoci\u00f3 a la estudiante Danna Marcela Rodr\u00edguez, quien recibi\u00f3 la distinci\u00f3n como mejor egresada de la promoci\u00f3n, gracias a su destacado rendimiento acad\u00e9mico y su ejemplo de liderazgo dentro de la comunidad educativa. Adem\u00e1s, se entregaron menciones honor\u00edficas a los estudiantes que fueron exonerados del examen de grado al alcanzar un promedio igual o superior a 9\/10, en reconocimiento a su esfuerzo y constancia a lo largo de su formaci\u00f3n escolar.<\/p>\n<p>La ceremonia cont\u00f3 con la presencia del director distrital de Educaci\u00f3n del Distrito 19D01 Yacuambi \u2013 Zamora, Medardo Ortega, quien, en su intervenci\u00f3n, felicit\u00f3 a los graduados, a sus familias y al equipo docente por el acompa\u00f1amiento brindado durante el proceso educativo. Ortega reafirm\u00f3 el compromiso del Ministerio de Educaci\u00f3n con la promoci\u00f3n de una educaci\u00f3n de calidad, inclusiva y con enfoque de derechos, alineada a los principios del sistema educativo ecuatoriano.<\/p>\n","protected":false},"excerpt":{"rendered":"<p>El pasado mi\u00e9rcoles 9 de julio, la Unidad Educativa 12 de Febrero, ubicada en el cant\u00f3n Zamora, vivi\u00f3 una jornada solemne y emotiva al celebrar la ceremonia de incorporaci\u00f3n de 173 nuevos bachilleres de la Rep\u00fablica del Ecuador, correspondientes a la promoci\u00f3n 2019\u20132025, del a\u00f1o lectivo 2024\u20132025. El acto acad\u00e9mico estuvo presidido por autoridades institucionales, docentes, estudiantes y padres de familia, y se desarroll\u00f3 bajo el lema de la inclusi\u00f3n, la equidad y la excelencia educativa. Durante el evento, se rindi\u00f3 un homenaje especial a tres estudiantes con necesidades educativas espec\u00edficas (NEE), destacando su esfuerzo, constancia y superaci\u00f3n, como un claro ejemplo del compromiso de la instituci\u00f3n con una educaci\u00f3n para todos, sin distinci\u00f3n de capacidades. Asimismo, se reconoci\u00f3 a la estudiante Danna Marcela Rodr\u00edguez, quien recibi\u00f3 la distinci\u00f3n como mejor egresada de la promoci\u00f3n, gracias a su destacado rendimiento acad\u00e9mico y su ejemplo de liderazgo dentro de la comunidad educativa. Adem\u00e1s, se entregaron menciones honor\u00edficas a los estudiantes que fueron exonerados del examen de grado al alcanzar un promedio igual o superior a 9\/10, en reconocimiento a su esfuerzo y constancia a lo largo de su formaci\u00f3n escolar. La ceremonia cont\u00f3 con la presencia del director distrital de Educaci\u00f3n del Distrito 19D01 Yacuambi \u2013 Zamora, Medardo Ortega, quien, en su intervenci\u00f3n, felicit\u00f3 a los graduados, a sus familias y al equipo docente por el acompa\u00f1amiento brindado durante el proceso educativo. Ortega reafirm\u00f3 el compromiso del Ministerio de Educaci\u00f3n con la promoci\u00f3n de una educaci\u00f3n de calidad, inclusiva y con enfoque de derechos, alineada a los principios del sistema educativo ecuatoriano.<\/p>\n","protected":false},"author":1,"featured_media":24796,"comment_status":"open","ping_status":"open","sticky":false,"template":"","format":"standard","meta":{"footnotes":""},"categories":[243],"tags":[],"class_list":["post-24795","post","type-post","status-publish","format-standard","has-post-thumbnail","hentry","category-noticias-zamora"],"_links":{"self":[{"href":"https:\/\/www.elamazonico.com\/portal\/wp-json\/wp\/v2\/posts\/24795","targetHints":{"allow":["GET"]}}],"collection":[{"href":"https:\/\/www.elamazonico.com\/portal\/wp-json\/wp\/v2\/posts"}],"about":[{"href":"https:\/\/www.elamazonico.com\/portal\/wp-json\/wp\/v2\/types\/post"}],"author":[{"embeddable":true,"href":"https:\/\/www.elamazonico.com\/portal\/wp-json\/wp\/v2\/users\/1"}],"replies":[{"embeddable":true,"href":"https:\/\/www.elamazonico.com\/portal\/wp-json\/wp\/v2\/comments?post=24795"}],"version-history":[{"count":1,"href":"https:\/\/www.elamazonico.com\/portal\/wp-json\/wp\/v2\/posts\/24795\/revisions"}],"predecessor-version":[{"id":24797,"href":"https:\/\/www.elamazonico.com\/portal\/wp-json\/wp\/v2\/posts\/24795\/revisions\/24797"}],"wp:featuredmedia":[{"embeddable":true,"href":"https:\/\/www.elamazonico.com\/portal\/wp-json\/wp\/v2\/media\/24796"}],"wp:attachment":[{"href":"https:\/\/www.elamazonico.com\/portal\/wp-json\/wp\/v2\/media?parent=24795"}],"wp:term":[{"taxonomy":"category","embeddable":true,"href":"https:\/\/www.elamazonico.com\/portal\/wp-json\/wp\/v2\/categories?post=24795"},{"taxonomy":"post_tag","embeddable":true,"href":"https:\/\/www.elamazonico.com\/portal\/wp-json\/wp\/v2\/tags?post=24795"}],"curies":[{"name":"wp","href":"https:\/\/api.w.org\/{rel}","templated":true}]}}