{"id":24789,"date":"2025-07-11T04:05:01","date_gmt":"2025-07-11T09:05:01","guid":{"rendered":"https:\/\/www.elamazonico.com\/portal\/?p=24789"},"modified":"2025-07-10T19:35:39","modified_gmt":"2025-07-11T00:35:39","slug":"unidad-educativa-fiscomisional-san-francisco-de-asis-incorporo-232-bachilleres","status":"publish","type":"post","link":"https:\/\/www.elamazonico.com\/portal\/unidad-educativa-fiscomisional-san-francisco-de-asis-incorporo-232-bachilleres\/","title":{"rendered":"Unidad Educativa Fiscomisional San Francisco de As\u00eds incorpor\u00f3 232 bachilleres"},"content":{"rendered":"<p>El pasado mi\u00e9rcoles 9 de julio de 2025 se desarroll\u00f3, la solemne ceremonia de incorporaci\u00f3n de los estudiantes de tercero de bachillerato de la Unidad Educativa Fiscomisional San Francisco de As\u00eds, del cant\u00f3n Zamora. El evento fue presidido por la rectora del plantel, M\u00f3nica Elena Songor, y congreg\u00f3 a directivos, docentes, padres de familia y estudiantes, reafirmando el compromiso institucional con la formaci\u00f3n integral de la juventud zamorana.<\/p>\n<p>En esta jornada se graduaron 232 estudiantes, pertenecientes tanto al Bachillerato General Unificado como al Bachillerato T\u00e9cnico en la figura profesional de Tecnolog\u00edas de la Informaci\u00f3n y la Comunicaci\u00f3n (TIC). Este logro representa no solo el cierre de una importante etapa acad\u00e9mica, sino tambi\u00e9n el inicio de nuevos desaf\u00edos y oportunidades en la vida de los j\u00f3venes.<\/p>\n<p>El acto de incorporaci\u00f3n inici\u00f3 a las 08:30 con una eucarist\u00eda, celebrada como expresi\u00f3n de gratitud y trascendencia espiritual, recordando, en palabras de la rectora que, \u201ctodo bien, la vida, la salud, la inteligencia y el conocimiento, provienen de Dios\u201d. Posteriormente, a las 10:00 am, se dio paso al acto protocolario en la Feria Libre del cant\u00f3n, que se extendi\u00f3 por aproximadamente tres horas y en el cual se oficializ\u00f3 la incorporaci\u00f3n de los nuevos bachilleres.<\/p>\n<p>La Unidad Educativa Fiscomisional San Francisco de As\u00eds, bajo su identidad de ser \u201cvisi\u00f3n e iglesia\u201d y de integrar lo espiritual con lo estatal, reafirm\u00f3 en este evento su enfoque formativo centrado en valores, educaci\u00f3n de calidad y sentido comunitario.<\/p>\n<p>Durante la ceremonia, se entregaron reconocimientos especiales a los estudiantes que se destacaron no solo por su rendimiento acad\u00e9mico, sino tambi\u00e9n por su participaci\u00f3n en diversas disciplinas extracurriculares, como deportes, arte, oratoria, m\u00fasica y liderazgo estudiantil.<\/p>\n<p>Entre los galardonados m\u00e1s destacados se mencion\u00f3 a Mar\u00eda Eugenia Vicente Romero, quien fue reconocida como mejor egresada y sobresali\u00f3 por su participaci\u00f3n en concursos de oratoria durante su trayectoria escolar. Asimismo, se destac\u00f3 a Jordana Torres, quien obtuvo el primer lugar en un concurso intercolegial de canci\u00f3n en ingl\u00e9s.<\/p>\n<p>En el \u00e1mbito deportivo, los estudiantes han representado a la instituci\u00f3n en m\u00faltiples torneos intercolegiales, obteniendo campeonatos estudiantiles en baloncesto, especialmente en la categor\u00eda Sub 14, lo que les ha valido la clasificaci\u00f3n a competencias de car\u00e1cter nacional, previstas para septiembre de 2025. La instituci\u00f3n tambi\u00e9n reconoci\u00f3 el esfuerzo de la banda musical, el grupo de bastoneras y los estudiantes que contribuyeron activamente al prestigio del colegio en distintas \u00e1reas.<\/p>\n<p>Durante su intervenci\u00f3n, la rectora M\u00f3nica Elena Songor expres\u00f3 su profundo agradecimiento a las familias que confiaron en el proyecto educativo de la instituci\u00f3n: \u201cLos padres de familia no solo nos han confiado la formaci\u00f3n acad\u00e9mica de sus hijos, sino tambi\u00e9n han permitido que potenciemos en ellos habilidades, valores y talentos que complementan su desarrollo integral. Agradecemos por su acompa\u00f1amiento y compromiso constante.\u201d<\/p>\n<p>La rectora concluy\u00f3 su intervenci\u00f3n agradeciendo a Dios, al equipo docente, a las familias y a los propios estudiantes: \u201cComo instituci\u00f3n fiscomisional somos parte de una gran familia con virtudes y fortalezas que deben salir a flote. No podemos enterrar los dones que Dios nos da; debemos cultivarlos y compartirlos.\u201d<\/p>\n<p>Con este acto, se ratifica la misi\u00f3n institucional de educar con amor, fe y excelencia, formando no solo bachilleres competentes, sino ciudadanos comprometidos con la sociedad y con el bien com\u00fan.<\/p>\n","protected":false},"excerpt":{"rendered":"<p>El pasado mi\u00e9rcoles 9 de julio de 2025 se desarroll\u00f3, la solemne ceremonia de incorporaci\u00f3n de los estudiantes de tercero de bachillerato de la Unidad Educativa Fiscomisional San Francisco de As\u00eds, del cant\u00f3n Zamora. El evento fue presidido por la rectora del plantel, M\u00f3nica Elena Songor, y congreg\u00f3 a directivos, docentes, padres de familia y estudiantes, reafirmando el compromiso institucional con la formaci\u00f3n integral de la juventud zamorana. En esta jornada se graduaron 232 estudiantes, pertenecientes tanto al Bachillerato General Unificado como al Bachillerato T\u00e9cnico en la figura profesional de Tecnolog\u00edas de la Informaci\u00f3n y la Comunicaci\u00f3n (TIC). Este logro representa no solo el cierre de una importante etapa acad\u00e9mica, sino tambi\u00e9n el inicio de nuevos desaf\u00edos y oportunidades en la vida de los j\u00f3venes. El acto de incorporaci\u00f3n inici\u00f3 a las 08:30 con una eucarist\u00eda, celebrada como expresi\u00f3n de gratitud y trascendencia espiritual, recordando, en palabras de la rectora que, \u201ctodo bien, la vida, la salud, la inteligencia y el conocimiento, provienen de Dios\u201d. Posteriormente, a las 10:00 am, se dio paso al acto protocolario en la Feria Libre del cant\u00f3n, que se extendi\u00f3 por aproximadamente tres horas y en el cual se oficializ\u00f3 la incorporaci\u00f3n de los nuevos bachilleres. La Unidad Educativa Fiscomisional San Francisco de As\u00eds, bajo su identidad de ser \u201cvisi\u00f3n e iglesia\u201d y de integrar lo espiritual con lo estatal, reafirm\u00f3 en este evento su enfoque formativo centrado en valores, educaci\u00f3n de calidad y sentido comunitario. Durante la ceremonia, se entregaron reconocimientos especiales a los estudiantes que se destacaron no solo por su rendimiento acad\u00e9mico, sino tambi\u00e9n por su participaci\u00f3n en diversas disciplinas extracurriculares, como deportes, arte, oratoria, m\u00fasica y liderazgo estudiantil. Entre los galardonados m\u00e1s destacados se mencion\u00f3 a Mar\u00eda Eugenia Vicente Romero, quien fue reconocida como mejor egresada y sobresali\u00f3 por su participaci\u00f3n en concursos de oratoria durante su trayectoria escolar. Asimismo, se destac\u00f3 a Jordana Torres, quien obtuvo el primer lugar en un concurso intercolegial de canci\u00f3n en ingl\u00e9s. En el \u00e1mbito deportivo, los estudiantes han representado a la instituci\u00f3n en m\u00faltiples torneos intercolegiales, obteniendo campeonatos estudiantiles en baloncesto, especialmente en la categor\u00eda Sub 14, lo que les ha valido la clasificaci\u00f3n a competencias de car\u00e1cter nacional, previstas para septiembre de 2025. La instituci\u00f3n tambi\u00e9n reconoci\u00f3 el esfuerzo de la banda musical, el grupo de bastoneras y los estudiantes que contribuyeron activamente al prestigio del colegio en distintas \u00e1reas. Durante su intervenci\u00f3n, la rectora M\u00f3nica Elena Songor expres\u00f3 su profundo agradecimiento a las familias que confiaron en el proyecto educativo de la instituci\u00f3n: \u201cLos padres de familia no solo nos han confiado la formaci\u00f3n acad\u00e9mica de sus hijos, sino tambi\u00e9n han permitido que potenciemos en ellos habilidades, valores y talentos que complementan su desarrollo integral. Agradecemos por su acompa\u00f1amiento y compromiso constante.\u201d La rectora concluy\u00f3 su intervenci\u00f3n agradeciendo a Dios, al equipo docente, a las familias y a los propios estudiantes: \u201cComo instituci\u00f3n fiscomisional somos parte de una gran familia con virtudes y fortalezas que deben salir a flote. No podemos enterrar los dones que Dios nos da; debemos cultivarlos y compartirlos.\u201d Con este acto, se ratifica la misi\u00f3n institucional de educar con amor, fe y excelencia, formando no solo bachilleres competentes, sino ciudadanos comprometidos con la sociedad y con el bien com\u00fan.<\/p>\n","protected":false},"author":1,"featured_media":24790,"comment_status":"open","ping_status":"open","sticky":false,"template":"","format":"standard","meta":{"footnotes":""},"categories":[243],"tags":[],"class_list":["post-24789","post","type-post","status-publish","format-standard","has-post-thumbnail","hentry","category-noticias-zamora"],"_links":{"self":[{"href":"https:\/\/www.elamazonico.com\/portal\/wp-json\/wp\/v2\/posts\/24789","targetHints":{"allow":["GET"]}}],"collection":[{"href":"https:\/\/www.elamazonico.com\/portal\/wp-json\/wp\/v2\/posts"}],"about":[{"href":"https:\/\/www.elamazonico.com\/portal\/wp-json\/wp\/v2\/types\/post"}],"author":[{"embeddable":true,"href":"https:\/\/www.elamazonico.com\/portal\/wp-json\/wp\/v2\/users\/1"}],"replies":[{"embeddable":true,"href":"https:\/\/www.elamazonico.com\/portal\/wp-json\/wp\/v2\/comments?post=24789"}],"version-history":[{"count":1,"href":"https:\/\/www.elamazonico.com\/portal\/wp-json\/wp\/v2\/posts\/24789\/revisions"}],"predecessor-version":[{"id":24791,"href":"https:\/\/www.elamazonico.com\/portal\/wp-json\/wp\/v2\/posts\/24789\/revisions\/24791"}],"wp:featuredmedia":[{"embeddable":true,"href":"https:\/\/www.elamazonico.com\/portal\/wp-json\/wp\/v2\/media\/24790"}],"wp:attachment":[{"href":"https:\/\/www.elamazonico.com\/portal\/wp-json\/wp\/v2\/media?parent=24789"}],"wp:term":[{"taxonomy":"category","embeddable":true,"href":"https:\/\/www.elamazonico.com\/portal\/wp-json\/wp\/v2\/categories?post=24789"},{"taxonomy":"post_tag","embeddable":true,"href":"https:\/\/www.elamazonico.com\/portal\/wp-json\/wp\/v2\/tags?post=24789"}],"curies":[{"name":"wp","href":"https:\/\/api.w.org\/{rel}","templated":true}]}}