{"id":24785,"date":"2025-07-10T19:11:56","date_gmt":"2025-07-11T00:11:56","guid":{"rendered":"https:\/\/www.elamazonico.com\/portal\/?p=24785"},"modified":"2025-07-10T19:12:47","modified_gmt":"2025-07-11T00:12:47","slug":"asamblea-nacional-aprueba-la-ley-de-areas-protegidas-impulsada-por-daniel-noboa","status":"publish","type":"post","link":"https:\/\/www.elamazonico.com\/portal\/asamblea-nacional-aprueba-la-ley-de-areas-protegidas-impulsada-por-daniel-noboa\/","title":{"rendered":"La Ley de \u00c1reas Protegidas, impulsada por Daniel Noboa fue aprobada por la Asamblea Nacional"},"content":{"rendered":"<div class=\"paragraph texto\">\n<p class=\"p_0\"><b>Con 80 votos a favor, el Pleno de la <a href=\"https:\/\/www.vistazo.com\/cronologia\/-\/meta\/asamblea-nacional\">Asamblea Nacional<\/a>\u00a0aprob\u00f3 este jueves el proyecto de Ley Org\u00e1nica para el Fortalecimiento de las \u00c1reas Protegidas, iniciativa calificada como urgente en materia econ\u00f3mica e impulsada por el presidente Daniel Noboa.<\/b><\/p>\n<p class=\"p_2\">La sesi\u00f3n inici\u00f3 a las 14h30 y, al momento de la votaci\u00f3n, se registraron 1<b>09 legisladores presentes<\/b>. De ellos, 23 votaron en contra y 6 se abstuvieron, mientras que 43 asamble\u00edstas estuvieron ausentes.<\/p>\n<\/div>\n<div class=\"multimediaMacroWrapper img lateral\">\n<figure class=\"contentMedia art-img\">\n<div><img fetchpriority=\"high\" decoding=\"async\" class=\" lazyloaded\" title=\"Asamblea Nacional aprueba la Ley de \u00c1reas Protegidas, impulsada por Daniel Noboa\" src=\"https:\/\/www.vistazo.com\/placeholder\/svg\/viewbox\/768x480\" sizes=\"100vw\" srcset=\"\/\/www.vistazo.com\/binrepository\/768x480\/0c0\/0d0\/none\/12727\/TRUN\/gvh096jw4aa0ghf-1_2298966_20250710181128.jpg 768w,\/\/www.vistazo.com\/binrepository\/640x400\/0c0\/0d0\/none\/12727\/TRUQ\/gvh096jw4aa0ghf-1_2298966_20250710181128.jpg 640w,\/\/www.vistazo.com\/binrepository\/512x320\/0c0\/0d0\/none\/12727\/TRUP\/gvh096jw4aa0ghf-1_2298966_20250710181128.jpg 512w,\/\/www.vistazo.com\/binrepository\/384x240\/0c0\/0d0\/none\/12727\/TRUJ\/gvh096jw4aa0ghf-1_2298966_20250710181128.jpg 384w,\/\/www.vistazo.com\/binrepository\/300x188\/0c0\/0d0\/none\/12727\/TRUU\/gvh096jw4aa0ghf-1_2298966_20250710181128.jpg 300w\" alt=\"$!Asamblea Nacional aprueba la Ley de \u00c1reas Protegidas, impulsada por Daniel Noboa\" width=\"768\" height=\"480\" data-srcset=\"\/\/www.vistazo.com\/binrepository\/768x480\/0c0\/0d0\/none\/12727\/TRUN\/gvh096jw4aa0ghf-1_2298966_20250710181128.jpg 768w,\/\/www.vistazo.com\/binrepository\/640x400\/0c0\/0d0\/none\/12727\/TRUQ\/gvh096jw4aa0ghf-1_2298966_20250710181128.jpg 640w,\/\/www.vistazo.com\/binrepository\/512x320\/0c0\/0d0\/none\/12727\/TRUP\/gvh096jw4aa0ghf-1_2298966_20250710181128.jpg 512w,\/\/www.vistazo.com\/binrepository\/384x240\/0c0\/0d0\/none\/12727\/TRUJ\/gvh096jw4aa0ghf-1_2298966_20250710181128.jpg 384w,\/\/www.vistazo.com\/binrepository\/300x188\/0c0\/0d0\/none\/12727\/TRUU\/gvh096jw4aa0ghf-1_2298966_20250710181128.jpg 300w\" \/><\/div>\n<\/figure>\n<\/div>\n<div class=\"paragraph texto\">\n<p class=\"p_3\">El respaldo provino del bloque oficialista<b>\u00a0Acci\u00f3n Democr\u00e1tica Nacional (ADN)<\/b>\u00a0y sus aliados, quienes apoyaron el proyecto como parte de la agenda del Ejecutivo.<\/p>\n<\/div>\n<div class=\"paragraph texto\">\n<p class=\"p_4\">El\u00a0<b>Proyecto de Ley sobre \u00c1reas Protegidas\u00a0<\/b>es el tercero calificado como urgente en materia econ\u00f3mica que impulsa Noboa. Con este busca\u00a0<b>ordenar, proteger y reactivar econ\u00f3micamente territorios<\/b>\u00a0que, pese a su condici\u00f3n de \u00e1reas protegidas, han sido tomados por econom\u00edas ilegales, grupos armados y actividades criminales.<\/p>\n<p class=\"p_5\">Otro objetivo de la nueva normativa es promover la<b>\u00a0inversi\u00f3n p\u00fablica y privada en programas que fortalezcan la gesti\u00f3n de las \u00e1reas protegidas<\/b>, la generaci\u00f3n de empleo en las comunidades aleda\u00f1as, la diversificaci\u00f3n de la matriz productiva y desarrollo local a trav\u00e9s de actividades ecotur\u00edsticas responsables.<\/p>\n<p class=\"p_6\">Adem\u00e1s, promueve las<b>\u00a0inversiones en seguridad en esas zonas<\/b>, con el fin de evitar actividades ilegales o de econom\u00eda criminal en sus territorios<\/p>\n<p class=\"p_7\">Mientras que para la seguridad, la autoridad competente solicitar\u00e1 a\u00a0<b>la Polic\u00eda Nacional o a las Fuerzas Armadas que brinden custodia en el per\u00edmetro de las \u00e1reas protegidas<\/b>. Esto se complementar\u00e1 con la gesti\u00f3n de los guardaparques.<\/p>\n<p class=\"p_9\">En la disposici\u00f3n general se establece la remisi\u00f3n del<b>\u00a0100% de los c\u00e1nones vencidos de arrendamiento<\/b>, intereses, recargos y multas, correspondientes a los contratos de arrendamiento de infraestructura de los puertos artesanales, para fomentar la pesca artesanal.<\/p>\n<p class=\"p_10\">Cuando se present\u00f3 el proyecto para el primer debate,\u00a0<b>Pachakutik advirti\u00f3 que este impulsar\u00eda la privatizaci\u00f3n de zonas protegidas<\/b>, se\u00f1alando que la conservaci\u00f3n de estas \u00e1reas se ver\u00eda negativamente afectada por la intervenci\u00f3n promovida por el Ejecutivo, lo cual tambi\u00e9n afectar\u00eda a comunidades nativas ind\u00edgenas.<\/p>\n<\/div>\n<h2 class=\"h2vistazo\">\u00abMuy ambiguo\u00bb<\/h2>\n<div class=\"paragraph texto\">\n<p class=\"p_11\">El<b>\u00a0\u00faltimo borrador del proyecto\u00a0<\/b>dej\u00f3 por fuera dos p\u00e1rrafos sobre la\u00a0<b>consulta previa de pueblos ind\u00edgenas<\/b>, ya que tanto la Corte Constitucional como la Corte Interamericana de Derechos Humanos establecen que el sujeto consultante es el Estado,<b>\u00a0no las empresas<\/b>, como aparec\u00eda en el primer escrito.<\/p>\n<p class=\"p_12\">Pese a los\u00a0<b>cambios<\/b>, el presidente de la Coordinadora ecuatoriana de organizaciones para la Defensa de la Naturaleza y el Medio Ambiente (Cedenma),\u00a0<b>Gustavo Red\u00edn<\/b>, calific\u00f3 este martes al proyecto de Ley como\u00a0<b>\u00abmuy ambiguo\u00bb<\/b>.<\/p>\n<p class=\"p_14\">Las \u00e1reas protegidas de Ecuador tienen<b>\u00a0\u00abespecies \u00fanicas\u00bb y existen \u00ablugares donde no sabes exactamente que hay\u00bb<\/b>, como ocurri\u00f3 con el \u00absapo en el valle de \u00cdntag (provincia de Imbabura, en el norte de Ecuador) donde quer\u00edan poner\u00bb una concesi\u00f3n minera y, finalmente, la justicia fall\u00f3 a favor de la conservaci\u00f3n medioambiental y paraliz\u00f3 el proyecto, destac\u00f3 el dirigente.<\/p>\n<p class=\"p_15\"><b>\u00abSin un estudio ambiental adecuado, no puedes mover un dedo. Y este tiene que tener un plan de manejo y remediaci\u00f3n en caso de generar da\u00f1os\u00bb<\/b>, concluy\u00f3, considerando que dentro de la iniciativa existe una ausencia de \u00abmecanismos efectivos y adecuados\u00bb para la protecci\u00f3n de la biodiversidad y derechos de la naturaleza. F<strong>uente: Vistazo<\/strong><\/p>\n<\/div>\n","protected":false},"excerpt":{"rendered":"<p>Con 80 votos a favor, el Pleno de la Asamblea Nacional\u00a0aprob\u00f3 este jueves el proyecto de Ley Org\u00e1nica para el Fortalecimiento de las \u00c1reas Protegidas, iniciativa calificada como urgente en materia econ\u00f3mica e impulsada por el presidente Daniel Noboa. La sesi\u00f3n inici\u00f3 a las 14h30 y, al momento de la votaci\u00f3n, se registraron 109 legisladores presentes. De ellos, 23 votaron en contra y 6 se abstuvieron, mientras que 43 asamble\u00edstas estuvieron ausentes. El respaldo provino del bloque oficialista\u00a0Acci\u00f3n Democr\u00e1tica Nacional (ADN)\u00a0y sus aliados, quienes apoyaron el proyecto como parte de la agenda del Ejecutivo. El\u00a0Proyecto de Ley sobre \u00c1reas Protegidas\u00a0es el tercero calificado como urgente en materia econ\u00f3mica que impulsa Noboa. Con este busca\u00a0ordenar, proteger y reactivar econ\u00f3micamente territorios\u00a0que, pese a su condici\u00f3n de \u00e1reas protegidas, han sido tomados por econom\u00edas ilegales, grupos armados y actividades criminales. Otro objetivo de la nueva normativa es promover la\u00a0inversi\u00f3n p\u00fablica y privada en programas que fortalezcan la gesti\u00f3n de las \u00e1reas protegidas, la generaci\u00f3n de empleo en las comunidades aleda\u00f1as, la diversificaci\u00f3n de la matriz productiva y desarrollo local a trav\u00e9s de actividades ecotur\u00edsticas responsables. Adem\u00e1s, promueve las\u00a0inversiones en seguridad en esas zonas, con el fin de evitar actividades ilegales o de econom\u00eda criminal en sus territorios Mientras que para la seguridad, la autoridad competente solicitar\u00e1 a\u00a0la Polic\u00eda Nacional o a las Fuerzas Armadas que brinden custodia en el per\u00edmetro de las \u00e1reas protegidas. Esto se complementar\u00e1 con la gesti\u00f3n de los guardaparques. En la disposici\u00f3n general se establece la remisi\u00f3n del\u00a0100% de los c\u00e1nones vencidos de arrendamiento, intereses, recargos y multas, correspondientes a los contratos de arrendamiento de infraestructura de los puertos artesanales, para fomentar la pesca artesanal. Cuando se present\u00f3 el proyecto para el primer debate,\u00a0Pachakutik advirti\u00f3 que este impulsar\u00eda la privatizaci\u00f3n de zonas protegidas, se\u00f1alando que la conservaci\u00f3n de estas \u00e1reas se ver\u00eda negativamente afectada por la intervenci\u00f3n promovida por el Ejecutivo, lo cual tambi\u00e9n afectar\u00eda a comunidades nativas ind\u00edgenas. \u00abMuy ambiguo\u00bb El\u00a0\u00faltimo borrador del proyecto\u00a0dej\u00f3 por fuera dos p\u00e1rrafos sobre la\u00a0consulta previa de pueblos ind\u00edgenas, ya que tanto la Corte Constitucional como la Corte Interamericana de Derechos Humanos establecen que el sujeto consultante es el Estado,\u00a0no las empresas, como aparec\u00eda en el primer escrito. Pese a los\u00a0cambios, el presidente de la Coordinadora ecuatoriana de organizaciones para la Defensa de la Naturaleza y el Medio Ambiente (Cedenma),\u00a0Gustavo Red\u00edn, calific\u00f3 este martes al proyecto de Ley como\u00a0\u00abmuy ambiguo\u00bb. Las \u00e1reas protegidas de Ecuador tienen\u00a0\u00abespecies \u00fanicas\u00bb y existen \u00ablugares donde no sabes exactamente que hay\u00bb, como ocurri\u00f3 con el \u00absapo en el valle de \u00cdntag (provincia de Imbabura, en el norte de Ecuador) donde quer\u00edan poner\u00bb una concesi\u00f3n minera y, finalmente, la justicia fall\u00f3 a favor de la conservaci\u00f3n medioambiental y paraliz\u00f3 el proyecto, destac\u00f3 el dirigente. \u00abSin un estudio ambiental adecuado, no puedes mover un dedo. Y este tiene que tener un plan de manejo y remediaci\u00f3n en caso de generar da\u00f1os\u00bb, concluy\u00f3, considerando que dentro de la iniciativa existe una ausencia de \u00abmecanismos efectivos y adecuados\u00bb para la protecci\u00f3n de la biodiversidad y derechos de la naturaleza. Fuente: Vistazo<\/p>\n","protected":false},"author":1,"featured_media":24786,"comment_status":"open","ping_status":"open","sticky":false,"template":"","format":"standard","meta":{"footnotes":""},"categories":[268],"tags":[],"class_list":["post-24785","post","type-post","status-publish","format-standard","has-post-thumbnail","hentry","category-nacionales"],"_links":{"self":[{"href":"https:\/\/www.elamazonico.com\/portal\/wp-json\/wp\/v2\/posts\/24785","targetHints":{"allow":["GET"]}}],"collection":[{"href":"https:\/\/www.elamazonico.com\/portal\/wp-json\/wp\/v2\/posts"}],"about":[{"href":"https:\/\/www.elamazonico.com\/portal\/wp-json\/wp\/v2\/types\/post"}],"author":[{"embeddable":true,"href":"https:\/\/www.elamazonico.com\/portal\/wp-json\/wp\/v2\/users\/1"}],"replies":[{"embeddable":true,"href":"https:\/\/www.elamazonico.com\/portal\/wp-json\/wp\/v2\/comments?post=24785"}],"version-history":[{"count":2,"href":"https:\/\/www.elamazonico.com\/portal\/wp-json\/wp\/v2\/posts\/24785\/revisions"}],"predecessor-version":[{"id":24788,"href":"https:\/\/www.elamazonico.com\/portal\/wp-json\/wp\/v2\/posts\/24785\/revisions\/24788"}],"wp:featuredmedia":[{"embeddable":true,"href":"https:\/\/www.elamazonico.com\/portal\/wp-json\/wp\/v2\/media\/24786"}],"wp:attachment":[{"href":"https:\/\/www.elamazonico.com\/portal\/wp-json\/wp\/v2\/media?parent=24785"}],"wp:term":[{"taxonomy":"category","embeddable":true,"href":"https:\/\/www.elamazonico.com\/portal\/wp-json\/wp\/v2\/categories?post=24785"},{"taxonomy":"post_tag","embeddable":true,"href":"https:\/\/www.elamazonico.com\/portal\/wp-json\/wp\/v2\/tags?post=24785"}],"curies":[{"name":"wp","href":"https:\/\/api.w.org\/{rel}","templated":true}]}}