{"id":24782,"date":"2025-07-10T18:59:50","date_gmt":"2025-07-10T23:59:50","guid":{"rendered":"https:\/\/www.elamazonico.com\/portal\/?p=24782"},"modified":"2025-07-10T18:59:50","modified_gmt":"2025-07-10T23:59:50","slug":"rafael-correa-dice-que-jhajaira-urresta-que-deberia-dejar-su-curul-en-la-asamblea-tras-escandalo-con-luisa-gonzalez","status":"publish","type":"post","link":"https:\/\/www.elamazonico.com\/portal\/rafael-correa-dice-que-jhajaira-urresta-que-deberia-dejar-su-curul-en-la-asamblea-tras-escandalo-con-luisa-gonzalez\/","title":{"rendered":"Rafael Correa dice que Jhajaira Urresta que deber\u00eda dejar su curul en la Asamblea, tras esc\u00e1ndalo con Luisa Gonz\u00e1lez"},"content":{"rendered":"<div class=\"paragraph texto\">\n<p class=\"p_0\">Este jueves 10 de julio la asamble\u00edsta\u00a0<a href=\"https:\/\/www.vistazo.com\/politica\/nacional\/2025-07-10-jhajaira-urresta-abandona-revolucion-ciudadana-descubrir-luisa-gonzalez-llamabade-despectiva-FC9721744\">Jhajaira Urresta<\/a>\u00a0anunci\u00f3 su separaci\u00f3n de la\u00a0<b>Revoluci\u00f3n Ciudadana<\/b>\u00a0porque dijo que encontr\u00f3 chats en los que la excandidata presidencial del corre\u00edsmo la trataba de forma despectiva. Uno de los insultos era\u00a0<b>\u201ctuerta de mierda\u201d<\/b>.<\/p>\n<\/div>\n<div class=\"paragraph texto\">\n<p class=\"p_2\">\u201cNo se trata simplemente de una ofensa personal,\u00a0<b>es una muestra de desprecio<\/b>\u00a0a lo que mucho vale esta lucha para miles de ecuatorianos. Esto no puede llamarse compa\u00f1era, camarada, ni mucho menos l\u00edder\u201d, apunt\u00f3 la legisladora.<\/p>\n<p class=\"p_3\">Inmediatamente, el l\u00edder movimiento<b>\u00a0Rafael Corre<\/b>a arremeti\u00f3 contra Urresta. \u201cPuro pretexto.\u00a0<b>Ese chat no existe<\/b>. Ya conocemos el libreto. La verdadera dignidad implicar\u00eda dejar la curul que gan\u00f3 con la RC5, no dejar la bancada de la RC5. Es demasiado obvio\u201d, escribi\u00f3 el expresidente en su cuenta de X (antes Twitter).<\/p>\n<div class=\"Center2Display\"><\/div>\n<p class=\"p_4\">En un comunicado, Urresta record\u00f3 que<b>\u00a0perdi\u00f3 su ojo izquierdo<\/b>\u00a0en las\u00a0<b>potestas de Octubre de 2019<\/b>. En un comunicado dijo que lleg\u00f3 a la Asamblea Nacional como parte del corre\u00edsmo para \u201cseguir luchando por la justicia social, los derechos humanos y por todas las personas que nunca han sido escuchadas\u201d.<\/p>\n<\/div>\n<div class=\"art-twitter twitter_text\">\n<div class=\"twitter-content\">\n<div class=\"twitter-tweet twitter-tweet-rendered\"><iframe id=\"twitter-widget-0\" class=\"\" title=\"X Post\" src=\"https:\/\/platform.twitter.com\/embed\/Tweet.html?dnt=false&amp;embedId=twitter-widget-0&amp;features=eyJ0ZndfdGltZWxpbmVfbGlzdCI6eyJidWNrZXQiOltdLCJ2ZXJzaW9uIjpudWxsfSwidGZ3X2ZvbGxvd2VyX2NvdW50X3N1bnNldCI6eyJidWNrZXQiOnRydWUsInZlcnNpb24iOm51bGx9LCJ0ZndfdHdlZXRfZWRpdF9iYWNrZW5kIjp7ImJ1Y2tldCI6Im9uIiwidmVyc2lvbiI6bnVsbH0sInRmd19yZWZzcmNfc2Vzc2lvbiI6eyJidWNrZXQiOiJvbiIsInZlcnNpb24iOm51bGx9LCJ0ZndfZm9zbnJfc29mdF9pbnRlcnZlbnRpb25zX2VuYWJsZWQiOnsiYnVja2V0Ijoib24iLCJ2ZXJzaW9uIjpudWxsfSwidGZ3X21peGVkX21lZGlhXzE1ODk3Ijp7ImJ1Y2tldCI6InRyZWF0bWVudCIsInZlcnNpb24iOm51bGx9LCJ0ZndfZXhwZXJpbWVudHNfY29va2llX2V4cGlyYXRpb24iOnsiYnVja2V0IjoxMjA5NjAwLCJ2ZXJzaW9uIjpudWxsfSwidGZ3X3Nob3dfYmlyZHdhdGNoX3Bpdm90c19lbmFibGVkIjp7ImJ1Y2tldCI6Im9uIiwidmVyc2lvbiI6bnVsbH0sInRmd19kdXBsaWNhdGVfc2NyaWJlc190b19zZXR0aW5ncyI6eyJidWNrZXQiOiJvbiIsInZlcnNpb24iOm51bGx9LCJ0ZndfdXNlX3Byb2ZpbGVfaW1hZ2Vfc2hhcGVfZW5hYmxlZCI6eyJidWNrZXQiOiJvbiIsInZlcnNpb24iOm51bGx9LCJ0ZndfdmlkZW9faGxzX2R5bmFtaWNfbWFuaWZlc3RzXzE1MDgyIjp7ImJ1Y2tldCI6InRydWVfYml0cmF0ZSIsInZlcnNpb24iOm51bGx9LCJ0ZndfbGVnYWN5X3RpbWVsaW5lX3N1bnNldCI6eyJidWNrZXQiOnRydWUsInZlcnNpb24iOm51bGx9LCJ0ZndfdHdlZXRfZWRpdF9mcm9udGVuZCI6eyJidWNrZXQiOiJvbiIsInZlcnNpb24iOm51bGx9fQ%3D%3D&amp;frame=false&amp;hideCard=false&amp;hideThread=false&amp;id=1943348315153698901&amp;lang=es&amp;origin=https%3A%2F%2Fwww.vistazo.com%2Fpolitica%2Fnacional%2F2025-07-10-rafael-correa-jhajaira-urresta-insultos-luisa-gonzalez-revolucion-ciudadana-AE9723299&amp;sessionId=c5c654887c6bd5fe252c7d409a17f238752c33da&amp;theme=light&amp;widgetsVersion=2615f7e52b7e0%3A1702314776716&amp;width=550px\" frameborder=\"0\" scrolling=\"no\" allowfullscreen=\"allowfullscreen\" data-tweet-id=\"1943348315153698901\" data-mce-fragment=\"1\"><\/iframe><\/div>\n<\/div>\n<\/div>\n<div class=\"paragraph texto\">\n<p class=\"p_5\">Ante lo cual, Correa le respondi\u00f3: \u201cJhajaira no lleg\u00f3 por sus \u00abluchas sociales\u00bb.\u00a0<b>Era cliente de Fausto Jarr\u00edn<\/b>\u00a0y fue \u00e9l quien vehementemente la recomend\u00f3. La postulamos como un homenaje a las v\u00edctimas de la represi\u00f3n. Ya sabemos d\u00f3nde est\u00e1n los dos.\u201d<\/p>\n<div id=\"teads0\" class=\"teads-player native\"><\/div>\n<\/div>\n<div class=\"paragraph texto\">\n<p class=\"p_6\">Correa se refiere a Fausto Jarr\u00edn quien fue su abogado y vehemente defensor del corre\u00edsmo en a\u00f1os anteriores. Hace unos meses se convirti\u00f3 en asesor del gobierno de<b>\u00a0Daniel Noboa<\/b>.<\/p>\n<\/div>\n<h2 class=\"h2vistazo\">La bajas de la Revoluci\u00f3n Ciudadana<\/h2>\n<div class=\"paragraph texto\">\n<p class=\"p_7\">El alejamiento de Urresta se da dos d\u00edas despu\u00e9s del esc\u00e1ndalo del asamble\u00edsta del corre\u00edsmo\u00a0<b><a href=\"https:\/\/www.vistazo.com\/politica\/nacional\/2025-07-09-asambleista-santiago-diaz-asque-presento-proyecto-consentir-relaciones-sexuales-desde-14-anos-AF9711064\">Santiado D\u00edaz Asque<\/a><\/b>, quien fue denunciado por\u00a0<b>violaci\u00f3n a una ni\u00f1a de doce a\u00f1os.<\/b>\u00a0Tras eso, la Revoluci\u00f3n Ciudadana lo separ\u00f3 de sus filas. En los pasillos de la Asamblea empezaron a correr rumores de que otros legisladores abandonar\u00eda el movimiento.<\/p>\n<p class=\"p_9\">Urresta es la primera que se separa del corre\u00edsmo tras esa denuncia, argumentando su impase con <b>Luisa Gonz\u00e1lez.<\/b>\u00a0\u00abTal vez vengan m\u00e1s. Estamos listos. Seremos menos, pero seremos m\u00e1s. \u00a1Hasta la victoria siempre!\u00bb, dijo Rafael Correa al finalizar su mensaje contra Urresta.<\/p>\n<p class=\"p_10\">Mientras tanto la excandidata presidencial acuso a Urresta de traici\u00f3n:\u00a0<b>\u201cpara traicionar no hace falta inventar mentiras\u201d\u00a0<\/b>y que todo nace por una publicaci\u00f3n del asamble\u00edsta Sergio Pe\u00f1a, quien tambi\u00e9n se separ\u00f3 de la RC y ayer escribi\u00f3 en la red social X que exist\u00edan mensajes privados entre Gonz\u00e1lez y Eduardo Franco Loor, en los dec\u00edan aquel insulto: \u00abtuerta de mierda\u00bb. <strong>Fuente: Vistazo<\/strong><\/p>\n<\/div>\n","protected":false},"excerpt":{"rendered":"<p>Este jueves 10 de julio la asamble\u00edsta\u00a0Jhajaira Urresta\u00a0anunci\u00f3 su separaci\u00f3n de la\u00a0Revoluci\u00f3n Ciudadana\u00a0porque dijo que encontr\u00f3 chats en los que la excandidata presidencial del corre\u00edsmo la trataba de forma despectiva. Uno de los insultos era\u00a0\u201ctuerta de mierda\u201d. \u201cNo se trata simplemente de una ofensa personal,\u00a0es una muestra de desprecio\u00a0a lo que mucho vale esta lucha para miles de ecuatorianos. Esto no puede llamarse compa\u00f1era, camarada, ni mucho menos l\u00edder\u201d, apunt\u00f3 la legisladora. Inmediatamente, el l\u00edder movimiento\u00a0Rafael Correa arremeti\u00f3 contra Urresta. \u201cPuro pretexto.\u00a0Ese chat no existe. Ya conocemos el libreto. La verdadera dignidad implicar\u00eda dejar la curul que gan\u00f3 con la RC5, no dejar la bancada de la RC5. Es demasiado obvio\u201d, escribi\u00f3 el expresidente en su cuenta de X (antes Twitter). En un comunicado, Urresta record\u00f3 que\u00a0perdi\u00f3 su ojo izquierdo\u00a0en las\u00a0potestas de Octubre de 2019. En un comunicado dijo que lleg\u00f3 a la Asamblea Nacional como parte del corre\u00edsmo para \u201cseguir luchando por la justicia social, los derechos humanos y por todas las personas que nunca han sido escuchadas\u201d. Ante lo cual, Correa le respondi\u00f3: \u201cJhajaira no lleg\u00f3 por sus \u00abluchas sociales\u00bb.\u00a0Era cliente de Fausto Jarr\u00edn\u00a0y fue \u00e9l quien vehementemente la recomend\u00f3. La postulamos como un homenaje a las v\u00edctimas de la represi\u00f3n. Ya sabemos d\u00f3nde est\u00e1n los dos.\u201d Correa se refiere a Fausto Jarr\u00edn quien fue su abogado y vehemente defensor del corre\u00edsmo en a\u00f1os anteriores. Hace unos meses se convirti\u00f3 en asesor del gobierno de\u00a0Daniel Noboa. La bajas de la Revoluci\u00f3n Ciudadana El alejamiento de Urresta se da dos d\u00edas despu\u00e9s del esc\u00e1ndalo del asamble\u00edsta del corre\u00edsmo\u00a0Santiado D\u00edaz Asque, quien fue denunciado por\u00a0violaci\u00f3n a una ni\u00f1a de doce a\u00f1os.\u00a0Tras eso, la Revoluci\u00f3n Ciudadana lo separ\u00f3 de sus filas. En los pasillos de la Asamblea empezaron a correr rumores de que otros legisladores abandonar\u00eda el movimiento. Urresta es la primera que se separa del corre\u00edsmo tras esa denuncia, argumentando su impase con Luisa Gonz\u00e1lez.\u00a0\u00abTal vez vengan m\u00e1s. Estamos listos. Seremos menos, pero seremos m\u00e1s. \u00a1Hasta la victoria siempre!\u00bb, dijo Rafael Correa al finalizar su mensaje contra Urresta. Mientras tanto la excandidata presidencial acuso a Urresta de traici\u00f3n:\u00a0\u201cpara traicionar no hace falta inventar mentiras\u201d\u00a0y que todo nace por una publicaci\u00f3n del asamble\u00edsta Sergio Pe\u00f1a, quien tambi\u00e9n se separ\u00f3 de la RC y ayer escribi\u00f3 en la red social X que exist\u00edan mensajes privados entre Gonz\u00e1lez y Eduardo Franco Loor, en los dec\u00edan aquel insulto: \u00abtuerta de mierda\u00bb. Fuente: Vistazo<\/p>\n","protected":false},"author":1,"featured_media":24783,"comment_status":"open","ping_status":"open","sticky":false,"template":"","format":"standard","meta":{"footnotes":""},"categories":[268],"tags":[],"class_list":["post-24782","post","type-post","status-publish","format-standard","has-post-thumbnail","hentry","category-nacionales"],"_links":{"self":[{"href":"https:\/\/www.elamazonico.com\/portal\/wp-json\/wp\/v2\/posts\/24782","targetHints":{"allow":["GET"]}}],"collection":[{"href":"https:\/\/www.elamazonico.com\/portal\/wp-json\/wp\/v2\/posts"}],"about":[{"href":"https:\/\/www.elamazonico.com\/portal\/wp-json\/wp\/v2\/types\/post"}],"author":[{"embeddable":true,"href":"https:\/\/www.elamazonico.com\/portal\/wp-json\/wp\/v2\/users\/1"}],"replies":[{"embeddable":true,"href":"https:\/\/www.elamazonico.com\/portal\/wp-json\/wp\/v2\/comments?post=24782"}],"version-history":[{"count":1,"href":"https:\/\/www.elamazonico.com\/portal\/wp-json\/wp\/v2\/posts\/24782\/revisions"}],"predecessor-version":[{"id":24784,"href":"https:\/\/www.elamazonico.com\/portal\/wp-json\/wp\/v2\/posts\/24782\/revisions\/24784"}],"wp:featuredmedia":[{"embeddable":true,"href":"https:\/\/www.elamazonico.com\/portal\/wp-json\/wp\/v2\/media\/24783"}],"wp:attachment":[{"href":"https:\/\/www.elamazonico.com\/portal\/wp-json\/wp\/v2\/media?parent=24782"}],"wp:term":[{"taxonomy":"category","embeddable":true,"href":"https:\/\/www.elamazonico.com\/portal\/wp-json\/wp\/v2\/categories?post=24782"},{"taxonomy":"post_tag","embeddable":true,"href":"https:\/\/www.elamazonico.com\/portal\/wp-json\/wp\/v2\/tags?post=24782"}],"curies":[{"name":"wp","href":"https:\/\/api.w.org\/{rel}","templated":true}]}}