{"id":24779,"date":"2025-07-09T15:57:37","date_gmt":"2025-07-09T20:57:37","guid":{"rendered":"https:\/\/www.elamazonico.com\/portal\/?p=24779"},"modified":"2025-07-09T15:57:37","modified_gmt":"2025-07-09T20:57:37","slug":"zamora-chinchipe-no-puede-esperar-se-necesita-decision-no-excusas","status":"publish","type":"post","link":"https:\/\/www.elamazonico.com\/portal\/zamora-chinchipe-no-puede-esperar-se-necesita-decision-no-excusas\/","title":{"rendered":"\u201cZamora Chinchipe no puede esperar: se necesita decisi\u00f3n, no excusas\u201d"},"content":{"rendered":"<p data-start=\"53\" data-end=\"450\">Por Alcibar Lupercio<\/p>\n<p data-start=\"53\" data-end=\"450\">La reciente declaraci\u00f3n de la Honorable Asamble\u00edsta Esperanza Rogel sobre su voto en contra de la modificaci\u00f3n del orden del d\u00eda, que buscaba exhortar al presidente de la Rep\u00fablica a decretar un estado de excepci\u00f3n abre un debate necesario sobre la comprensi\u00f3n y aplicaci\u00f3n de figuras jur\u00eddicas fundamentales en la gesti\u00f3n p\u00fablica: el <strong data-start=\"389\" data-end=\"412\">estado de excepci\u00f3n<\/strong> y la <strong data-start=\"418\" data-end=\"447\">declaraci\u00f3n de emergencia<\/strong>.<\/p>\n<p data-start=\"452\" data-end=\"644\">Desde un enfoque constitucional y administrativo, es esencial precisar que ambos mecanismos, aunque relacionados con situaciones de crisis, responden a naturalezas y competencias diferentes.<\/p>\n<p data-start=\"646\" data-end=\"1234\"><strong data-start=\"649\" data-end=\"675\">El estado de excepci\u00f3n<\/strong> es una medida <strong data-start=\"690\" data-end=\"708\">constitucional<\/strong> prevista en el <strong data-start=\"724\" data-end=\"787\">Art\u00edculo 164 de la Constituci\u00f3n de la Rep\u00fablica del Ecuador<\/strong>. Solo puede ser decretado por el presidente de la Rep\u00fablica ante una amenaza grave a la estabilidad del Estado, como cat\u00e1strofes naturales, conflictos armados o crisis pol\u00edticas. Esta herramienta otorga al Ejecutivo poderes extraordinarios, incluida la suspensi\u00f3n temporal de ciertos derechos constitucionales, y permite disponer de recursos p\u00fablicos sin las restricciones presupuestarias habituales para dar una respuesta inmediata y efectiva.<\/p>\n<p data-start=\"1236\" data-end=\"1640\"> <strong data-start=\"1239\" data-end=\"1271\">La declaraci\u00f3n de emergencia<\/strong>, en cambio, es una medida de car\u00e1cter <strong data-start=\"1310\" data-end=\"1328\">administrativo<\/strong> cuya competencia recae en entidades como la Secretar\u00eda Nacional de Gesti\u00f3n de Riesgos. Su alcance se limita a la coordinaci\u00f3n de acciones y movilizaci\u00f3n de recursos para enfrentar situaciones cr\u00edticas, pero no habilita al Ejecutivo a suspender garant\u00edas constitucionales ni le otorga facultades excepcionales.<\/p>\n<p data-start=\"1642\" data-end=\"2133\">A la luz de esta diferenciaci\u00f3n, resulta preocupante que la distinguida Asamble\u00edsta Rogel haya fundamentado su decisi\u00f3n en el argumento de que \u201cla emergencia ya ha sido declarada\u201d por la Secretar\u00eda Nacional de Gesti\u00f3n de Riesgos. Jur\u00eddicamente, esta entidad carece de atribuciones para emitir un decreto de estado de excepci\u00f3n. Su rol est\u00e1 restringido a la administraci\u00f3n t\u00e9cnica de riesgos y la emisi\u00f3n de alertas, sin capacidad para sustituir la potestad presidencial establecida en la Constituci\u00f3n.<\/p>\n<p data-start=\"2135\" data-end=\"2453\">En consecuencia, la ciudadan\u00eda tiene razones leg\u00edtimas para cuestionar si esta postura refleja un <strong data-start=\"2233\" data-end=\"2269\">error de interpretaci\u00f3n jur\u00eddica<\/strong> o, en su defecto, un acto de <strong data-start=\"2299\" data-end=\"2325\">incongruencia pol\u00edtica<\/strong> que podr\u00eda limitar la capacidad del Estado para actuar con la contundencia que exige la situaci\u00f3n actual en Zamora Chinchipe.<\/p>\n<p data-start=\"2455\" data-end=\"2918\">En momentos donde los problemas de <strong data-start=\"2490\" data-end=\"2540\">seguridad, infraestructura y servicios b\u00e1sicos<\/strong> exigen decisiones de alto nivel, la <strong data-start=\"2577\" data-end=\"2623\">precisi\u00f3n t\u00e9cnica y la coherencia pol\u00edtica<\/strong> se convierten en pilares indispensables para una gesti\u00f3n efectiva. M\u00e1s all\u00e1 del debate parlamentario, lo que est\u00e1 en juego es la capacidad institucional de responder a las necesidades de la poblaci\u00f3n y evitar que la provincia quede atrapada en discusiones est\u00e9riles mientras la crisis avanza.<\/p>\n<p data-start=\"2920\" data-end=\"3186\">El compromiso con la legalidad y la responsabilidad pol\u00edtica debe ser el norte de quienes representan a la ciudadan\u00eda, especialmente cuando las decisiones que se adoptan o se omiten tienen impacto directo en la vida y bienestar de miles de zamoranos chinchipenses.<\/p>\n","protected":false},"excerpt":{"rendered":"<p>Por Alcibar Lupercio La reciente declaraci\u00f3n de la Honorable Asamble\u00edsta Esperanza Rogel sobre su voto en contra de la modificaci\u00f3n del orden del d\u00eda, que buscaba exhortar al presidente de la Rep\u00fablica a decretar un estado de excepci\u00f3n abre un debate necesario sobre la comprensi\u00f3n y aplicaci\u00f3n de figuras jur\u00eddicas fundamentales en la gesti\u00f3n p\u00fablica: el estado de excepci\u00f3n y la declaraci\u00f3n de emergencia. Desde un enfoque constitucional y administrativo, es esencial precisar que ambos mecanismos, aunque relacionados con situaciones de crisis, responden a naturalezas y competencias diferentes. El estado de excepci\u00f3n es una medida constitucional prevista en el Art\u00edculo 164 de la Constituci\u00f3n de la Rep\u00fablica del Ecuador. Solo puede ser decretado por el presidente de la Rep\u00fablica ante una amenaza grave a la estabilidad del Estado, como cat\u00e1strofes naturales, conflictos armados o crisis pol\u00edticas. Esta herramienta otorga al Ejecutivo poderes extraordinarios, incluida la suspensi\u00f3n temporal de ciertos derechos constitucionales, y permite disponer de recursos p\u00fablicos sin las restricciones presupuestarias habituales para dar una respuesta inmediata y efectiva. La declaraci\u00f3n de emergencia, en cambio, es una medida de car\u00e1cter administrativo cuya competencia recae en entidades como la Secretar\u00eda Nacional de Gesti\u00f3n de Riesgos. Su alcance se limita a la coordinaci\u00f3n de acciones y movilizaci\u00f3n de recursos para enfrentar situaciones cr\u00edticas, pero no habilita al Ejecutivo a suspender garant\u00edas constitucionales ni le otorga facultades excepcionales. A la luz de esta diferenciaci\u00f3n, resulta preocupante que la distinguida Asamble\u00edsta Rogel haya fundamentado su decisi\u00f3n en el argumento de que \u201cla emergencia ya ha sido declarada\u201d por la Secretar\u00eda Nacional de Gesti\u00f3n de Riesgos. Jur\u00eddicamente, esta entidad carece de atribuciones para emitir un decreto de estado de excepci\u00f3n. Su rol est\u00e1 restringido a la administraci\u00f3n t\u00e9cnica de riesgos y la emisi\u00f3n de alertas, sin capacidad para sustituir la potestad presidencial establecida en la Constituci\u00f3n. En consecuencia, la ciudadan\u00eda tiene razones leg\u00edtimas para cuestionar si esta postura refleja un error de interpretaci\u00f3n jur\u00eddica o, en su defecto, un acto de incongruencia pol\u00edtica que podr\u00eda limitar la capacidad del Estado para actuar con la contundencia que exige la situaci\u00f3n actual en Zamora Chinchipe. En momentos donde los problemas de seguridad, infraestructura y servicios b\u00e1sicos exigen decisiones de alto nivel, la precisi\u00f3n t\u00e9cnica y la coherencia pol\u00edtica se convierten en pilares indispensables para una gesti\u00f3n efectiva. M\u00e1s all\u00e1 del debate parlamentario, lo que est\u00e1 en juego es la capacidad institucional de responder a las necesidades de la poblaci\u00f3n y evitar que la provincia quede atrapada en discusiones est\u00e9riles mientras la crisis avanza. El compromiso con la legalidad y la responsabilidad pol\u00edtica debe ser el norte de quienes representan a la ciudadan\u00eda, especialmente cuando las decisiones que se adoptan o se omiten tienen impacto directo en la vida y bienestar de miles de zamoranos chinchipenses.<\/p>\n","protected":false},"author":1,"featured_media":24780,"comment_status":"open","ping_status":"open","sticky":false,"template":"","format":"standard","meta":{"footnotes":""},"categories":[243,7],"tags":[],"class_list":["post-24779","post","type-post","status-publish","format-standard","has-post-thumbnail","hentry","category-noticias-zamora","category-opinion"],"_links":{"self":[{"href":"https:\/\/www.elamazonico.com\/portal\/wp-json\/wp\/v2\/posts\/24779","targetHints":{"allow":["GET"]}}],"collection":[{"href":"https:\/\/www.elamazonico.com\/portal\/wp-json\/wp\/v2\/posts"}],"about":[{"href":"https:\/\/www.elamazonico.com\/portal\/wp-json\/wp\/v2\/types\/post"}],"author":[{"embeddable":true,"href":"https:\/\/www.elamazonico.com\/portal\/wp-json\/wp\/v2\/users\/1"}],"replies":[{"embeddable":true,"href":"https:\/\/www.elamazonico.com\/portal\/wp-json\/wp\/v2\/comments?post=24779"}],"version-history":[{"count":1,"href":"https:\/\/www.elamazonico.com\/portal\/wp-json\/wp\/v2\/posts\/24779\/revisions"}],"predecessor-version":[{"id":24781,"href":"https:\/\/www.elamazonico.com\/portal\/wp-json\/wp\/v2\/posts\/24779\/revisions\/24781"}],"wp:featuredmedia":[{"embeddable":true,"href":"https:\/\/www.elamazonico.com\/portal\/wp-json\/wp\/v2\/media\/24780"}],"wp:attachment":[{"href":"https:\/\/www.elamazonico.com\/portal\/wp-json\/wp\/v2\/media?parent=24779"}],"wp:term":[{"taxonomy":"category","embeddable":true,"href":"https:\/\/www.elamazonico.com\/portal\/wp-json\/wp\/v2\/categories?post=24779"},{"taxonomy":"post_tag","embeddable":true,"href":"https:\/\/www.elamazonico.com\/portal\/wp-json\/wp\/v2\/tags?post=24779"}],"curies":[{"name":"wp","href":"https:\/\/api.w.org\/{rel}","templated":true}]}}