{"id":24773,"date":"2025-07-09T15:01:15","date_gmt":"2025-07-09T20:01:15","guid":{"rendered":"https:\/\/www.elamazonico.com\/portal\/?p=24773"},"modified":"2025-07-09T15:01:15","modified_gmt":"2025-07-09T20:01:15","slug":"detenido-injustamente-segun-el-exfutbolista-esto-origino-la-detencion-del-hijo-de-patricio-urrutia","status":"publish","type":"post","link":"https:\/\/www.elamazonico.com\/portal\/detenido-injustamente-segun-el-exfutbolista-esto-origino-la-detencion-del-hijo-de-patricio-urrutia\/","title":{"rendered":"\u201cDetenido injustamente seg\u00fan el exfutbolista: esto origin\u00f3 la detenci\u00f3n del hijo de Patricio Urrutia\u201d"},"content":{"rendered":"<div class=\"paragraph texto\">\n<p class=\"p_0\">Patricio Urrutia caus\u00f3 sorpresa al revelar en un video de Instagram que\u00a0<u><b>su hijo estaba encarcelado \u201cde la manera m\u00e1s injusta\u201d\u00a0<\/b><\/u>desde el pasado 23 de junio tras un allanamiento a una hacienda de su familia en Ventanas, provincia de\u00a0<a href=\"https:\/\/www.vistazo.com\/actualidad\/nacional\/2025-04-18-los-rios-liberan-mujer-embarazada-secuestrada-lobos-24-horas-GH9180585\">Los R\u00edos<\/a>. \u00bfPor qu\u00e9 fue detenido y cu\u00e1les son los cargos que pesan sobre el joven?<\/p>\n<p class=\"p_1\">Se trata de\u00a0<b>Washington Freddy U. V.<\/b>, de 38 a\u00f1os, quien registra dos procesos penales en su contra en el sistema de la Funci\u00f3n Judicial por los delitos de<u><b>\u00a0armas de fuego, municiones, y explosivos no autorizados y lavado de activos<\/b><\/u>.<\/p>\n<p class=\"p_3\">Estos cargos fueron interpuestos por la Fiscal\u00eda tras un allanamiento efectuado en la hacienda de la familia Urrutia, en donde se habr\u00eda encontrado una\u00a0<u><b>fuerte cantidad de armas, municiones y dinero en efectivo.<\/b><\/u><\/p>\n<div>\n<div class=\"trv-player-container\">\n<div class=\"trv-wrapper\">\n<div id=\"br_video_player_8dce31da48cdda3c4891b14019c3ad5a7a4d6079\" class=\"trvd_video_player trvdfloater trv-right\">\n<div class=\"media-player\">\n<div class=\"trv-video\">\n<div id=\"truvid_ima_container61226\" class=\"truvid_ima_container\"><\/div>\n<\/div>\n<\/div>\n<div class=\"trv-autoskip-container\">\n<div class=\"trv-autoskip-background\">El \u00fanico detenido fue Washington, quien qued\u00f3 bajo prisi\u00f3n preventiva en una <b>c\u00e1rcel de Quevedo<\/b>.<\/div>\n<\/div>\n<\/div>\n<\/div>\n<\/div>\n<\/div>\n<p class=\"p_5\">Seg\u00fan se lee en el sistema de la Funci\u00f3n Judicial, la defensa del implicado habr\u00eda intentado evadir la prisi\u00f3n preventiva en base a\u00a0<u><b>dos certificados m\u00e9dicos otorgados el mismo d\u00eda\u00a0<\/b><\/u>\u201ccon aproximadamente 5 horas de diferencia y que son tan diferentes entre s\u00ed\u201d, coment\u00f3 la jueza de la causa.<\/p>\n<p class=\"p_6\">Por ello, la magistrada pidi\u00f3 investigar c\u00f3mo se obtuvieron esos documentos en un plazo de 20 d\u00edas.\u00a0<u><b>\u201cPues este tipo de actuaciones, no pueden pasar desapercibidas y deben tomarse los correctivos necesarios\u201d<\/b><\/u>.<\/p>\n<p class=\"p_7\">D\u00edas despu\u00e9s, la defensa del joven interpuso un recurso de apelaci\u00f3n alegando que Washington no vive en la hacienda, sino en el estado de\u00a0<b>Texas<\/b>, Estados Unidos, por lo que deber\u00edan dictarle medidas alternativas. Sin embargo, el pedido fue rechazado.<\/p>\n<p class=\"p_8\">El pr\u00f3ximo 18 de julio se realizar\u00e1 una nueva audiencia para revisar las medidas que pesan sobre el sujeto.<\/p>\n<\/div>\n<div class=\"html_text\"><iframe id=\"instagram-embed-0\" class=\"instagram-media instagram-media-rendered\" src=\"https:\/\/www.instagram.com\/reel\/DL3ckuhMa38\/embed\/captioned\/?cr=1&amp;v=14&amp;wp=675&amp;rd=https%3A%2F%2Fwww.vistazo.com&amp;rp=%2Factualidad%2Fnacional%2F2025-07-09-por-que-detenido-hijo-patricio-urrutia-esto-se-conoce-procesos-penales-enfrenta-FM9709564#%7B%22ci%22%3A0%2C%22os%22%3A918.8000000715256%2C%22ls%22%3A520.6000000238419%2C%22le%22%3A914.6000000238419%7D\" height=\"1005\" frameborder=\"0\" scrolling=\"no\" allowfullscreen=\"allowfullscreen\" data-instgrm-payload-id=\"instagram-media-payload-0\" data-mce-fragment=\"1\"><\/iframe><\/div>\n<h2 class=\"h2vistazo\">URRUTIA DICE QUE ES INOCENTE<\/h2>\n<div class=\"paragraph texto\">\n<p class=\"p_9\">Por su parte, el actual director t\u00e9cnico del Delf\u00edn Sporting Club, Patricio Urrutia, public\u00f3 un video en Instagram en el que describe que su hijo est\u00e1 preso de manera injusta.<\/p>\n<p class=\"p_10\"><u><b>\u201cEstoy destrozado, mi hijo est\u00e1 en la c\u00e1rcel\u201d<\/b><\/u>, dijo con voz entrecortada.<\/p>\n<p class=\"p_11\">Urrutia narr\u00f3 que el joven fue detenido tras un allanamiento a la hacienda de su familia, la cual fue descrita como la casa de su madre y su hijo,\u00a0<u><b>\u201cdigo mi hijo porque yo lo cri\u00e9\u201d<\/b><\/u>, aclar\u00f3.<\/p>\n<\/div>\n<div class=\"Citavistazo\">\u201cMi hijo est\u00e1 preso de la manera m\u00e1s injusta, acab\u00f3 de llegar hace un mes de los Estados Unidos, donde permaneci\u00f3 varios meses para recibir la residencia americana\u201d, coment\u00f3 el exjugador de la Liga de Quito.<\/div>\n<div class=\"paragraph texto\">\n<p class=\"p_12\">Agreg\u00f3 que el joven tiene una\u00a0<u><b>enfermedad cr\u00f3nica<\/b><\/u>, \u201cdonde le sale pus todos los d\u00edas\u201d.<\/p>\n<p class=\"p_13\">\u201cTengo miedo porque \u00e9l ten\u00eda su cita m\u00e9dica para su \u00faltima cirug\u00eda y continuar con el tratamiento.\u00a0<u><b>Hoy est\u00e1 en un lugar donde no tiene los cuidados necesarios para su enfermedad<\/b><\/u>\u201d, indic\u00f3 Urrutia<\/p>\n<p class=\"p_14\">Adem\u00e1s, coment\u00f3 que no ha recibido respuesta y menos soluciones de las personas a las que ha acudido.<\/p>\n<p class=\"p_15\">Por ello, public\u00f3 el video en redes sociales para \u201cllegar a las personas que nos metieron en esto y que me devuelvan a mi hijo\u201d. <strong>Fuente: Vistazo<\/strong><\/p>\n<\/div>\n","protected":false},"excerpt":{"rendered":"<p>Patricio Urrutia caus\u00f3 sorpresa al revelar en un video de Instagram que\u00a0su hijo estaba encarcelado \u201cde la manera m\u00e1s injusta\u201d\u00a0desde el pasado 23 de junio tras un allanamiento a una hacienda de su familia en Ventanas, provincia de\u00a0Los R\u00edos. \u00bfPor qu\u00e9 fue detenido y cu\u00e1les son los cargos que pesan sobre el joven? Se trata de\u00a0Washington Freddy U. V., de 38 a\u00f1os, quien registra dos procesos penales en su contra en el sistema de la Funci\u00f3n Judicial por los delitos de\u00a0armas de fuego, municiones, y explosivos no autorizados y lavado de activos. Estos cargos fueron interpuestos por la Fiscal\u00eda tras un allanamiento efectuado en la hacienda de la familia Urrutia, en donde se habr\u00eda encontrado una\u00a0fuerte cantidad de armas, municiones y dinero en efectivo. El \u00fanico detenido fue Washington, quien qued\u00f3 bajo prisi\u00f3n preventiva en una c\u00e1rcel de Quevedo. Seg\u00fan se lee en el sistema de la Funci\u00f3n Judicial, la defensa del implicado habr\u00eda intentado evadir la prisi\u00f3n preventiva en base a\u00a0dos certificados m\u00e9dicos otorgados el mismo d\u00eda\u00a0\u201ccon aproximadamente 5 horas de diferencia y que son tan diferentes entre s\u00ed\u201d, coment\u00f3 la jueza de la causa. Por ello, la magistrada pidi\u00f3 investigar c\u00f3mo se obtuvieron esos documentos en un plazo de 20 d\u00edas.\u00a0\u201cPues este tipo de actuaciones, no pueden pasar desapercibidas y deben tomarse los correctivos necesarios\u201d. D\u00edas despu\u00e9s, la defensa del joven interpuso un recurso de apelaci\u00f3n alegando que Washington no vive en la hacienda, sino en el estado de\u00a0Texas, Estados Unidos, por lo que deber\u00edan dictarle medidas alternativas. Sin embargo, el pedido fue rechazado. El pr\u00f3ximo 18 de julio se realizar\u00e1 una nueva audiencia para revisar las medidas que pesan sobre el sujeto. URRUTIA DICE QUE ES INOCENTE Por su parte, el actual director t\u00e9cnico del Delf\u00edn Sporting Club, Patricio Urrutia, public\u00f3 un video en Instagram en el que describe que su hijo est\u00e1 preso de manera injusta. \u201cEstoy destrozado, mi hijo est\u00e1 en la c\u00e1rcel\u201d, dijo con voz entrecortada. Urrutia narr\u00f3 que el joven fue detenido tras un allanamiento a la hacienda de su familia, la cual fue descrita como la casa de su madre y su hijo,\u00a0\u201cdigo mi hijo porque yo lo cri\u00e9\u201d, aclar\u00f3. \u201cMi hijo est\u00e1 preso de la manera m\u00e1s injusta, acab\u00f3 de llegar hace un mes de los Estados Unidos, donde permaneci\u00f3 varios meses para recibir la residencia americana\u201d, coment\u00f3 el exjugador de la Liga de Quito. Agreg\u00f3 que el joven tiene una\u00a0enfermedad cr\u00f3nica, \u201cdonde le sale pus todos los d\u00edas\u201d. \u201cTengo miedo porque \u00e9l ten\u00eda su cita m\u00e9dica para su \u00faltima cirug\u00eda y continuar con el tratamiento.\u00a0Hoy est\u00e1 en un lugar donde no tiene los cuidados necesarios para su enfermedad\u201d, indic\u00f3 Urrutia Adem\u00e1s, coment\u00f3 que no ha recibido respuesta y menos soluciones de las personas a las que ha acudido. Por ello, public\u00f3 el video en redes sociales para \u201cllegar a las personas que nos metieron en esto y que me devuelvan a mi hijo\u201d. Fuente: Vistazo<\/p>\n","protected":false},"author":1,"featured_media":24774,"comment_status":"open","ping_status":"open","sticky":false,"template":"","format":"standard","meta":{"footnotes":""},"categories":[268],"tags":[],"class_list":["post-24773","post","type-post","status-publish","format-standard","has-post-thumbnail","hentry","category-nacionales"],"_links":{"self":[{"href":"https:\/\/www.elamazonico.com\/portal\/wp-json\/wp\/v2\/posts\/24773","targetHints":{"allow":["GET"]}}],"collection":[{"href":"https:\/\/www.elamazonico.com\/portal\/wp-json\/wp\/v2\/posts"}],"about":[{"href":"https:\/\/www.elamazonico.com\/portal\/wp-json\/wp\/v2\/types\/post"}],"author":[{"embeddable":true,"href":"https:\/\/www.elamazonico.com\/portal\/wp-json\/wp\/v2\/users\/1"}],"replies":[{"embeddable":true,"href":"https:\/\/www.elamazonico.com\/portal\/wp-json\/wp\/v2\/comments?post=24773"}],"version-history":[{"count":1,"href":"https:\/\/www.elamazonico.com\/portal\/wp-json\/wp\/v2\/posts\/24773\/revisions"}],"predecessor-version":[{"id":24775,"href":"https:\/\/www.elamazonico.com\/portal\/wp-json\/wp\/v2\/posts\/24773\/revisions\/24775"}],"wp:featuredmedia":[{"embeddable":true,"href":"https:\/\/www.elamazonico.com\/portal\/wp-json\/wp\/v2\/media\/24774"}],"wp:attachment":[{"href":"https:\/\/www.elamazonico.com\/portal\/wp-json\/wp\/v2\/media?parent=24773"}],"wp:term":[{"taxonomy":"category","embeddable":true,"href":"https:\/\/www.elamazonico.com\/portal\/wp-json\/wp\/v2\/categories?post=24773"},{"taxonomy":"post_tag","embeddable":true,"href":"https:\/\/www.elamazonico.com\/portal\/wp-json\/wp\/v2\/tags?post=24773"}],"curies":[{"name":"wp","href":"https:\/\/api.w.org\/{rel}","templated":true}]}}