{"id":24769,"date":"2025-07-10T04:11:59","date_gmt":"2025-07-10T09:11:59","guid":{"rendered":"https:\/\/www.elamazonico.com\/portal\/?p=24769"},"modified":"2025-07-09T12:16:16","modified_gmt":"2025-07-09T17:16:16","slug":"zumbi-sera-sede-de-la-asamblea-regional-2025-de-los-testigos-de-jehova-adoracion-pura","status":"publish","type":"post","link":"https:\/\/www.elamazonico.com\/portal\/zumbi-sera-sede-de-la-asamblea-regional-2025-de-los-testigos-de-jehova-adoracion-pura\/","title":{"rendered":"Zumbi ser\u00e1 sede de la Asamblea Regional 2025 de los Testigos de Jehov\u00e1: \u00abAdoraci\u00f3n Pura\u00bb"},"content":{"rendered":"<p>Por primera vez en la provincia de Zamora Chinchipe se llevar\u00e1 a cabo la Asamblea Regional de los Testigos de Jehov\u00e1, evento de car\u00e1cter internacional que se realiza de manera simult\u00e1nea en distintas partes del mundo. Bajo el lema \u201cAdoraci\u00f3n Pura\u201d, la convenci\u00f3n tendr\u00e1 lugar los d\u00edas viernes 11, s\u00e1bado 12 y domingo 13 de julio, en el Coliseo Municipal de Deportes de Zumbi, cant\u00f3n Centinela del C\u00f3ndor.<\/p>\n<p>La asamblea, abierta a toda la comunidad sin distinci\u00f3n religiosa, reunir\u00e1 a aproximadamente 800 personas provenientes de distintos cantones de la provincia, as\u00ed como delegaciones de zonas vecinas como Gualaquiza, Yacuambi, Zamora, Cumbaratza y Yantzaza. Se prev\u00e9 un impacto positivo en el \u00e1mbito social, espiritual y econ\u00f3mico local, considerando el dinamismo que generar\u00e1 la presencia de asistentes, voluntarios y visitantes.<\/p>\n<p>Robinson Buri, portavoz regional de los Testigos de Jehov\u00e1, destac\u00f3 que esta convenci\u00f3n forma parte de una serie de encuentros que se est\u00e1n desarrollando globalmente y que en Ecuador abarcar\u00e1n cerca de 200 reuniones en distintas ciudades y en varios idiomas, incluyendo kichwa, shuar, ingl\u00e9s, espa\u00f1ol y lengua de se\u00f1as ecuatoriana.<\/p>\n<p>Durante los tres d\u00edas del evento se presentar\u00e1n discursos, experiencias, entrevistas y recursos audiovisuales centrados en los principios b\u00edblicos y su aplicaci\u00f3n pr\u00e1ctica en la vida diaria. Uno de los atractivos ser\u00e1 la proyecci\u00f3n de dos nuevos cap\u00edtulos de la serie sobre la vida de Jesucristo, que ha tenido gran acogida a nivel mundial. Adem\u00e1s, se instalar\u00e1 una pantalla gigante para enriquecer la experiencia visual y pedag\u00f3gica de los asistentes.<\/p>\n<p>La organizaci\u00f3n ha contado con el apoyo log\u00edstico de autoridades locales y la colaboraci\u00f3n de numerosos voluntarios que han participado en la adecuaci\u00f3n del recinto, la planificaci\u00f3n de medidas de seguridad, se\u00f1al\u00e9tica, limpieza y orientaci\u00f3n general. Tambi\u00e9n se ha coordinado con la Polic\u00eda Nacional para garantizar un entorno seguro y ordenado.<\/p>\n<p>Los asistentes podr\u00e1n llevar sus propios alimentos y dispondr\u00e1n de espacios adecuados para su consumo, adem\u00e1s de momentos de receso que permitir\u00e1n un ambiente familiar, respetuoso y de reflexi\u00f3n.<\/p>\n<p>Finalmente, el vocero reiter\u00f3 que la entrada es completamente gratuita y sin compromiso, y que quienes deseen m\u00e1s informaci\u00f3n pueden visitar el sitio oficial jw.org, donde se encuentra disponible en m\u00e1s de mil idiomas contenido adicional sobre las asambleas, horarios, ubicaciones y materiales educativos.<\/p>\n<p>\u201cExtendemos una cordial invitaci\u00f3n a toda la comunidad zamorana y de sectores aleda\u00f1os. Esta convenci\u00f3n ofrece herramientas espirituales pr\u00e1cticas y valores que fortalecen a las familias y a la sociedad en tiempos desafiantes\u201d, concluy\u00f3 Robinson Buri.<\/p>\n","protected":false},"excerpt":{"rendered":"<p>Por primera vez en la provincia de Zamora Chinchipe se llevar\u00e1 a cabo la Asamblea Regional de los Testigos de Jehov\u00e1, evento de car\u00e1cter internacional que se realiza de manera simult\u00e1nea en distintas partes del mundo. Bajo el lema \u201cAdoraci\u00f3n Pura\u201d, la convenci\u00f3n tendr\u00e1 lugar los d\u00edas viernes 11, s\u00e1bado 12 y domingo 13 de julio, en el Coliseo Municipal de Deportes de Zumbi, cant\u00f3n Centinela del C\u00f3ndor. La asamblea, abierta a toda la comunidad sin distinci\u00f3n religiosa, reunir\u00e1 a aproximadamente 800 personas provenientes de distintos cantones de la provincia, as\u00ed como delegaciones de zonas vecinas como Gualaquiza, Yacuambi, Zamora, Cumbaratza y Yantzaza. Se prev\u00e9 un impacto positivo en el \u00e1mbito social, espiritual y econ\u00f3mico local, considerando el dinamismo que generar\u00e1 la presencia de asistentes, voluntarios y visitantes. Robinson Buri, portavoz regional de los Testigos de Jehov\u00e1, destac\u00f3 que esta convenci\u00f3n forma parte de una serie de encuentros que se est\u00e1n desarrollando globalmente y que en Ecuador abarcar\u00e1n cerca de 200 reuniones en distintas ciudades y en varios idiomas, incluyendo kichwa, shuar, ingl\u00e9s, espa\u00f1ol y lengua de se\u00f1as ecuatoriana. Durante los tres d\u00edas del evento se presentar\u00e1n discursos, experiencias, entrevistas y recursos audiovisuales centrados en los principios b\u00edblicos y su aplicaci\u00f3n pr\u00e1ctica en la vida diaria. Uno de los atractivos ser\u00e1 la proyecci\u00f3n de dos nuevos cap\u00edtulos de la serie sobre la vida de Jesucristo, que ha tenido gran acogida a nivel mundial. Adem\u00e1s, se instalar\u00e1 una pantalla gigante para enriquecer la experiencia visual y pedag\u00f3gica de los asistentes. La organizaci\u00f3n ha contado con el apoyo log\u00edstico de autoridades locales y la colaboraci\u00f3n de numerosos voluntarios que han participado en la adecuaci\u00f3n del recinto, la planificaci\u00f3n de medidas de seguridad, se\u00f1al\u00e9tica, limpieza y orientaci\u00f3n general. Tambi\u00e9n se ha coordinado con la Polic\u00eda Nacional para garantizar un entorno seguro y ordenado. Los asistentes podr\u00e1n llevar sus propios alimentos y dispondr\u00e1n de espacios adecuados para su consumo, adem\u00e1s de momentos de receso que permitir\u00e1n un ambiente familiar, respetuoso y de reflexi\u00f3n. Finalmente, el vocero reiter\u00f3 que la entrada es completamente gratuita y sin compromiso, y que quienes deseen m\u00e1s informaci\u00f3n pueden visitar el sitio oficial jw.org, donde se encuentra disponible en m\u00e1s de mil idiomas contenido adicional sobre las asambleas, horarios, ubicaciones y materiales educativos. \u201cExtendemos una cordial invitaci\u00f3n a toda la comunidad zamorana y de sectores aleda\u00f1os. Esta convenci\u00f3n ofrece herramientas espirituales pr\u00e1cticas y valores que fortalecen a las familias y a la sociedad en tiempos desafiantes\u201d, concluy\u00f3 Robinson Buri.<\/p>\n","protected":false},"author":1,"featured_media":24770,"comment_status":"open","ping_status":"open","sticky":false,"template":"","format":"standard","meta":{"footnotes":""},"categories":[243],"tags":[],"class_list":["post-24769","post","type-post","status-publish","format-standard","has-post-thumbnail","hentry","category-noticias-zamora"],"_links":{"self":[{"href":"https:\/\/www.elamazonico.com\/portal\/wp-json\/wp\/v2\/posts\/24769","targetHints":{"allow":["GET"]}}],"collection":[{"href":"https:\/\/www.elamazonico.com\/portal\/wp-json\/wp\/v2\/posts"}],"about":[{"href":"https:\/\/www.elamazonico.com\/portal\/wp-json\/wp\/v2\/types\/post"}],"author":[{"embeddable":true,"href":"https:\/\/www.elamazonico.com\/portal\/wp-json\/wp\/v2\/users\/1"}],"replies":[{"embeddable":true,"href":"https:\/\/www.elamazonico.com\/portal\/wp-json\/wp\/v2\/comments?post=24769"}],"version-history":[{"count":1,"href":"https:\/\/www.elamazonico.com\/portal\/wp-json\/wp\/v2\/posts\/24769\/revisions"}],"predecessor-version":[{"id":24771,"href":"https:\/\/www.elamazonico.com\/portal\/wp-json\/wp\/v2\/posts\/24769\/revisions\/24771"}],"wp:featuredmedia":[{"embeddable":true,"href":"https:\/\/www.elamazonico.com\/portal\/wp-json\/wp\/v2\/media\/24770"}],"wp:attachment":[{"href":"https:\/\/www.elamazonico.com\/portal\/wp-json\/wp\/v2\/media?parent=24769"}],"wp:term":[{"taxonomy":"category","embeddable":true,"href":"https:\/\/www.elamazonico.com\/portal\/wp-json\/wp\/v2\/categories?post=24769"},{"taxonomy":"post_tag","embeddable":true,"href":"https:\/\/www.elamazonico.com\/portal\/wp-json\/wp\/v2\/tags?post=24769"}],"curies":[{"name":"wp","href":"https:\/\/api.w.org\/{rel}","templated":true}]}}