{"id":24764,"date":"2025-07-09T12:02:59","date_gmt":"2025-07-09T17:02:59","guid":{"rendered":"https:\/\/www.elamazonico.com\/portal\/?p=24764"},"modified":"2025-07-09T12:08:05","modified_gmt":"2025-07-09T17:08:05","slug":"24764-2","status":"publish","type":"post","link":"https:\/\/www.elamazonico.com\/portal\/24764-2\/","title":{"rendered":"La fuerza tiene nuevo rostro: una mujer al mando de la Polic\u00eda en Zamora Chinchipe"},"content":{"rendered":"<p data-start=\"213\" data-end=\"608\">Por primera vez en la historia reciente de Zamora Chinchipe, una mujer asume el mando de la Polic\u00eda Nacional en la provincia. La <strong data-start=\"382\" data-end=\"421\">Crnl. Mar\u00eda Alexandra Salcedo Arias<\/strong> ha sido designada como <strong data-start=\"445\" data-end=\"495\">Comandante de la Subzona Zamora Chinchipe N.19<\/strong>, marcando un momento trascendental para la institucionalidad y la igualdad de g\u00e9nero en las fuerzas del orden.<\/p>\n<p data-start=\"610\" data-end=\"1044\">La presentaci\u00f3n oficial tuvo lugar en la Gobernaci\u00f3n Provincial, donde la nueva comandante, con voz firme y mirada resuelta, reafirm\u00f3 su compromiso de velar por la paz y seguridad de los ciudadanos. \u201c<strong data-start=\"810\" data-end=\"933\">Trabajar\u00e9 incansablemente por una provincia m\u00e1s segura, con una Polic\u00eda cercana a la gente y sensible a sus necesidades<\/strong>\u201d, expres\u00f3 la Crnl. Salcedo, quien cuenta con una destacada trayectoria en distintas jurisdicciones del pa\u00eds.<\/p>\n<p data-start=\"1046\" data-end=\"1326\">El encuentro cont\u00f3 con la presencia de la Gobernadora, autoridades civiles y mandos policiales, quienes trazaron <strong data-start=\"1159\" data-end=\"1242\">estrategias conjuntas para reforzar la presencia institucional en el territorio<\/strong> y responder con eficiencia a los desaf\u00edos de seguridad que enfrenta la provincia.<\/p>\n<p data-start=\"1328\" data-end=\"1591\">La llegada de la Crnl. Salcedo Arias simboliza no solo un cambio de liderazgo, sino tambi\u00e9n el avance hacia una Polic\u00eda que reconoce y valora el papel de las mujeres en cargos de alta responsabilidad, inspirando a nuevas generaciones en la Amazon\u00eda ecuatoriana.<\/p>\n","protected":false},"excerpt":{"rendered":"<p>Por primera vez en la historia reciente de Zamora Chinchipe, una mujer asume el mando de la Polic\u00eda Nacional en la provincia. La Crnl. Mar\u00eda Alexandra Salcedo Arias ha sido designada como Comandante de la Subzona Zamora Chinchipe N.19, marcando un momento trascendental para la institucionalidad y la igualdad de g\u00e9nero en las fuerzas del orden. La presentaci\u00f3n oficial tuvo lugar en la Gobernaci\u00f3n Provincial, donde la nueva comandante, con voz firme y mirada resuelta, reafirm\u00f3 su compromiso de velar por la paz y seguridad de los ciudadanos. \u201cTrabajar\u00e9 incansablemente por una provincia m\u00e1s segura, con una Polic\u00eda cercana a la gente y sensible a sus necesidades\u201d, expres\u00f3 la Crnl. Salcedo, quien cuenta con una destacada trayectoria en distintas jurisdicciones del pa\u00eds. El encuentro cont\u00f3 con la presencia de la Gobernadora, autoridades civiles y mandos policiales, quienes trazaron estrategias conjuntas para reforzar la presencia institucional en el territorio y responder con eficiencia a los desaf\u00edos de seguridad que enfrenta la provincia. La llegada de la Crnl. Salcedo Arias simboliza no solo un cambio de liderazgo, sino tambi\u00e9n el avance hacia una Polic\u00eda que reconoce y valora el papel de las mujeres en cargos de alta responsabilidad, inspirando a nuevas generaciones en la Amazon\u00eda ecuatoriana.<\/p>\n","protected":false},"author":1,"featured_media":24765,"comment_status":"open","ping_status":"open","sticky":false,"template":"","format":"standard","meta":{"footnotes":""},"categories":[243],"tags":[],"class_list":["post-24764","post","type-post","status-publish","format-standard","has-post-thumbnail","hentry","category-noticias-zamora"],"_links":{"self":[{"href":"https:\/\/www.elamazonico.com\/portal\/wp-json\/wp\/v2\/posts\/24764","targetHints":{"allow":["GET"]}}],"collection":[{"href":"https:\/\/www.elamazonico.com\/portal\/wp-json\/wp\/v2\/posts"}],"about":[{"href":"https:\/\/www.elamazonico.com\/portal\/wp-json\/wp\/v2\/types\/post"}],"author":[{"embeddable":true,"href":"https:\/\/www.elamazonico.com\/portal\/wp-json\/wp\/v2\/users\/1"}],"replies":[{"embeddable":true,"href":"https:\/\/www.elamazonico.com\/portal\/wp-json\/wp\/v2\/comments?post=24764"}],"version-history":[{"count":3,"href":"https:\/\/www.elamazonico.com\/portal\/wp-json\/wp\/v2\/posts\/24764\/revisions"}],"predecessor-version":[{"id":24768,"href":"https:\/\/www.elamazonico.com\/portal\/wp-json\/wp\/v2\/posts\/24764\/revisions\/24768"}],"wp:featuredmedia":[{"embeddable":true,"href":"https:\/\/www.elamazonico.com\/portal\/wp-json\/wp\/v2\/media\/24765"}],"wp:attachment":[{"href":"https:\/\/www.elamazonico.com\/portal\/wp-json\/wp\/v2\/media?parent=24764"}],"wp:term":[{"taxonomy":"category","embeddable":true,"href":"https:\/\/www.elamazonico.com\/portal\/wp-json\/wp\/v2\/categories?post=24764"},{"taxonomy":"post_tag","embeddable":true,"href":"https:\/\/www.elamazonico.com\/portal\/wp-json\/wp\/v2\/tags?post=24764"}],"curies":[{"name":"wp","href":"https:\/\/api.w.org\/{rel}","templated":true}]}}