{"id":24761,"date":"2025-07-09T11:11:26","date_gmt":"2025-07-09T16:11:26","guid":{"rendered":"https:\/\/www.elamazonico.com\/portal\/?p=24761"},"modified":"2025-07-09T11:12:07","modified_gmt":"2025-07-09T16:12:07","slug":"zamora-prioriza-atencion-a-emergencias-por-lluvias-alcaldia-redirecciona-recursos-de-festividades-hacia-obras-urgentes","status":"publish","type":"post","link":"https:\/\/www.elamazonico.com\/portal\/zamora-prioriza-atencion-a-emergencias-por-lluvias-alcaldia-redirecciona-recursos-de-festividades-hacia-obras-urgentes\/","title":{"rendered":"Zamora prioriza atenci\u00f3n a emergencias por lluvias: Alcald\u00eda redirecciona recursos de festividades hacia obras urgentes"},"content":{"rendered":"<p>En una rueda de prensa desarrollada este mi\u00e9rcoles, el alcalde del cant\u00f3n Zamora inform\u00f3 a la ciudadan\u00eda sobre la reorientaci\u00f3n del presupuesto inicialmente destinado para las festividades de fundaci\u00f3n de la ciudad, con el objetivo de atender de manera inmediata los m\u00faltiples efectos causados por la temporada invernal en diversas zonas urbanas y rurales del cant\u00f3n.<\/p>\n<p>Durante su intervenci\u00f3n, la autoridad municipal explic\u00f3 que se ha tomado la decisi\u00f3n de utilizar los USD 100.000 previstos para las celebraciones de la fundaci\u00f3n en acciones de emergencia, limpieza de v\u00edas y ejecuci\u00f3n de obras urgentes de infraestructura b\u00e1sica en barrios afectados. Esta decisi\u00f3n fue comunicada en sesi\u00f3n de Concejo el pasado martes, en presencia de concejales, dirigentes barriales y ciudadan\u00eda en general.<\/p>\n<p>Entre los sectores m\u00e1s afectados mencion\u00f3 a Nambija Bajo, Chamico, La Saquea, La Pituca, Imbana, Sabanilla y Jorge Mosquera, este \u00faltimo con un riesgo adicional por el cruce de la red principal de agua potable en la parte alta del barrio. En el casco urbano, se identifican afectaciones a lo largo de la margen del r\u00edo Zamora, incluyendo puntos cr\u00edticos en la avenida V\u00edctor Reyes C\u00e1rdenas, donde se ejecuta un proyecto con muros de contenci\u00f3n que ser\u00e1 reforzado con parte de los recursos redireccionados.<\/p>\n<p>Asimismo, el alcalde record\u00f3 que el cant\u00f3n ya fue declarado en emergencia el pasado 19 de mayo, y actualmente se trabaja en una actualizaci\u00f3n t\u00e9cnica de los informes de da\u00f1os, debido a que las lluvias recientes han agravado la situaci\u00f3n e incorporado nuevos sectores afectados. La evaluaci\u00f3n de necesidades est\u00e1 a cargo del equipo t\u00e9cnico municipal, quienes realizan recorridos en territorio para determinar con precisi\u00f3n las intervenciones prioritarias.<\/p>\n<p>En cuanto a las actividades previstas por la fundaci\u00f3n de Zamora, se aclar\u00f3 que algunas ser\u00e1n suspendidas de forma oficial, como el desfile y eventos art\u00edsticos. Sin embargo, se ratific\u00f3 la realizaci\u00f3n de la feria agropecuaria y ganadera en la parroquia Cumbaratza, as\u00ed como del tradicional Festival de la Ca\u00f1a y la Melcocha en la parroquia Timbara. Estas actividades no solo son expresi\u00f3n cultural, sino que constituyen un respaldo a los productores agr\u00edcolas y ganaderos del cant\u00f3n.<\/p>\n<p>Finalmente, el alcalde hizo un llamado a la comprensi\u00f3n y corresponsabilidad ciudadana ante las decisiones adoptadas, se\u00f1alando que la prioridad del Gobierno Municipal es garantizar la seguridad, movilidad y bienestar de la poblaci\u00f3n, en especial de quienes han sido severamente impactados por el temporal.<\/p>\n","protected":false},"excerpt":{"rendered":"<p>En una rueda de prensa desarrollada este mi\u00e9rcoles, el alcalde del cant\u00f3n Zamora inform\u00f3 a la ciudadan\u00eda sobre la reorientaci\u00f3n del presupuesto inicialmente destinado para las festividades de fundaci\u00f3n de la ciudad, con el objetivo de atender de manera inmediata los m\u00faltiples efectos causados por la temporada invernal en diversas zonas urbanas y rurales del cant\u00f3n. Durante su intervenci\u00f3n, la autoridad municipal explic\u00f3 que se ha tomado la decisi\u00f3n de utilizar los USD 100.000 previstos para las celebraciones de la fundaci\u00f3n en acciones de emergencia, limpieza de v\u00edas y ejecuci\u00f3n de obras urgentes de infraestructura b\u00e1sica en barrios afectados. Esta decisi\u00f3n fue comunicada en sesi\u00f3n de Concejo el pasado martes, en presencia de concejales, dirigentes barriales y ciudadan\u00eda en general. Entre los sectores m\u00e1s afectados mencion\u00f3 a Nambija Bajo, Chamico, La Saquea, La Pituca, Imbana, Sabanilla y Jorge Mosquera, este \u00faltimo con un riesgo adicional por el cruce de la red principal de agua potable en la parte alta del barrio. En el casco urbano, se identifican afectaciones a lo largo de la margen del r\u00edo Zamora, incluyendo puntos cr\u00edticos en la avenida V\u00edctor Reyes C\u00e1rdenas, donde se ejecuta un proyecto con muros de contenci\u00f3n que ser\u00e1 reforzado con parte de los recursos redireccionados. Asimismo, el alcalde record\u00f3 que el cant\u00f3n ya fue declarado en emergencia el pasado 19 de mayo, y actualmente se trabaja en una actualizaci\u00f3n t\u00e9cnica de los informes de da\u00f1os, debido a que las lluvias recientes han agravado la situaci\u00f3n e incorporado nuevos sectores afectados. La evaluaci\u00f3n de necesidades est\u00e1 a cargo del equipo t\u00e9cnico municipal, quienes realizan recorridos en territorio para determinar con precisi\u00f3n las intervenciones prioritarias. En cuanto a las actividades previstas por la fundaci\u00f3n de Zamora, se aclar\u00f3 que algunas ser\u00e1n suspendidas de forma oficial, como el desfile y eventos art\u00edsticos. Sin embargo, se ratific\u00f3 la realizaci\u00f3n de la feria agropecuaria y ganadera en la parroquia Cumbaratza, as\u00ed como del tradicional Festival de la Ca\u00f1a y la Melcocha en la parroquia Timbara. Estas actividades no solo son expresi\u00f3n cultural, sino que constituyen un respaldo a los productores agr\u00edcolas y ganaderos del cant\u00f3n. Finalmente, el alcalde hizo un llamado a la comprensi\u00f3n y corresponsabilidad ciudadana ante las decisiones adoptadas, se\u00f1alando que la prioridad del Gobierno Municipal es garantizar la seguridad, movilidad y bienestar de la poblaci\u00f3n, en especial de quienes han sido severamente impactados por el temporal.<\/p>\n","protected":false},"author":1,"featured_media":24762,"comment_status":"open","ping_status":"open","sticky":false,"template":"","format":"standard","meta":{"footnotes":""},"categories":[243],"tags":[],"class_list":["post-24761","post","type-post","status-publish","format-standard","has-post-thumbnail","hentry","category-noticias-zamora"],"_links":{"self":[{"href":"https:\/\/www.elamazonico.com\/portal\/wp-json\/wp\/v2\/posts\/24761","targetHints":{"allow":["GET"]}}],"collection":[{"href":"https:\/\/www.elamazonico.com\/portal\/wp-json\/wp\/v2\/posts"}],"about":[{"href":"https:\/\/www.elamazonico.com\/portal\/wp-json\/wp\/v2\/types\/post"}],"author":[{"embeddable":true,"href":"https:\/\/www.elamazonico.com\/portal\/wp-json\/wp\/v2\/users\/1"}],"replies":[{"embeddable":true,"href":"https:\/\/www.elamazonico.com\/portal\/wp-json\/wp\/v2\/comments?post=24761"}],"version-history":[{"count":1,"href":"https:\/\/www.elamazonico.com\/portal\/wp-json\/wp\/v2\/posts\/24761\/revisions"}],"predecessor-version":[{"id":24763,"href":"https:\/\/www.elamazonico.com\/portal\/wp-json\/wp\/v2\/posts\/24761\/revisions\/24763"}],"wp:featuredmedia":[{"embeddable":true,"href":"https:\/\/www.elamazonico.com\/portal\/wp-json\/wp\/v2\/media\/24762"}],"wp:attachment":[{"href":"https:\/\/www.elamazonico.com\/portal\/wp-json\/wp\/v2\/media?parent=24761"}],"wp:term":[{"taxonomy":"category","embeddable":true,"href":"https:\/\/www.elamazonico.com\/portal\/wp-json\/wp\/v2\/categories?post=24761"},{"taxonomy":"post_tag","embeddable":true,"href":"https:\/\/www.elamazonico.com\/portal\/wp-json\/wp\/v2\/tags?post=24761"}],"curies":[{"name":"wp","href":"https:\/\/api.w.org\/{rel}","templated":true}]}}