{"id":24758,"date":"2025-07-10T04:00:17","date_gmt":"2025-07-10T09:00:17","guid":{"rendered":"https:\/\/www.elamazonico.com\/portal\/?p=24758"},"modified":"2025-07-09T10:48:24","modified_gmt":"2025-07-09T15:48:24","slug":"preocupacion-ciudadana-ante-riesgo-inminente-por-deslizamientos-en-la-parte-alta-del-barrio-jorge-mosquera-de-zamora","status":"publish","type":"post","link":"https:\/\/www.elamazonico.com\/portal\/preocupacion-ciudadana-ante-riesgo-inminente-por-deslizamientos-en-la-parte-alta-del-barrio-jorge-mosquera-de-zamora\/","title":{"rendered":"Preocupaci\u00f3n ciudadana ante riesgo inminente por deslizamientos en la parte alta del barrio Jorge Mosquera de Zamora"},"content":{"rendered":"<p>En una reciente entrevista p\u00fablica, el presidente del barrio Jorge Mosquera, Jorge Aguilar, expres\u00f3 su profunda preocupaci\u00f3n ante una situaci\u00f3n cr\u00edtica que afecta la parte alta de dicho sector, ubicada en el cant\u00f3n Zamora. Seg\u00fan indic\u00f3, se trata de una \u201cbomba de tiempo\u201d debido a la acumulaci\u00f3n de aguas y la creciente inestabilidad del terreno por la deforestaci\u00f3n, erosi\u00f3n y las intensas lluvias de la actual temporada invernal.<\/p>\n<p>El dirigente barrial manifest\u00f3 que ha realizado acercamientos con autoridades locales y provinciales desde el a\u00f1o 2020, cuando se solicit\u00f3 una inspecci\u00f3n formal a la Secretar\u00eda de Gesti\u00f3n de Riesgos. Sin embargo, lament\u00f3 que no se haya dado seguimiento oportuno al informe emitido en ese entonces, argumentando que la pandemia del COVID-19 interrumpi\u00f3 las acciones. No obstante, se ha anunciado una nueva inspecci\u00f3n t\u00e9cnica para el lunes de la pr\u00f3xima semana, en la que participar\u00e1n autoridades del GAD Municipal, concejales y directores departamentales.<br \/>\nDurante su intervenci\u00f3n, Aguilar subray\u00f3 la apertura al di\u00e1logo con los propietarios de los predios en la zona afectada, en especial con el representante del Vicariato Apost\u00f3lico de Zamora, monse\u00f1or Jaime Castillo, quien ha mostrado su disposici\u00f3n a colaborar en la b\u00fasqueda de soluciones, incluida la reapertura de caminos tradicionales para evitar intervenir zonas de alto riesgo ambiental.<\/p>\n<p>Asimismo, hizo un llamado enf\u00e1tico a las autoridades ambientales, al Ministerio del Ambiente y a los organismos de control, para frenar la deforestaci\u00f3n que sigue avanzando en \u00e1reas sensibles del ecosistema. Acompa\u00f1ado de testimonios gr\u00e1ficos y de denuncias anteriores, Aguilar denunci\u00f3 la tala ilegal de bosques en el sector de \u201cLas Tres Cruces\u201d y otras zonas pertenecientes al Vicariato, instando a la ciudadan\u00eda y a los vecinos de sectores aleda\u00f1os como La Albernia y El L\u00edbano a cuidar activamente la cobertura vegetal.<\/p>\n<p>El l\u00edder barrial record\u00f3 que este riesgo no afecta solo a unas pocas viviendas, sino que su potencial alcance podr\u00eda llegar hasta zonas urbanas estrat\u00e9gicas como el Colegio Madre Bernarda, el Banco de Pichincha e incluso instalaciones institucionales como la Prefectura de Zamora Chinchipe. En tal sentido, hizo una invitaci\u00f3n abierta a los amantes de la naturaleza, l\u00edderes comunitarios, instituciones t\u00e9cnicas y medios de comunicaci\u00f3n a acompa\u00f1ar la caminata de inspecci\u00f3n planificada, a fin de constatar en territorio la magnitud del problema y sumar criterios t\u00e9cnicos para su atenci\u00f3n urgente.<\/p>\n<p>Finalmente, expres\u00f3 su agradecimiento a los concejales y actores institucionales que han mostrado disposici\u00f3n para contribuir con soluciones estructurales, as\u00ed como al personal que ya colabor\u00f3 en tareas de limpieza parcial de la cancha del barrio. Reiter\u00f3 que el mayor desaf\u00edo no es solo rehabilitar la zona afectada, sino generar conciencia colectiva sobre la importancia de conservar los ecosistemas que rodean la ciudad de Zamora, que adem\u00e1s de belleza paisaj\u00edstica, aportan a la seguridad, al equilibrio clim\u00e1tico y a la calidad de vida de sus habitantes.<\/p>\n","protected":false},"excerpt":{"rendered":"<p>En una reciente entrevista p\u00fablica, el presidente del barrio Jorge Mosquera, Jorge Aguilar, expres\u00f3 su profunda preocupaci\u00f3n ante una situaci\u00f3n cr\u00edtica que afecta la parte alta de dicho sector, ubicada en el cant\u00f3n Zamora. Seg\u00fan indic\u00f3, se trata de una \u201cbomba de tiempo\u201d debido a la acumulaci\u00f3n de aguas y la creciente inestabilidad del terreno por la deforestaci\u00f3n, erosi\u00f3n y las intensas lluvias de la actual temporada invernal. El dirigente barrial manifest\u00f3 que ha realizado acercamientos con autoridades locales y provinciales desde el a\u00f1o 2020, cuando se solicit\u00f3 una inspecci\u00f3n formal a la Secretar\u00eda de Gesti\u00f3n de Riesgos. Sin embargo, lament\u00f3 que no se haya dado seguimiento oportuno al informe emitido en ese entonces, argumentando que la pandemia del COVID-19 interrumpi\u00f3 las acciones. No obstante, se ha anunciado una nueva inspecci\u00f3n t\u00e9cnica para el lunes de la pr\u00f3xima semana, en la que participar\u00e1n autoridades del GAD Municipal, concejales y directores departamentales. Durante su intervenci\u00f3n, Aguilar subray\u00f3 la apertura al di\u00e1logo con los propietarios de los predios en la zona afectada, en especial con el representante del Vicariato Apost\u00f3lico de Zamora, monse\u00f1or Jaime Castillo, quien ha mostrado su disposici\u00f3n a colaborar en la b\u00fasqueda de soluciones, incluida la reapertura de caminos tradicionales para evitar intervenir zonas de alto riesgo ambiental. Asimismo, hizo un llamado enf\u00e1tico a las autoridades ambientales, al Ministerio del Ambiente y a los organismos de control, para frenar la deforestaci\u00f3n que sigue avanzando en \u00e1reas sensibles del ecosistema. Acompa\u00f1ado de testimonios gr\u00e1ficos y de denuncias anteriores, Aguilar denunci\u00f3 la tala ilegal de bosques en el sector de \u201cLas Tres Cruces\u201d y otras zonas pertenecientes al Vicariato, instando a la ciudadan\u00eda y a los vecinos de sectores aleda\u00f1os como La Albernia y El L\u00edbano a cuidar activamente la cobertura vegetal. El l\u00edder barrial record\u00f3 que este riesgo no afecta solo a unas pocas viviendas, sino que su potencial alcance podr\u00eda llegar hasta zonas urbanas estrat\u00e9gicas como el Colegio Madre Bernarda, el Banco de Pichincha e incluso instalaciones institucionales como la Prefectura de Zamora Chinchipe. En tal sentido, hizo una invitaci\u00f3n abierta a los amantes de la naturaleza, l\u00edderes comunitarios, instituciones t\u00e9cnicas y medios de comunicaci\u00f3n a acompa\u00f1ar la caminata de inspecci\u00f3n planificada, a fin de constatar en territorio la magnitud del problema y sumar criterios t\u00e9cnicos para su atenci\u00f3n urgente. Finalmente, expres\u00f3 su agradecimiento a los concejales y actores institucionales que han mostrado disposici\u00f3n para contribuir con soluciones estructurales, as\u00ed como al personal que ya colabor\u00f3 en tareas de limpieza parcial de la cancha del barrio. Reiter\u00f3 que el mayor desaf\u00edo no es solo rehabilitar la zona afectada, sino generar conciencia colectiva sobre la importancia de conservar los ecosistemas que rodean la ciudad de Zamora, que adem\u00e1s de belleza paisaj\u00edstica, aportan a la seguridad, al equilibrio clim\u00e1tico y a la calidad de vida de sus habitantes.<\/p>\n","protected":false},"author":1,"featured_media":24759,"comment_status":"open","ping_status":"open","sticky":false,"template":"","format":"standard","meta":{"footnotes":""},"categories":[243],"tags":[],"class_list":["post-24758","post","type-post","status-publish","format-standard","has-post-thumbnail","hentry","category-noticias-zamora"],"_links":{"self":[{"href":"https:\/\/www.elamazonico.com\/portal\/wp-json\/wp\/v2\/posts\/24758","targetHints":{"allow":["GET"]}}],"collection":[{"href":"https:\/\/www.elamazonico.com\/portal\/wp-json\/wp\/v2\/posts"}],"about":[{"href":"https:\/\/www.elamazonico.com\/portal\/wp-json\/wp\/v2\/types\/post"}],"author":[{"embeddable":true,"href":"https:\/\/www.elamazonico.com\/portal\/wp-json\/wp\/v2\/users\/1"}],"replies":[{"embeddable":true,"href":"https:\/\/www.elamazonico.com\/portal\/wp-json\/wp\/v2\/comments?post=24758"}],"version-history":[{"count":1,"href":"https:\/\/www.elamazonico.com\/portal\/wp-json\/wp\/v2\/posts\/24758\/revisions"}],"predecessor-version":[{"id":24760,"href":"https:\/\/www.elamazonico.com\/portal\/wp-json\/wp\/v2\/posts\/24758\/revisions\/24760"}],"wp:featuredmedia":[{"embeddable":true,"href":"https:\/\/www.elamazonico.com\/portal\/wp-json\/wp\/v2\/media\/24759"}],"wp:attachment":[{"href":"https:\/\/www.elamazonico.com\/portal\/wp-json\/wp\/v2\/media?parent=24758"}],"wp:term":[{"taxonomy":"category","embeddable":true,"href":"https:\/\/www.elamazonico.com\/portal\/wp-json\/wp\/v2\/categories?post=24758"},{"taxonomy":"post_tag","embeddable":true,"href":"https:\/\/www.elamazonico.com\/portal\/wp-json\/wp\/v2\/tags?post=24758"}],"curies":[{"name":"wp","href":"https:\/\/api.w.org\/{rel}","templated":true}]}}