{"id":24752,"date":"2025-07-09T10:07:56","date_gmt":"2025-07-09T15:07:56","guid":{"rendered":"https:\/\/www.elamazonico.com\/portal\/?p=24752"},"modified":"2025-07-09T10:07:56","modified_gmt":"2025-07-09T15:07:56","slug":"100-servidores-judiciales-destituidos-y-40-vinculados-a-casos-de-corrupcion-judicatura-alerta-crisis-estructural","status":"publish","type":"post","link":"https:\/\/www.elamazonico.com\/portal\/100-servidores-judiciales-destituidos-y-40-vinculados-a-casos-de-corrupcion-judicatura-alerta-crisis-estructural\/","title":{"rendered":"100 servidores judiciales destituidos y 40 vinculados a casos de corrupci\u00f3n: Judicatura alerta crisis estructural"},"content":{"rendered":"<p>El presidente del Consejo de la Judicatura, Mario Godoy, denunci\u00f3, le martes 8 de julio de 2025, una grave crisis institucional en el sistema judicial del pa\u00eds. La entidad, que tiene al pleno con autoridades prorrogadas, est\u00e1 al borde de que se declare en emergencia judicial.<\/p>\n<p>&nbsp;<\/p>\n<p>En una entrevista con Radio Democracia, Godoy detall\u00f3 que desde que asumi\u00f3 el cargo han sido destituidos 100 servidores judiciales a escala nacional, incluidos 53 jueces, 11 fiscales y otros funcionarios como secretarios, citadores, t\u00e9cnicos de ventanilla y directores provinciales.<\/p>\n<p>\u201cEn cada entrevista que tengo el n\u00famero crece\u201d, expres\u00f3 Godoy. Precis\u00f3 que 40 de los destituidos est\u00e1n relacionados con casos de alta connotaci\u00f3n nacional: 10 en el caso Purga, 10 en Met\u00e1stasis, tres en Plaga, uno vinculado tanto a Plaga como a Met\u00e1stasis, y seis por el caso de lavado de activos ligado a Daniel Salcedo. \u201cAlgunos est\u00e1n enjuiciados, otros han ido a la c\u00e1rcel\u201d, a\u00f1adi\u00f3.<\/p>\n<p>Godoy tambi\u00e9n advirti\u00f3 sobre las condiciones precarias en las que opera actualmente la Funci\u00f3n Judicial. Inform\u00f3 que hay un d\u00e9ficit de 754 jueces en todas las materias e instancias, lo que ha generado una fuerte sobrecarga procesal.<\/p>\n<p>Esto se traduce en retrasos en los tr\u00e1mites, acumulaci\u00f3n de causas y un mayor margen de error en los fallos judiciales. A esta situaci\u00f3n se suma el deterioro de la infraestructura judicial y un d\u00e9ficit presupuestario de USD 205 millones.<\/p>\n<p>Frente a este panorama, el titular de la Judicatura plante\u00f3 la necesidad de declarar en emergencia al sistema judicial, para as\u00ed habilitar mecanismos excepcionales que permitan atender los problemas estructurales de forma urgente.<\/p>\n<p>Las declaraciones de Godoy se dan en un contexto de tensi\u00f3n institucional. Las \u00faltimas semanas, el ministro del Interior, John Reimberg, ha criticado el accionar de ciertos jueces y pidi\u00f3 a la Judicatura asumir con firmeza los procesos disciplinarios.<\/p>\n<p>Incluso mantuvo una reuni\u00f3n con las principales autoridades del Consejo de la Judicatura, en medio de la presi\u00f3n p\u00fablica por la liberaci\u00f3n de personas vinculadas al crimen organizado.<\/p>\n<p><strong>Judicatura sin qu\u00f3rum<\/strong><br \/>\nPara el martes 8 de julio, estaba prevista una sesi\u00f3n del Pleno del Consejo de la Judicatura para tratar cinco expedientes disciplinarios. Sin embargo, la reuni\u00f3n no se realiz\u00f3 por falta de qu\u00f3rum.<\/p>\n<p>Solo asistieron Mario Godoy y la vocal Yolanda Yupangui. La tercera vocal, Solanda Goyes, present\u00f3 un certificado m\u00e9dico que le impide asistir durante varios d\u00edas.<\/p>\n<p>La Judicatura actualmente funciona con tres de sus cinco vocales, todos en funciones prorrogadas, lo que ha complicado la toma de decisiones. <strong>Fuente: Primicias<\/strong><\/p>\n","protected":false},"excerpt":{"rendered":"<p>El presidente del Consejo de la Judicatura, Mario Godoy, denunci\u00f3, le martes 8 de julio de 2025, una grave crisis institucional en el sistema judicial del pa\u00eds. La entidad, que tiene al pleno con autoridades prorrogadas, est\u00e1 al borde de que se declare en emergencia judicial. &nbsp; En una entrevista con Radio Democracia, Godoy detall\u00f3 que desde que asumi\u00f3 el cargo han sido destituidos 100 servidores judiciales a escala nacional, incluidos 53 jueces, 11 fiscales y otros funcionarios como secretarios, citadores, t\u00e9cnicos de ventanilla y directores provinciales. \u201cEn cada entrevista que tengo el n\u00famero crece\u201d, expres\u00f3 Godoy. Precis\u00f3 que 40 de los destituidos est\u00e1n relacionados con casos de alta connotaci\u00f3n nacional: 10 en el caso Purga, 10 en Met\u00e1stasis, tres en Plaga, uno vinculado tanto a Plaga como a Met\u00e1stasis, y seis por el caso de lavado de activos ligado a Daniel Salcedo. \u201cAlgunos est\u00e1n enjuiciados, otros han ido a la c\u00e1rcel\u201d, a\u00f1adi\u00f3. Godoy tambi\u00e9n advirti\u00f3 sobre las condiciones precarias en las que opera actualmente la Funci\u00f3n Judicial. Inform\u00f3 que hay un d\u00e9ficit de 754 jueces en todas las materias e instancias, lo que ha generado una fuerte sobrecarga procesal. Esto se traduce en retrasos en los tr\u00e1mites, acumulaci\u00f3n de causas y un mayor margen de error en los fallos judiciales. A esta situaci\u00f3n se suma el deterioro de la infraestructura judicial y un d\u00e9ficit presupuestario de USD 205 millones. Frente a este panorama, el titular de la Judicatura plante\u00f3 la necesidad de declarar en emergencia al sistema judicial, para as\u00ed habilitar mecanismos excepcionales que permitan atender los problemas estructurales de forma urgente. Las declaraciones de Godoy se dan en un contexto de tensi\u00f3n institucional. Las \u00faltimas semanas, el ministro del Interior, John Reimberg, ha criticado el accionar de ciertos jueces y pidi\u00f3 a la Judicatura asumir con firmeza los procesos disciplinarios. Incluso mantuvo una reuni\u00f3n con las principales autoridades del Consejo de la Judicatura, en medio de la presi\u00f3n p\u00fablica por la liberaci\u00f3n de personas vinculadas al crimen organizado. Judicatura sin qu\u00f3rum Para el martes 8 de julio, estaba prevista una sesi\u00f3n del Pleno del Consejo de la Judicatura para tratar cinco expedientes disciplinarios. Sin embargo, la reuni\u00f3n no se realiz\u00f3 por falta de qu\u00f3rum. Solo asistieron Mario Godoy y la vocal Yolanda Yupangui. La tercera vocal, Solanda Goyes, present\u00f3 un certificado m\u00e9dico que le impide asistir durante varios d\u00edas. La Judicatura actualmente funciona con tres de sus cinco vocales, todos en funciones prorrogadas, lo que ha complicado la toma de decisiones. Fuente: Primicias<\/p>\n","protected":false},"author":1,"featured_media":24753,"comment_status":"open","ping_status":"open","sticky":false,"template":"","format":"standard","meta":{"footnotes":""},"categories":[268],"tags":[],"class_list":["post-24752","post","type-post","status-publish","format-standard","has-post-thumbnail","hentry","category-nacionales"],"_links":{"self":[{"href":"https:\/\/www.elamazonico.com\/portal\/wp-json\/wp\/v2\/posts\/24752","targetHints":{"allow":["GET"]}}],"collection":[{"href":"https:\/\/www.elamazonico.com\/portal\/wp-json\/wp\/v2\/posts"}],"about":[{"href":"https:\/\/www.elamazonico.com\/portal\/wp-json\/wp\/v2\/types\/post"}],"author":[{"embeddable":true,"href":"https:\/\/www.elamazonico.com\/portal\/wp-json\/wp\/v2\/users\/1"}],"replies":[{"embeddable":true,"href":"https:\/\/www.elamazonico.com\/portal\/wp-json\/wp\/v2\/comments?post=24752"}],"version-history":[{"count":1,"href":"https:\/\/www.elamazonico.com\/portal\/wp-json\/wp\/v2\/posts\/24752\/revisions"}],"predecessor-version":[{"id":24754,"href":"https:\/\/www.elamazonico.com\/portal\/wp-json\/wp\/v2\/posts\/24752\/revisions\/24754"}],"wp:featuredmedia":[{"embeddable":true,"href":"https:\/\/www.elamazonico.com\/portal\/wp-json\/wp\/v2\/media\/24753"}],"wp:attachment":[{"href":"https:\/\/www.elamazonico.com\/portal\/wp-json\/wp\/v2\/media?parent=24752"}],"wp:term":[{"taxonomy":"category","embeddable":true,"href":"https:\/\/www.elamazonico.com\/portal\/wp-json\/wp\/v2\/categories?post=24752"},{"taxonomy":"post_tag","embeddable":true,"href":"https:\/\/www.elamazonico.com\/portal\/wp-json\/wp\/v2\/tags?post=24752"}],"curies":[{"name":"wp","href":"https:\/\/api.w.org\/{rel}","templated":true}]}}