{"id":24734,"date":"2025-07-08T09:26:19","date_gmt":"2025-07-08T14:26:19","guid":{"rendered":"https:\/\/www.elamazonico.com\/portal\/?p=24734"},"modified":"2025-07-08T09:26:19","modified_gmt":"2025-07-08T14:26:19","slug":"investigan-a-un-militar-por-intentar-ingresar-tarjetas-sim-y-cigarrillos-a-una-carcel-de-guayaquil","status":"publish","type":"post","link":"https:\/\/www.elamazonico.com\/portal\/investigan-a-un-militar-por-intentar-ingresar-tarjetas-sim-y-cigarrillos-a-una-carcel-de-guayaquil\/","title":{"rendered":"Investigan a un militar por intentar ingresar tarjetas SIM y cigarrillos a una c\u00e1rcel de Guayaquil"},"content":{"rendered":"<div class=\"paragraph texto\">\n<p class=\"p_0\">Un miembro de la Armada de Ecuador fue detenido este lunes tras intentar ingresar al menos\u00a0<u><b>doce tarjetas SIM para tel\u00e9fonos m\u00f3viles y unas quince cajetillas de cigarrillos<\/b><\/u>\u00a0a la C\u00e1rcel Regional de Guayaquil, seg\u00fan inform\u00f3 el Servicio Nacional de Atenci\u00f3n Integral a Personas Privadas de Libertad (<a href=\"https:\/\/www.vistazo.com\/actualidad\/nacional\/2025-07-07-detienen-miembro-armada-intentar-ingresar-chips-celular-carcel-guayaquil-FI9684722\">SNAI<\/a>).<\/p>\n<p class=\"p_1\">El militar fue detenido<u><b>\u00a0durante los controles de ingreso al centro penitenciario<\/b><\/u>, despu\u00e9s de que se detect\u00f3 que trataba de entrar con art\u00edculos que est\u00e1n prohibidos. El SNAI indic\u00f3 que una investigaci\u00f3n ya est\u00e1 en marcha.<\/p>\n<p class=\"p_3\">La Armada, por su parte, se\u00f1al\u00f3 en un comunicado que inici\u00f3 un proceso de sanci\u00f3n hacia el uniformado,\u00a0<u><b>\u00abretir\u00e1ndolo de su puesto de trabajo\u00bb\u00a0<\/b><\/u>y que tambi\u00e9n inici\u00f3 un proceso investigativo para esclarecer el hecho, \u00absin perjuicio de las acciones legales que se puedan instaurar\u00bb.<\/p>\n<div>\n<div class=\"trv-player-container\">\n<div class=\"trv-wrapper\">\n<div id=\"br_video_player_97cad807adef09796020b14019c3ad5a7a4d6079\" class=\"trvd_video_player trvdinstream\">\n<div class=\"media-player\">\n<div class=\"trv-video\">\n<div id=\"truvid_ima_container63474\" class=\"truvid_ima_container trv-ima-container-hidden\"><\/div>\n<\/div>\n<\/div>\n<div class=\"trv-autoskip-container\">\n<div class=\"trv-autoskip-background\">Adem\u00e1s, la instituci\u00f3n indic\u00f3 que brindar\u00e1 todas las facilidades a las autoridades competentes para las investigaciones y los tr\u00e1mites de ley correspondientes y a\u00f1adi\u00f3 que quienes act\u00faen o realicen actividades <u><b>\u00abalejadas a los valores institucionales\u00bb\u00a0<\/b><\/u>deber\u00e1n someterse a procesos administrativos disciplinarios de acuerdo a los reglamentos y leyes militares vigentes.<\/div>\n<\/div>\n<\/div>\n<\/div>\n<\/div>\n<\/div>\n<\/div>\n<div class=\"multimediaMacroWrapper img lateral\">\n<figure class=\"contentMedia art-img\">\n<div><img fetchpriority=\"high\" decoding=\"async\" class=\" lazyloaded\" title=\"En el CRS Guayas N.\u00ba 4, un militar fue detenido al intentar ingresar art\u00edculos prohibidos.\" src=\"https:\/\/www.vistazo.com\/placeholder\/svg\/viewbox\/622x427\" sizes=\"100vw\" srcset=\"\/\/www.vistazo.com\/binrepository\/622x427\/0c0\/0d0\/none\/12727\/TFLW\/gvtqy7fxeaaw2dp_2293271_20250708072854.jpg 622w,\/\/www.vistazo.com\/binrepository\/518x356\/0c0\/0d0\/none\/12727\/TFMM\/gvtqy7fxeaaw2dp_2293271_20250708072854.jpg 518w,\/\/www.vistazo.com\/binrepository\/415x285\/0c0\/0d0\/none\/12727\/TFNM\/gvtqy7fxeaaw2dp_2293271_20250708072854.jpg 415w,\/\/www.vistazo.com\/binrepository\/311x214\/0c0\/0d0\/none\/12727\/TFOW\/gvtqy7fxeaaw2dp_2293271_20250708072854.jpg 311w\" alt=\"$!En el CRS Guayas N.\u00ba 4, un militar fue detenido al intentar ingresar art\u00edculos prohibidos.\" width=\"622\" height=\"427\" data-srcset=\"\/\/www.vistazo.com\/binrepository\/622x427\/0c0\/0d0\/none\/12727\/TFLW\/gvtqy7fxeaaw2dp_2293271_20250708072854.jpg 622w,\/\/www.vistazo.com\/binrepository\/518x356\/0c0\/0d0\/none\/12727\/TFMM\/gvtqy7fxeaaw2dp_2293271_20250708072854.jpg 518w,\/\/www.vistazo.com\/binrepository\/415x285\/0c0\/0d0\/none\/12727\/TFNM\/gvtqy7fxeaaw2dp_2293271_20250708072854.jpg 415w,\/\/www.vistazo.com\/binrepository\/311x214\/0c0\/0d0\/none\/12727\/TFOW\/gvtqy7fxeaaw2dp_2293271_20250708072854.jpg 311w\" \/><\/div>\n<div class=\"cutline-byline\"><span class=\"cutline-text\">En el CRS Guayas N.\u00ba 4, un militar fue detenido al intentar ingresar art\u00edculos prohibidos.<\/span>\u00a0<span class=\"byline-image\">(Foto: SNAI )<\/span><\/div>\n<\/figure>\n<\/div>\n<h2 class=\"h2vistazo\">LA FUGA DE ALIAS FEDE<\/h2>\n<div class=\"paragraph texto\">\n<p class=\"p_6\">Hace unas semanas,\u00a0<u><b>diecinueve militares fueron procesados<\/b><\/u>\u00a0por su presunta participaci\u00f3n en la fuga del narcotraficante Rolando Federico G\u00f3mez Quinde (<b>&#8216;Fede&#8217;<\/b>), l\u00edder de la banda Los \u00c1guilas, quien sali\u00f3 de la Penitenciar\u00eda del Litoral, la prisi\u00f3n m\u00e1s grande y peligrosa del pa\u00eds, con la aparente ayuda de miembros de las fuerzas de seguridad.<\/p>\n<p class=\"p_7\">Las c\u00e1rceles son parte de la crisis de violencia que conllev\u00f3 al pa\u00eds a situarse a la cabeza de Latinoam\u00e9rica en \u00edndice de homicidios, lo que llev\u00f3 al presidente Daniel Noboa a ordenar su militarizaci\u00f3n desde inicios de 2024 cuando declar\u00f3 la\u00a0<u>\u00abguerra\u00bb a las bandas del crimen organizado y las catalog\u00f3 como \u00abgrupos terroristas\u00bb.<\/u><\/p>\n<p class=\"p_8\">Hasta ese momento las bandas criminales controlaban las principales c\u00e1rceles del pa\u00eds, donde desde 2021 han sido asesinados m\u00e1s de 500 reclusos, la mayor\u00eda de ellos en una serie de masacres por enfrentamientos entre distintas estructuras criminales. <strong>Fuente: Vistazo<\/strong><\/p>\n<\/div>\n","protected":false},"excerpt":{"rendered":"<p>Un miembro de la Armada de Ecuador fue detenido este lunes tras intentar ingresar al menos\u00a0doce tarjetas SIM para tel\u00e9fonos m\u00f3viles y unas quince cajetillas de cigarrillos\u00a0a la C\u00e1rcel Regional de Guayaquil, seg\u00fan inform\u00f3 el Servicio Nacional de Atenci\u00f3n Integral a Personas Privadas de Libertad (SNAI). El militar fue detenido\u00a0durante los controles de ingreso al centro penitenciario, despu\u00e9s de que se detect\u00f3 que trataba de entrar con art\u00edculos que est\u00e1n prohibidos. El SNAI indic\u00f3 que una investigaci\u00f3n ya est\u00e1 en marcha. La Armada, por su parte, se\u00f1al\u00f3 en un comunicado que inici\u00f3 un proceso de sanci\u00f3n hacia el uniformado,\u00a0\u00abretir\u00e1ndolo de su puesto de trabajo\u00bb\u00a0y que tambi\u00e9n inici\u00f3 un proceso investigativo para esclarecer el hecho, \u00absin perjuicio de las acciones legales que se puedan instaurar\u00bb. Adem\u00e1s, la instituci\u00f3n indic\u00f3 que brindar\u00e1 todas las facilidades a las autoridades competentes para las investigaciones y los tr\u00e1mites de ley correspondientes y a\u00f1adi\u00f3 que quienes act\u00faen o realicen actividades \u00abalejadas a los valores institucionales\u00bb\u00a0deber\u00e1n someterse a procesos administrativos disciplinarios de acuerdo a los reglamentos y leyes militares vigentes. En el CRS Guayas N.\u00ba 4, un militar fue detenido al intentar ingresar art\u00edculos prohibidos.\u00a0(Foto: SNAI ) LA FUGA DE ALIAS FEDE Hace unas semanas,\u00a0diecinueve militares fueron procesados\u00a0por su presunta participaci\u00f3n en la fuga del narcotraficante Rolando Federico G\u00f3mez Quinde (&#8216;Fede&#8217;), l\u00edder de la banda Los \u00c1guilas, quien sali\u00f3 de la Penitenciar\u00eda del Litoral, la prisi\u00f3n m\u00e1s grande y peligrosa del pa\u00eds, con la aparente ayuda de miembros de las fuerzas de seguridad. Las c\u00e1rceles son parte de la crisis de violencia que conllev\u00f3 al pa\u00eds a situarse a la cabeza de Latinoam\u00e9rica en \u00edndice de homicidios, lo que llev\u00f3 al presidente Daniel Noboa a ordenar su militarizaci\u00f3n desde inicios de 2024 cuando declar\u00f3 la\u00a0\u00abguerra\u00bb a las bandas del crimen organizado y las catalog\u00f3 como \u00abgrupos terroristas\u00bb. Hasta ese momento las bandas criminales controlaban las principales c\u00e1rceles del pa\u00eds, donde desde 2021 han sido asesinados m\u00e1s de 500 reclusos, la mayor\u00eda de ellos en una serie de masacres por enfrentamientos entre distintas estructuras criminales. Fuente: Vistazo<\/p>\n","protected":false},"author":1,"featured_media":24735,"comment_status":"open","ping_status":"open","sticky":false,"template":"","format":"standard","meta":{"footnotes":""},"categories":[268],"tags":[],"class_list":["post-24734","post","type-post","status-publish","format-standard","has-post-thumbnail","hentry","category-nacionales"],"_links":{"self":[{"href":"https:\/\/www.elamazonico.com\/portal\/wp-json\/wp\/v2\/posts\/24734","targetHints":{"allow":["GET"]}}],"collection":[{"href":"https:\/\/www.elamazonico.com\/portal\/wp-json\/wp\/v2\/posts"}],"about":[{"href":"https:\/\/www.elamazonico.com\/portal\/wp-json\/wp\/v2\/types\/post"}],"author":[{"embeddable":true,"href":"https:\/\/www.elamazonico.com\/portal\/wp-json\/wp\/v2\/users\/1"}],"replies":[{"embeddable":true,"href":"https:\/\/www.elamazonico.com\/portal\/wp-json\/wp\/v2\/comments?post=24734"}],"version-history":[{"count":1,"href":"https:\/\/www.elamazonico.com\/portal\/wp-json\/wp\/v2\/posts\/24734\/revisions"}],"predecessor-version":[{"id":24736,"href":"https:\/\/www.elamazonico.com\/portal\/wp-json\/wp\/v2\/posts\/24734\/revisions\/24736"}],"wp:featuredmedia":[{"embeddable":true,"href":"https:\/\/www.elamazonico.com\/portal\/wp-json\/wp\/v2\/media\/24735"}],"wp:attachment":[{"href":"https:\/\/www.elamazonico.com\/portal\/wp-json\/wp\/v2\/media?parent=24734"}],"wp:term":[{"taxonomy":"category","embeddable":true,"href":"https:\/\/www.elamazonico.com\/portal\/wp-json\/wp\/v2\/categories?post=24734"},{"taxonomy":"post_tag","embeddable":true,"href":"https:\/\/www.elamazonico.com\/portal\/wp-json\/wp\/v2\/tags?post=24734"}],"curies":[{"name":"wp","href":"https:\/\/api.w.org\/{rel}","templated":true}]}}